{"id":112,"date":"2017-03-23T15:06:21","date_gmt":"2017-03-23T14:06:21","guid":{"rendered":"http:\/\/www.sans-avion.net\/tdm\/?p=112"},"modified":"2017-03-23T15:06:21","modified_gmt":"2017-03-23T14:06:21","slug":"le-crous-nous-aide-a-rencontrer-linternational","status":"publish","type":"post","link":"https:\/\/www.sans-avion.net\/tdm\/le-crous-nous-aide-a-rencontrer-linternational\/","title":{"rendered":"Le CROUS nous aide \u00e0 rencontrer l&rsquo;international !"},"content":{"rendered":"<p>Pour mieux pr\u00e9parer notre projet, nous avons \u00e9t\u00e9 invit\u00e9s par le CROUS de Besan\u00e7on \u00e0 rencontrer plusieurs \u00e9tudiants internationaux, pour \u00e9changer avec eux sur leurs pays. Merci beaucoup \u00e0 Samira et \u00e0 toute l&rsquo;\u00e9quipe pour leur accueil, gr\u00e2ce \u00e0 vous nous avons pu faire de bons contacts !<\/p>\n<p>Les photos de la rencontre :<\/p>\n<p><a href=\"https:\/\/www.facebook.com\/relintcrousbesancon\/?fref=ts\"><img loading=\"lazy\" decoding=\"async\" class=\"size-full wp-image-111 alignleft\" src=\"http:\/\/www.sans-avion.net\/tdm\/wp-content\/uploads\/2017\/03\/Crous.png\" alt=\"\" width=\"127\" height=\"127\" \/><\/a><\/p>\n","protected":false},"excerpt":{"rendered":"<p>Pour mieux pr\u00e9parer notre projet, nous avons \u00e9t\u00e9 invit\u00e9s par le CROUS de Besan\u00e7on \u00e0 rencontrer plusieurs \u00e9tudiants internationaux, pour \u00e9changer avec eux sur leurs pays. Merci beaucoup \u00e0 Samira et \u00e0 toute l&rsquo;\u00e9quipe pour leur accueil, gr\u00e2ce \u00e0 vous nous avons pu faire de bons contacts ! Les photos de la rencontre :<\/p>\n","protected":false},"author":1,"featured_media":0,"comment_status":"open","ping_status":"open","sticky":false,"template":"","format":"standard","meta":{"ngg_post_thumbnail":0,"footnotes":""},"categories":[3],"tags":[],"class_list":["post-112","post","type-post","status-publish","format-standard","hentry","category-preparation"],"_links":{"self":[{"href":"https:\/\/www.sans-avion.net\/tdm\/wp-json\/wp\/v2\/posts\/112","targetHints":{"allow":["GET"]}}],"collection":[{"href":"https:\/\/www.sans-avion.net\/tdm\/wp-json\/wp\/v2\/posts"}],"about":[{"href":"https:\/\/www.sans-avion.net\/tdm\/wp-json\/wp\/v2\/types\/post"}],"author":[{"embeddable":true,"href":"https:\/\/www.sans-avion.net\/tdm\/wp-json\/wp\/v2\/users\/1"}],"replies":[{"embeddable":true,"href":"https:\/\/www.sans-avion.net\/tdm\/wp-json\/wp\/v2\/comments?post=112"}],"version-history":[{"count":1,"href":"https:\/\/www.sans-avion.net\/tdm\/wp-json\/wp\/v2\/posts\/112\/revisions"}],"predecessor-version":[{"id":113,"href":"https:\/\/www.sans-avion.net\/tdm\/wp-json\/wp\/v2\/posts\/112\/revisions\/113"}],"wp:attachment":[{"href":"https:\/\/www.sans-avion.net\/tdm\/wp-json\/wp\/v2\/media?parent=112"}],"wp:term":[{"taxonomy":"category","embeddable":true,"href":"https:\/\/www.sans-avion.net\/tdm\/wp-json\/wp\/v2\/categories?post=112"},{"taxonomy":"post_tag","embeddable":true,"href":"https:\/\/www.sans-avion.net\/tdm\/wp-json\/wp\/v2\/tags?post=112"}],"curies":[{"name":"wp","href":"https:\/\/api.w.org\/{rel}","templated":true}]}}