{"id":1262,"date":"2017-09-20T20:34:29","date_gmt":"2017-09-20T18:34:29","guid":{"rendered":"http:\/\/www.sans-avion.net\/tdm\/?p=1262"},"modified":"2017-09-19T17:41:23","modified_gmt":"2017-09-19T15:41:23","slug":"ecole-buissonniere","status":"publish","type":"post","link":"https:\/\/www.sans-avion.net\/tdm\/ecole-buissonniere\/","title":{"rendered":"\u00c9cole buissonni\u00e8re"},"content":{"rendered":"<p>Comment faire l&rsquo;\u00e9cole buissonni\u00e8re quand il n&rsquo;y a pas de buissons ? On s&rsquo;assoit dans l&rsquo;herbe et on bosse ! Eh oui, vous ne r\u00eavez pas, le cadre est g\u00e9nial mais les filles ont cours quand m\u00eame. Aujourd&rsquo;hui, fran\u00e7ais et maths.<\/p>\n<figure id=\"attachment_1263\" aria-describedby=\"caption-attachment-1263\" style=\"width: 640px\" class=\"wp-caption aligncenter\"><a href=\"http:\/\/www.sans-avion.net\/tdm\/wp-content\/uploads\/2017\/09\/P1040242.jpg\"><img loading=\"lazy\" decoding=\"async\" class=\"size-large wp-image-1263\" src=\"http:\/\/www.sans-avion.net\/tdm\/wp-content\/uploads\/2017\/09\/P1040242-1024x768.jpg\" alt=\"Ecole de la steppe. Audrey r\u00e9cite sa conjugaison...\" width=\"640\" height=\"480\" srcset=\"https:\/\/www.sans-avion.net\/tdm\/wp-content\/uploads\/2017\/09\/P1040242-1024x768.jpg 1024w, https:\/\/www.sans-avion.net\/tdm\/wp-content\/uploads\/2017\/09\/P1040242-300x225.jpg 300w, https:\/\/www.sans-avion.net\/tdm\/wp-content\/uploads\/2017\/09\/P1040242-768x576.jpg 768w, https:\/\/www.sans-avion.net\/tdm\/wp-content\/uploads\/2017\/09\/P1040242-360x270.jpg 360w\" sizes=\"auto, (max-width: 640px) 100vw, 640px\" \/><\/a><figcaption id=\"caption-attachment-1263\" class=\"wp-caption-text\">Ecole de la steppe. Audrey r\u00e9cite sa conjugaison&#8230;<\/figcaption><\/figure>\n","protected":false},"excerpt":{"rendered":"<p>Comment faire l&rsquo;\u00e9cole buissonni\u00e8re quand il n&rsquo;y a pas de buissons ? On s&rsquo;assoit dans l&rsquo;herbe et on bosse ! Eh oui, vous ne r\u00eavez pas, le cadre est g\u00e9nial mais les filles ont cours quand m\u00eame. Aujourd&rsquo;hui, fran\u00e7ais et maths.<\/p>\n","protected":false},"author":1,"featured_media":0,"comment_status":"open","ping_status":"open","sticky":false,"template":"","format":"image","meta":{"ngg_post_thumbnail":0,"footnotes":""},"categories":[2,16],"tags":[167],"class_list":["post-1262","post","type-post","status-publish","format-image","hentry","category-actu-et-infos","category-mongolie","tag-ecole","post_format-post-format-image"],"_links":{"self":[{"href":"https:\/\/www.sans-avion.net\/tdm\/wp-json\/wp\/v2\/posts\/1262","targetHints":{"allow":["GET"]}}],"collection":[{"href":"https:\/\/www.sans-avion.net\/tdm\/wp-json\/wp\/v2\/posts"}],"about":[{"href":"https:\/\/www.sans-avion.net\/tdm\/wp-json\/wp\/v2\/types\/post"}],"author":[{"embeddable":true,"href":"https:\/\/www.sans-avion.net\/tdm\/wp-json\/wp\/v2\/users\/1"}],"replies":[{"embeddable":true,"href":"https:\/\/www.sans-avion.net\/tdm\/wp-json\/wp\/v2\/comments?post=1262"}],"version-history":[{"count":1,"href":"https:\/\/www.sans-avion.net\/tdm\/wp-json\/wp\/v2\/posts\/1262\/revisions"}],"predecessor-version":[{"id":1264,"href":"https:\/\/www.sans-avion.net\/tdm\/wp-json\/wp\/v2\/posts\/1262\/revisions\/1264"}],"wp:attachment":[{"href":"https:\/\/www.sans-avion.net\/tdm\/wp-json\/wp\/v2\/media?parent=1262"}],"wp:term":[{"taxonomy":"category","embeddable":true,"href":"https:\/\/www.sans-avion.net\/tdm\/wp-json\/wp\/v2\/categories?post=1262"},{"taxonomy":"post_tag","embeddable":true,"href":"https:\/\/www.sans-avion.net\/tdm\/wp-json\/wp\/v2\/tags?post=1262"}],"curies":[{"name":"wp","href":"https:\/\/api.w.org\/{rel}","templated":true}]}}