{"id":1426,"date":"2017-10-12T07:07:22","date_gmt":"2017-10-12T05:07:22","guid":{"rendered":"http:\/\/www.sans-avion.net\/tdm\/?p=1426"},"modified":"2017-10-10T16:19:21","modified_gmt":"2017-10-10T14:19:21","slug":"la-perle-de-laltai","status":"publish","type":"post","link":"https:\/\/www.sans-avion.net\/tdm\/la-perle-de-laltai\/","title":{"rendered":"La perle de l&rsquo;Alta\u00ef"},"content":{"rendered":"<figure id=\"attachment_1427\" aria-describedby=\"caption-attachment-1427\" style=\"width: 300px\" class=\"wp-caption alignleft\"><a href=\"http:\/\/www.sans-avion.net\/tdm\/wp-content\/uploads\/2017\/10\/P1040809.jpg\"><img loading=\"lazy\" decoding=\"async\" class=\"size-medium wp-image-1427\" src=\"http:\/\/www.sans-avion.net\/tdm\/wp-content\/uploads\/2017\/10\/P1040809-300x225.jpg\" alt=\"poste de p\u00e9age en Mongolie\" width=\"300\" height=\"225\" srcset=\"https:\/\/www.sans-avion.net\/tdm\/wp-content\/uploads\/2017\/10\/P1040809-300x225.jpg 300w, https:\/\/www.sans-avion.net\/tdm\/wp-content\/uploads\/2017\/10\/P1040809-768x576.jpg 768w, https:\/\/www.sans-avion.net\/tdm\/wp-content\/uploads\/2017\/10\/P1040809-1024x768.jpg 1024w, https:\/\/www.sans-avion.net\/tdm\/wp-content\/uploads\/2017\/10\/P1040809-360x270.jpg 360w\" sizes=\"auto, (max-width: 300px) 100vw, 300px\" \/><\/a><figcaption id=\"caption-attachment-1427\" class=\"wp-caption-text\">poste de p\u00e9age en Mongolie<\/figcaption><\/figure>\n<p>Il y a tellement de monde sur les routes bond\u00e9es de Mongolie que le poste de p\u00e9age consiste en une simple guitoune unique, au milieu de la route, avec deux barri\u00e8res, une dans chaque sens, et une personne dans la guitoune pour encaisser les 1000 \u20ae du voyageur. Comme \u00e7a repr\u00e9sente \u00e0 peine 0.40\u20ac en comptant large et en incluant les commissions de change (qu&rsquo;on ne paye pas, <a href=\"http:\/\/www.sans-avion.net\/tdm\/nous-continuons-nos-tests-sur-les-banques\/\">pour m\u00e9moire<\/a>), m\u00eame le nomade tricheur n&rsquo;ira pas en passant par la steppe, ce qu&rsquo;il pourrait faire bien facilement.<\/p>\n<figure id=\"attachment_1433\" aria-describedby=\"caption-attachment-1433\" style=\"width: 300px\" class=\"wp-caption alignright\"><a href=\"http:\/\/www.sans-avion.net\/tdm\/wp-content\/uploads\/2017\/10\/P1040813.jpg\"><img loading=\"lazy\" decoding=\"async\" class=\"size-medium wp-image-1433\" src=\"http:\/\/www.sans-avion.net\/tdm\/wp-content\/uploads\/2017\/10\/P1040813-300x225.jpg\" alt=\"la piste approche de la montagne\" width=\"300\" height=\"225\" srcset=\"https:\/\/www.sans-avion.net\/tdm\/wp-content\/uploads\/2017\/10\/P1040813-300x225.jpg 300w, https:\/\/www.sans-avion.net\/tdm\/wp-content\/uploads\/2017\/10\/P1040813-768x576.jpg 768w, https:\/\/www.sans-avion.net\/tdm\/wp-content\/uploads\/2017\/10\/P1040813-1024x768.jpg 1024w, https:\/\/www.sans-avion.net\/tdm\/wp-content\/uploads\/2017\/10\/P1040813-360x270.jpg 360w\" sizes=\"auto, (max-width: 300px) 100vw, 300px\" \/><\/a><figcaption id=\"caption-attachment-1433\" class=\"wp-caption-text\">la piste approche de la montagne<\/figcaption><\/figure>\n<p>Et nous continuons donc maintenant, quittant \u00e0 nouveau la ville d&rsquo;Ulaangom, pour nous diriger vers les montagnes de l&rsquo;Alta\u00ef. Notre chauffeur Iggy a dit qu&rsquo;il connaissait un petit endroit assez chouette, et du coup on lui a dit \u00ab\u00a0on y va\u00a0\u00bb. La description s&rsquo;arr\u00eatant l\u00e0, on va bien voir ce qu&rsquo;on va trouver \u00e0 destination ! On suppose n\u00e9anmoins qu&rsquo;il y aura quelques jolies montagnes ou de l&rsquo;eau, c&rsquo;est souvent \u00e7a qui est per\u00e7u comme joli par les nomades (et par nous aussi).<\/p>\n<p>Tr\u00e8s rapidement, la route fait place \u00e0 une piste. La piste file tout droit vers la montagne, on croit deviner une sorte de col, on dirait qu&rsquo;on va monter l\u00e0-haut. Comme on part de 750 m d&rsquo;altitude, on se doute que \u00e7a sera haut. La piste est assez bien d\u00e9finie, on sent bien qu&rsquo;il y a pas mal de v\u00e9hicules qui passent ici &#8212; enfin quand je dis pas mal, \u00e7a veut dire un ou deux par jour, comprenons-nous bien. Il y a m\u00eame des panneaux de signalisation parfois !<\/p>\n<figure id=\"attachment_1435\" aria-describedby=\"caption-attachment-1435\" style=\"width: 300px\" class=\"wp-caption alignleft\"><a href=\"http:\/\/www.sans-avion.net\/tdm\/wp-content\/uploads\/2017\/10\/P1040821.jpg\"><img loading=\"lazy\" decoding=\"async\" class=\"size-medium wp-image-1435\" src=\"http:\/\/www.sans-avion.net\/tdm\/wp-content\/uploads\/2017\/10\/P1040821-300x225.jpg\" alt=\"sur la piste du col\" width=\"300\" height=\"225\" srcset=\"https:\/\/www.sans-avion.net\/tdm\/wp-content\/uploads\/2017\/10\/P1040821-300x225.jpg 300w, https:\/\/www.sans-avion.net\/tdm\/wp-content\/uploads\/2017\/10\/P1040821-768x576.jpg 768w, https:\/\/www.sans-avion.net\/tdm\/wp-content\/uploads\/2017\/10\/P1040821-1024x768.jpg 1024w, https:\/\/www.sans-avion.net\/tdm\/wp-content\/uploads\/2017\/10\/P1040821-360x270.jpg 360w\" sizes=\"auto, (max-width: 300px) 100vw, 300px\" \/><\/a><figcaption id=\"caption-attachment-1435\" class=\"wp-caption-text\">sur la piste du col<\/figcaption><\/figure>\n<p>Je repense \u00e0 la yourte o\u00f9 nous venons de passer la nuit. Au petit matin, un \u00ab\u00a0voisin\u00a0\u00bb est pass\u00e9 nous voir (c&rsquo;est rare les touristes ici, surtout des occidentaux !) et donc on a d\u00e9couvert qu&rsquo;il parlait un peu russe, moi aussi, ce fut finalement la seule langue commune des deux et donc on a discut\u00e9 un peu. P\u00e9niblement car lui et moi n&rsquo;avons pas un bon niveau, mais avec un peu de motivation et un carnet \u00e0 dessins, on peut facilement dire bien des choses. C&rsquo;est un bon exemple de ces rencontres r\u00e9elles, ce qu&rsquo;on cherche dans ce voyage. Ces quelques minutes \u00e0 discuter avec une personne que, probablement, je ne reverrai jamais, ont apport\u00e9 n\u00e9anmoins en nous un grand souvenir, et une exp\u00e9rience vraiment plaisante. Je vous souhaite \u00e0 tous de vivre ce genre de moments inoubliables.<\/p>\n<figure id=\"attachment_1436\" aria-describedby=\"caption-attachment-1436\" style=\"width: 300px\" class=\"wp-caption alignright\"><a href=\"http:\/\/www.sans-avion.net\/tdm\/wp-content\/uploads\/2017\/10\/P1040822.jpg\"><img loading=\"lazy\" decoding=\"async\" class=\"size-medium wp-image-1436\" src=\"http:\/\/www.sans-avion.net\/tdm\/wp-content\/uploads\/2017\/10\/P1040822-300x225.jpg\" alt=\"attention !\" width=\"300\" height=\"225\" srcset=\"https:\/\/www.sans-avion.net\/tdm\/wp-content\/uploads\/2017\/10\/P1040822-300x225.jpg 300w, https:\/\/www.sans-avion.net\/tdm\/wp-content\/uploads\/2017\/10\/P1040822-768x576.jpg 768w, https:\/\/www.sans-avion.net\/tdm\/wp-content\/uploads\/2017\/10\/P1040822-1024x768.jpg 1024w, https:\/\/www.sans-avion.net\/tdm\/wp-content\/uploads\/2017\/10\/P1040822-360x270.jpg 360w\" sizes=\"auto, (max-width: 300px) 100vw, 300px\" \/><\/a><figcaption id=\"caption-attachment-1436\" class=\"wp-caption-text\">attention !<\/figcaption><\/figure>\n<p>Et au d\u00e9tour de ces belles pens\u00e9es, la route continue de monter. Iggy passe la seconde, puis la premi\u00e8re. Le moteur de l&rsquo;UAZ mouline \u00e0 fond, pour qu&rsquo;on avance \u00e0 quelques kilom\u00e8tres heure, mais \u00e7a grime vraiment et je ne pense pas qu&rsquo;ait \u00e9t\u00e9 pr\u00e9vu sur ces moteurs un r\u00e9glage de la richesse air\/essence, donc plus on monte et plus le moteur est poussif. On passe les 2400 m d&rsquo;altitude et \u00e7a monte encore. La temp\u00e9rature reste caniculaire. Les arbres ont d\u00e9sert\u00e9 le paysage. Le col n&rsquo;est plus tr\u00e8s loin maintenant. On arrive au sommet et tout \u00e0 coup Iggy repasse la 3e, le v\u00e9hicule fonce maintenant vers une vall\u00e9e, on roule \u00e0 pleine vitesse au travers des alpages. Enfin, \u00e7a ressemble \u00e0 des alpages, car les Alpes sont loin. On aper\u00e7oit un troupeau sur la droite : quelques centaines de t\u00eates au bas mot, toujours ce mix subtil moutons\/ch\u00e8vres qu&rsquo;affectionnent les nomades.<\/p>\n<figure id=\"attachment_1445\" aria-describedby=\"caption-attachment-1445\" style=\"width: 640px\" class=\"wp-caption aligncenter\"><a href=\"http:\/\/www.sans-avion.net\/tdm\/wp-content\/uploads\/2017\/10\/P1040826.jpg\"><img loading=\"lazy\" decoding=\"async\" class=\"size-large wp-image-1445\" src=\"http:\/\/www.sans-avion.net\/tdm\/wp-content\/uploads\/2017\/10\/P1040826-1024x240.jpg\" alt=\"Panorama dans l'alpage\" width=\"640\" height=\"150\" srcset=\"https:\/\/www.sans-avion.net\/tdm\/wp-content\/uploads\/2017\/10\/P1040826-1024x240.jpg 1024w, https:\/\/www.sans-avion.net\/tdm\/wp-content\/uploads\/2017\/10\/P1040826-300x70.jpg 300w, https:\/\/www.sans-avion.net\/tdm\/wp-content\/uploads\/2017\/10\/P1040826-768x180.jpg 768w, https:\/\/www.sans-avion.net\/tdm\/wp-content\/uploads\/2017\/10\/P1040826-604x142.jpg 604w\" sizes=\"auto, (max-width: 640px) 100vw, 640px\" \/><\/a><figcaption id=\"caption-attachment-1445\" class=\"wp-caption-text\">Panorama dans l&rsquo;alpage<\/figcaption><\/figure>\n<p>Et puis, tout \u00e0 coup, brillant comme une perle dans son \u00e9crin : le plus beau lac de Mongolie s&rsquo;offre \u00e0 notre vue. Coinc\u00e9 entre des montagnes bien plus hautes encore, surveill\u00e9 par des sommets enneig\u00e9s, arros\u00e9 de quelques petits torrents fac\u00e9tieux, et accueillant \u00e0 peine une triplette de yourtes, son panorama a de quoi faire r\u00eaver tout aventurier d\u00e9couvreur. Et nous tombons imm\u00e9diatement sous le charme. Du coup, on d\u00e9cide de rester deux nuits au lieu d&rsquo;une. Hop. Et on s&rsquo;aventure vers le rivage, pour demander aux nomades s&rsquo;ils auraient un peu de place pour nous.<\/p>\n<figure id=\"attachment_1442\" aria-describedby=\"caption-attachment-1442\" style=\"width: 640px\" class=\"wp-caption aligncenter\"><a href=\"http:\/\/www.sans-avion.net\/tdm\/wp-content\/uploads\/2017\/10\/P1040834.jpg\"><img loading=\"lazy\" decoding=\"async\" class=\"size-large wp-image-1442\" src=\"http:\/\/www.sans-avion.net\/tdm\/wp-content\/uploads\/2017\/10\/P1040834-1024x768.jpg\" alt=\"la perle de Mongolie\" width=\"640\" height=\"480\" srcset=\"https:\/\/www.sans-avion.net\/tdm\/wp-content\/uploads\/2017\/10\/P1040834-1024x768.jpg 1024w, https:\/\/www.sans-avion.net\/tdm\/wp-content\/uploads\/2017\/10\/P1040834-300x225.jpg 300w, https:\/\/www.sans-avion.net\/tdm\/wp-content\/uploads\/2017\/10\/P1040834-768x576.jpg 768w, https:\/\/www.sans-avion.net\/tdm\/wp-content\/uploads\/2017\/10\/P1040834-360x270.jpg 360w\" sizes=\"auto, (max-width: 640px) 100vw, 640px\" \/><\/a><figcaption id=\"caption-attachment-1442\" class=\"wp-caption-text\">la perle de Mongolie : un petit lac inconnu du public mais absolument magnifique<\/figcaption><\/figure>\n<figure id=\"attachment_1443\" aria-describedby=\"caption-attachment-1443\" style=\"width: 300px\" class=\"wp-caption alignright\"><a href=\"http:\/\/www.sans-avion.net\/tdm\/wp-content\/uploads\/2017\/10\/P1040835.jpg\"><img loading=\"lazy\" decoding=\"async\" class=\"size-medium wp-image-1443\" src=\"http:\/\/www.sans-avion.net\/tdm\/wp-content\/uploads\/2017\/10\/P1040835-300x225.jpg\" alt=\"en route vers le lac\" width=\"300\" height=\"225\" srcset=\"https:\/\/www.sans-avion.net\/tdm\/wp-content\/uploads\/2017\/10\/P1040835-300x225.jpg 300w, https:\/\/www.sans-avion.net\/tdm\/wp-content\/uploads\/2017\/10\/P1040835-768x576.jpg 768w, https:\/\/www.sans-avion.net\/tdm\/wp-content\/uploads\/2017\/10\/P1040835-1024x768.jpg 1024w, https:\/\/www.sans-avion.net\/tdm\/wp-content\/uploads\/2017\/10\/P1040835-360x270.jpg 360w\" sizes=\"auto, (max-width: 300px) 100vw, 300px\" \/><\/a><figcaption id=\"caption-attachment-1443\" class=\"wp-caption-text\">en route vers le lac<\/figcaption><\/figure>\n<p>Mais il nous reste encore un peu de piste jusque-l\u00e0. Le lac n&rsquo;est pas si petit que \u00e7a, il doit bien faire 5 de long et 2 ou 3 de large. Ou pas ? Aucune id\u00e9e, je n&rsquo;ai pas mesur\u00e9 \ud83d\ude42 mais si vous voulez y aller, envoyez-moi un message et je vous donnerai le nom et les coordonn\u00e9es GPS de ce lac exceptionnel. En plus, il n&rsquo;est pas sal\u00e9, on va donc se r\u00e9galer ! Nous arrivons \u00e0 hauteur des yourtes. Iggy coupe le moteur et nous nous approchons. Une femme en sort, et nous ouvre les bras sans h\u00e9siter ! Nous sommes les bienvenus, et deux des trois yourtes seront pour nous. Son mari, est est garde du parc naturel o\u00f9 se niche le lac, est en patrouille pour quelques jours et surveille pour trouver d&rsquo;\u00e9ventuels braconniers.<\/p>\n<figure id=\"attachment_1446\" aria-describedby=\"caption-attachment-1446\" style=\"width: 300px\" class=\"wp-caption alignleft\"><a href=\"http:\/\/www.sans-avion.net\/tdm\/wp-content\/uploads\/2017\/10\/P1040839.jpg\"><img loading=\"lazy\" decoding=\"async\" class=\"size-medium wp-image-1446\" src=\"http:\/\/www.sans-avion.net\/tdm\/wp-content\/uploads\/2017\/10\/P1040839-300x225.jpg\" alt=\"les yourtes nous accueillent\" width=\"300\" height=\"225\" srcset=\"https:\/\/www.sans-avion.net\/tdm\/wp-content\/uploads\/2017\/10\/P1040839-300x225.jpg 300w, https:\/\/www.sans-avion.net\/tdm\/wp-content\/uploads\/2017\/10\/P1040839-768x576.jpg 768w, https:\/\/www.sans-avion.net\/tdm\/wp-content\/uploads\/2017\/10\/P1040839-1024x768.jpg 1024w, https:\/\/www.sans-avion.net\/tdm\/wp-content\/uploads\/2017\/10\/P1040839-360x270.jpg 360w\" sizes=\"auto, (max-width: 300px) 100vw, 300px\" \/><\/a><figcaption id=\"caption-attachment-1446\" class=\"wp-caption-text\">les yourtes nous accueillent<\/figcaption><\/figure>\n<p>Devant les yourtes, un torrent. A c\u00f4t\u00e9 du torrent, un kido marche seul, ici on laisse les jeunes \u00eatre autonomes tr\u00e8s vite. Le rituel habituel a lieu : on nous sert du beurre, des beignets maison, des bonbons, du lait au th\u00e9 (ou th\u00e9 au lait, on ne s&rsquo;est jamais d\u00e9cid\u00e9 \u00e0 trancher). Alors, comme disait la greluche de la pub : je crois que je vais me plaire ici ! Du coup, on se r\u00e9partit dans les yourtes, on prend nos quartiers. Chrystel pr\u00e9pare une exp\u00e9dition lessive, Audrey pr\u00e9pare une exp\u00e9dition baignade. On est fins pr\u00eats.<\/p>\n<figure id=\"attachment_1447\" aria-describedby=\"caption-attachment-1447\" style=\"width: 300px\" class=\"wp-caption alignleft\"><a href=\"http:\/\/www.sans-avion.net\/tdm\/wp-content\/uploads\/2017\/10\/P1040857.jpg\"><img loading=\"lazy\" decoding=\"async\" class=\"size-medium wp-image-1447\" src=\"http:\/\/www.sans-avion.net\/tdm\/wp-content\/uploads\/2017\/10\/P1040857-300x225.jpg\" alt=\"Kido en Mongolie\" width=\"300\" height=\"225\" srcset=\"https:\/\/www.sans-avion.net\/tdm\/wp-content\/uploads\/2017\/10\/P1040857-300x225.jpg 300w, https:\/\/www.sans-avion.net\/tdm\/wp-content\/uploads\/2017\/10\/P1040857-768x576.jpg 768w, https:\/\/www.sans-avion.net\/tdm\/wp-content\/uploads\/2017\/10\/P1040857-1024x768.jpg 1024w, https:\/\/www.sans-avion.net\/tdm\/wp-content\/uploads\/2017\/10\/P1040857-360x270.jpg 360w\" sizes=\"auto, (max-width: 300px) 100vw, 300px\" \/><\/a><figcaption id=\"caption-attachment-1447\" class=\"wp-caption-text\">Kido en Mongolie<\/figcaption><\/figure>\n<figure id=\"attachment_1450\" aria-describedby=\"caption-attachment-1450\" style=\"width: 300px\" class=\"wp-caption alignleft\"><a href=\"http:\/\/www.sans-avion.net\/tdm\/wp-content\/uploads\/2017\/10\/P1040840.jpg\"><img loading=\"lazy\" decoding=\"async\" class=\"size-medium wp-image-1450\" src=\"http:\/\/www.sans-avion.net\/tdm\/wp-content\/uploads\/2017\/10\/P1040840-300x225.jpg\" alt=\"dans la yourte, accueil mongol\" width=\"300\" height=\"225\" srcset=\"https:\/\/www.sans-avion.net\/tdm\/wp-content\/uploads\/2017\/10\/P1040840-300x225.jpg 300w, https:\/\/www.sans-avion.net\/tdm\/wp-content\/uploads\/2017\/10\/P1040840-768x576.jpg 768w, https:\/\/www.sans-avion.net\/tdm\/wp-content\/uploads\/2017\/10\/P1040840-1024x768.jpg 1024w, https:\/\/www.sans-avion.net\/tdm\/wp-content\/uploads\/2017\/10\/P1040840-360x270.jpg 360w\" sizes=\"auto, (max-width: 300px) 100vw, 300px\" \/><\/a><figcaption id=\"caption-attachment-1450\" class=\"wp-caption-text\">dans la yourte, accueil mongol<\/figcaption><\/figure>\n<p>Profitons de cette belle vue. Soyons d\u00e9sinvoltes. N&rsquo;ayons l&rsquo;air de rien. (la lala la la&#8230;.)<\/p>\n<figure id=\"attachment_1452\" aria-describedby=\"caption-attachment-1452\" style=\"width: 640px\" class=\"wp-caption aligncenter\"><a href=\"http:\/\/www.sans-avion.net\/tdm\/wp-content\/uploads\/2017\/10\/P1040843.jpg\"><img loading=\"lazy\" decoding=\"async\" class=\"size-large wp-image-1452\" src=\"http:\/\/www.sans-avion.net\/tdm\/wp-content\/uploads\/2017\/10\/P1040843-1024x768.jpg\" alt=\"la perle de l'Alta\u00ef\" width=\"640\" height=\"480\" srcset=\"https:\/\/www.sans-avion.net\/tdm\/wp-content\/uploads\/2017\/10\/P1040843-1024x768.jpg 1024w, https:\/\/www.sans-avion.net\/tdm\/wp-content\/uploads\/2017\/10\/P1040843-300x225.jpg 300w, https:\/\/www.sans-avion.net\/tdm\/wp-content\/uploads\/2017\/10\/P1040843-768x576.jpg 768w, https:\/\/www.sans-avion.net\/tdm\/wp-content\/uploads\/2017\/10\/P1040843-360x270.jpg 360w\" sizes=\"auto, (max-width: 640px) 100vw, 640px\" \/><\/a><figcaption id=\"caption-attachment-1452\" class=\"wp-caption-text\">la perle de l&rsquo;Alta\u00ef<\/figcaption><\/figure>\n<p>&nbsp;<\/p>\n<p>&nbsp;<\/p>\n","protected":false},"excerpt":{"rendered":"<p>Il y a tellement de monde sur les routes bond\u00e9es de Mongolie que le poste de p\u00e9age consiste en une simple guitoune unique, au milieu de la route, avec deux barri\u00e8res, une dans chaque sens, et une personne dans la guitoune pour encaisser les 1000 \u20ae du voyageur. Comme \u00e7a repr\u00e9sente \u00e0 peine 0.40\u20ac en comptant large et en incluant les commissions de change (qu&rsquo;on ne paye pas, pour m\u00e9moire), m\u00eame le nomade tricheur n&rsquo;ira pas en passant par la&#8230;<\/p>\n<p class=\"read-more\"><a class=\"btn btn-default\" href=\"https:\/\/www.sans-avion.net\/tdm\/la-perle-de-laltai\/\">Lire la suite<span class=\"screen-reader-text\"> Lire la suite<\/span><\/a><\/p>\n","protected":false},"author":1,"featured_media":1447,"comment_status":"open","ping_status":"open","sticky":false,"template":"","format":"standard","meta":{"ngg_post_thumbnail":0,"footnotes":""},"categories":[2,114,16],"tags":[212,213,211,210],"class_list":["post-1426","post","type-post","status-publish","format-standard","has-post-thumbnail","hentry","category-actu-et-infos","category-aventure","category-mongolie","tag-col","tag-lac","tag-piste","tag-signalisatin-routiere"],"_links":{"self":[{"href":"https:\/\/www.sans-avion.net\/tdm\/wp-json\/wp\/v2\/posts\/1426","targetHints":{"allow":["GET"]}}],"collection":[{"href":"https:\/\/www.sans-avion.net\/tdm\/wp-json\/wp\/v2\/posts"}],"about":[{"href":"https:\/\/www.sans-avion.net\/tdm\/wp-json\/wp\/v2\/types\/post"}],"author":[{"embeddable":true,"href":"https:\/\/www.sans-avion.net\/tdm\/wp-json\/wp\/v2\/users\/1"}],"replies":[{"embeddable":true,"href":"https:\/\/www.sans-avion.net\/tdm\/wp-json\/wp\/v2\/comments?post=1426"}],"version-history":[{"count":15,"href":"https:\/\/www.sans-avion.net\/tdm\/wp-json\/wp\/v2\/posts\/1426\/revisions"}],"predecessor-version":[{"id":1454,"href":"https:\/\/www.sans-avion.net\/tdm\/wp-json\/wp\/v2\/posts\/1426\/revisions\/1454"}],"wp:featuredmedia":[{"embeddable":true,"href":"https:\/\/www.sans-avion.net\/tdm\/wp-json\/wp\/v2\/media\/1447"}],"wp:attachment":[{"href":"https:\/\/www.sans-avion.net\/tdm\/wp-json\/wp\/v2\/media?parent=1426"}],"wp:term":[{"taxonomy":"category","embeddable":true,"href":"https:\/\/www.sans-avion.net\/tdm\/wp-json\/wp\/v2\/categories?post=1426"},{"taxonomy":"post_tag","embeddable":true,"href":"https:\/\/www.sans-avion.net\/tdm\/wp-json\/wp\/v2\/tags?post=1426"}],"curies":[{"name":"wp","href":"https:\/\/api.w.org\/{rel}","templated":true}]}}