{"id":1783,"date":"2017-11-18T12:45:33","date_gmt":"2017-11-18T11:45:33","guid":{"rendered":"http:\/\/www.sans-avion.net\/tdm\/?p=1783"},"modified":"2017-11-12T10:57:12","modified_gmt":"2017-11-12T09:57:12","slug":"oiseau-pointu","status":"publish","type":"post","link":"https:\/\/www.sans-avion.net\/tdm\/oiseau-pointu\/","title":{"rendered":"Oiseau pointu"},"content":{"rendered":"<p>Pendant que nous \u00e9tions sur la route, nous voyons une plage au bord d\u2019un lac et nous d\u00e9cidons d\u2019aller la voir pour pouvoir se baigner. Malheureusement, en inconv\u00e9nient il y avait trop d\u2019algues et pas assez d\u2019eau. Mais pour satisfaire cet arr\u00eat un oiseau trop mignon avec une cr\u00eate sur la t\u00eate&nbsp;appara\u00eet&nbsp;! Ce petit animal \u00e9tait tellement mignon qu\u2019il y en avait d\u2019autres. Il y en avait des gros et des moyens. Ces petits oiseaux s\u2019appellent je ne sais pas&nbsp;: oiseau pointu&nbsp;?<\/p>\n<figure id=\"attachment_1784\" aria-describedby=\"caption-attachment-1784\" style=\"width: 300px\" class=\"wp-caption alignleft\"><a href=\"http:\/\/www.sans-avion.net\/tdm\/wp-content\/uploads\/2017\/11\/Mt-Isa-149.jpg\"><img loading=\"lazy\" decoding=\"async\" class=\"size-medium wp-image-1784\" src=\"http:\/\/www.sans-avion.net\/tdm\/wp-content\/uploads\/2017\/11\/Mt-Isa-149-300x225.jpg\" alt=\"Oiseaux au lac proche de Mt Isa \" width=\"300\" height=\"225\" srcset=\"https:\/\/www.sans-avion.net\/tdm\/wp-content\/uploads\/2017\/11\/Mt-Isa-149-300x225.jpg 300w, https:\/\/www.sans-avion.net\/tdm\/wp-content\/uploads\/2017\/11\/Mt-Isa-149-768x576.jpg 768w, https:\/\/www.sans-avion.net\/tdm\/wp-content\/uploads\/2017\/11\/Mt-Isa-149-1024x768.jpg 1024w, https:\/\/www.sans-avion.net\/tdm\/wp-content\/uploads\/2017\/11\/Mt-Isa-149-360x270.jpg 360w\" sizes=\"auto, (max-width: 300px) 100vw, 300px\" \/><\/a><figcaption id=\"caption-attachment-1784\" class=\"wp-caption-text\">Oiseaux au lac proche de Mt Isa<\/figcaption><\/figure>\n<figure id=\"attachment_1786\" aria-describedby=\"caption-attachment-1786\" style=\"width: 300px\" class=\"wp-caption alignleft\"><a href=\"http:\/\/www.sans-avion.net\/tdm\/wp-content\/uploads\/2017\/11\/Mt-Isa-193.jpg\"><img loading=\"lazy\" decoding=\"async\" class=\"size-medium wp-image-1786\" src=\"http:\/\/www.sans-avion.net\/tdm\/wp-content\/uploads\/2017\/11\/Mt-Isa-193-300x225.jpg\" alt=\"Oiseaux au lac proche de Mt Isa \" width=\"300\" height=\"225\" srcset=\"https:\/\/www.sans-avion.net\/tdm\/wp-content\/uploads\/2017\/11\/Mt-Isa-193-300x225.jpg 300w, https:\/\/www.sans-avion.net\/tdm\/wp-content\/uploads\/2017\/11\/Mt-Isa-193-768x576.jpg 768w, https:\/\/www.sans-avion.net\/tdm\/wp-content\/uploads\/2017\/11\/Mt-Isa-193-1024x768.jpg 1024w, https:\/\/www.sans-avion.net\/tdm\/wp-content\/uploads\/2017\/11\/Mt-Isa-193-360x270.jpg 360w\" sizes=\"auto, (max-width: 300px) 100vw, 300px\" \/><\/a><figcaption id=\"caption-attachment-1786\" class=\"wp-caption-text\">Oiseaux au lac proche de Mt Isa<\/figcaption><\/figure>\n<figure id=\"attachment_1787\" aria-describedby=\"caption-attachment-1787\" style=\"width: 300px\" class=\"wp-caption alignleft\"><a href=\"http:\/\/www.sans-avion.net\/tdm\/wp-content\/uploads\/2017\/11\/Mt-Isa-197.jpg\"><img loading=\"lazy\" decoding=\"async\" class=\"size-medium wp-image-1787\" src=\"http:\/\/www.sans-avion.net\/tdm\/wp-content\/uploads\/2017\/11\/Mt-Isa-197-300x225.jpg\" alt=\"Eve dessine un oiseau\" width=\"300\" height=\"225\" srcset=\"https:\/\/www.sans-avion.net\/tdm\/wp-content\/uploads\/2017\/11\/Mt-Isa-197-300x225.jpg 300w, https:\/\/www.sans-avion.net\/tdm\/wp-content\/uploads\/2017\/11\/Mt-Isa-197-768x576.jpg 768w, https:\/\/www.sans-avion.net\/tdm\/wp-content\/uploads\/2017\/11\/Mt-Isa-197-1024x768.jpg 1024w, https:\/\/www.sans-avion.net\/tdm\/wp-content\/uploads\/2017\/11\/Mt-Isa-197-360x270.jpg 360w\" sizes=\"auto, (max-width: 300px) 100vw, 300px\" \/><\/a><figcaption id=\"caption-attachment-1787\" class=\"wp-caption-text\">Eve dessine un oiseau<\/figcaption><\/figure>\n<p>On leur a donn\u00e9 du pain et d\u2019autres oiseaux sont arriv\u00e9s, des beaucoup plus gros, \u00e7a ressemblait \u00e0 des paons mais \u00e7a n\u2019en \u00e9tait pas ils avaient le cou soit bleu soit vert et ce qui faisait que \u00e7a ne soit pas des paons c\u2019est qu\u2019ils n\u2019avaient pas les plumes magnifiques derri\u00e8res eux, elles \u00e9taient plus petites et noires.<\/p>\n<figure id=\"attachment_1785\" aria-describedby=\"caption-attachment-1785\" style=\"width: 300px\" class=\"wp-caption alignleft\"><a href=\"http:\/\/www.sans-avion.net\/tdm\/wp-content\/uploads\/2017\/11\/Mt-Isa-186.jpg\"><img loading=\"lazy\" decoding=\"async\" class=\"size-medium wp-image-1785\" src=\"http:\/\/www.sans-avion.net\/tdm\/wp-content\/uploads\/2017\/11\/Mt-Isa-186-300x225.jpg\" alt=\"Oiseaux au lac proche de Mt Isa \" width=\"300\" height=\"225\" srcset=\"https:\/\/www.sans-avion.net\/tdm\/wp-content\/uploads\/2017\/11\/Mt-Isa-186-300x225.jpg 300w, https:\/\/www.sans-avion.net\/tdm\/wp-content\/uploads\/2017\/11\/Mt-Isa-186-768x576.jpg 768w, https:\/\/www.sans-avion.net\/tdm\/wp-content\/uploads\/2017\/11\/Mt-Isa-186-1024x768.jpg 1024w, https:\/\/www.sans-avion.net\/tdm\/wp-content\/uploads\/2017\/11\/Mt-Isa-186-360x270.jpg 360w\" sizes=\"auto, (max-width: 300px) 100vw, 300px\" \/><\/a><figcaption id=\"caption-attachment-1785\" class=\"wp-caption-text\">Oiseaux au lac proche de Mt Isa<\/figcaption><\/figure>\n<figure id=\"attachment_1788\" aria-describedby=\"caption-attachment-1788\" style=\"width: 300px\" class=\"wp-caption alignleft\"><a href=\"http:\/\/www.sans-avion.net\/tdm\/wp-content\/uploads\/2017\/11\/Mt-Isa-202.jpg\"><img loading=\"lazy\" decoding=\"async\" class=\"size-medium wp-image-1788\" src=\"http:\/\/www.sans-avion.net\/tdm\/wp-content\/uploads\/2017\/11\/Mt-Isa-202-300x225.jpg\" alt=\"un paon ?\" width=\"300\" height=\"225\" srcset=\"https:\/\/www.sans-avion.net\/tdm\/wp-content\/uploads\/2017\/11\/Mt-Isa-202-300x225.jpg 300w, https:\/\/www.sans-avion.net\/tdm\/wp-content\/uploads\/2017\/11\/Mt-Isa-202-768x576.jpg 768w, https:\/\/www.sans-avion.net\/tdm\/wp-content\/uploads\/2017\/11\/Mt-Isa-202-1024x768.jpg 1024w, https:\/\/www.sans-avion.net\/tdm\/wp-content\/uploads\/2017\/11\/Mt-Isa-202-360x270.jpg 360w\" sizes=\"auto, (max-width: 300px) 100vw, 300px\" \/><\/a><figcaption id=\"caption-attachment-1788\" class=\"wp-caption-text\">un paon ?<\/figcaption><\/figure>\n<figure id=\"attachment_1789\" aria-describedby=\"caption-attachment-1789\" style=\"width: 263px\" class=\"wp-caption alignleft\"><a href=\"http:\/\/www.sans-avion.net\/tdm\/wp-content\/uploads\/2017\/11\/Mt-Isa-211.jpg\"><img loading=\"lazy\" decoding=\"async\" class=\"size-medium wp-image-1789\" src=\"http:\/\/www.sans-avion.net\/tdm\/wp-content\/uploads\/2017\/11\/Mt-Isa-211-263x300.jpg\" alt=\"Oiseaux du lac par Eve\" width=\"263\" height=\"300\" srcset=\"https:\/\/www.sans-avion.net\/tdm\/wp-content\/uploads\/2017\/11\/Mt-Isa-211-263x300.jpg 263w, https:\/\/www.sans-avion.net\/tdm\/wp-content\/uploads\/2017\/11\/Mt-Isa-211-768x876.jpg 768w, https:\/\/www.sans-avion.net\/tdm\/wp-content\/uploads\/2017\/11\/Mt-Isa-211-898x1024.jpg 898w, https:\/\/www.sans-avion.net\/tdm\/wp-content\/uploads\/2017\/11\/Mt-Isa-211-237x270.jpg 237w\" sizes=\"auto, (max-width: 263px) 100vw, 263px\" \/><\/a><figcaption id=\"caption-attachment-1789\" class=\"wp-caption-text\">Oiseaux du lac par Eve<\/figcaption><\/figure>\n","protected":false},"excerpt":{"rendered":"<p>Pendant que nous \u00e9tions sur la route, nous voyons une plage au bord d\u2019un lac et nous d\u00e9cidons d\u2019aller la voir pour pouvoir se baigner. Malheureusement, en inconv\u00e9nient il y avait trop d\u2019algues et pas assez d\u2019eau. Mais pour satisfaire cet arr\u00eat un oiseau trop mignon avec une cr\u00eate sur la t\u00eate&nbsp;appara\u00eet&nbsp;! Ce petit animal \u00e9tait tellement mignon qu\u2019il y en avait d\u2019autres. Il y en avait des gros et des moyens. Ces petits oiseaux s\u2019appellent je ne sais pas&nbsp;:&#8230;<\/p>\n<p class=\"read-more\"><a class=\"btn btn-default\" href=\"https:\/\/www.sans-avion.net\/tdm\/oiseau-pointu\/\">Lire la suite<span class=\"screen-reader-text\"> Lire la suite<\/span><\/a><\/p>\n","protected":false},"author":5,"featured_media":0,"comment_status":"open","ping_status":"open","sticky":false,"template":"","format":"standard","meta":{"ngg_post_thumbnail":0,"footnotes":""},"categories":[2,30],"tags":[213,300,298,299],"class_list":["post-1783","post","type-post","status-publish","format-standard","hentry","category-actu-et-infos","category-australie","tag-lac","tag-mt-isa","tag-oiseau","tag-paon"],"_links":{"self":[{"href":"https:\/\/www.sans-avion.net\/tdm\/wp-json\/wp\/v2\/posts\/1783","targetHints":{"allow":["GET"]}}],"collection":[{"href":"https:\/\/www.sans-avion.net\/tdm\/wp-json\/wp\/v2\/posts"}],"about":[{"href":"https:\/\/www.sans-avion.net\/tdm\/wp-json\/wp\/v2\/types\/post"}],"author":[{"embeddable":true,"href":"https:\/\/www.sans-avion.net\/tdm\/wp-json\/wp\/v2\/users\/5"}],"replies":[{"embeddable":true,"href":"https:\/\/www.sans-avion.net\/tdm\/wp-json\/wp\/v2\/comments?post=1783"}],"version-history":[{"count":1,"href":"https:\/\/www.sans-avion.net\/tdm\/wp-json\/wp\/v2\/posts\/1783\/revisions"}],"predecessor-version":[{"id":1790,"href":"https:\/\/www.sans-avion.net\/tdm\/wp-json\/wp\/v2\/posts\/1783\/revisions\/1790"}],"wp:attachment":[{"href":"https:\/\/www.sans-avion.net\/tdm\/wp-json\/wp\/v2\/media?parent=1783"}],"wp:term":[{"taxonomy":"category","embeddable":true,"href":"https:\/\/www.sans-avion.net\/tdm\/wp-json\/wp\/v2\/categories?post=1783"},{"taxonomy":"post_tag","embeddable":true,"href":"https:\/\/www.sans-avion.net\/tdm\/wp-json\/wp\/v2\/tags?post=1783"}],"curies":[{"name":"wp","href":"https:\/\/api.w.org\/{rel}","templated":true}]}}