{"id":3859,"date":"2018-01-23T17:14:42","date_gmt":"2018-01-23T16:14:42","guid":{"rendered":"http:\/\/www.sans-avion.net\/tdm\/?p=3859"},"modified":"2018-01-23T13:28:16","modified_gmt":"2018-01-23T12:28:16","slug":"cette-cathedrale-nest-pas-dediee-a-la-religion","status":"publish","type":"post","link":"https:\/\/www.sans-avion.net\/tdm\/cette-cathedrale-nest-pas-dediee-a-la-religion\/","title":{"rendered":"Cette cath\u00e9drale n&rsquo;est pas d\u00e9di\u00e9e \u00e0 la religion"},"content":{"rendered":"<div class=\"mceTemp\">&nbsp;<\/div>\n<figure id=\"attachment_3873\" aria-describedby=\"caption-attachment-3873\" style=\"width: 300px\" class=\"wp-caption alignleft\"><a href=\"http:\/\/www.sans-avion.net\/tdm\/wp-content\/uploads\/P1120392-Custom.jpg\"><img loading=\"lazy\" decoding=\"async\" class=\"size-medium wp-image-3873\" src=\"http:\/\/www.sans-avion.net\/tdm\/wp-content\/uploads\/P1120392-Custom-300x225.jpg\" alt=\"\u00e7a tortille\" width=\"300\" height=\"225\" srcset=\"https:\/\/www.sans-avion.net\/tdm\/wp-content\/uploads\/P1120392-Custom-300x225.jpg 300w, https:\/\/www.sans-avion.net\/tdm\/wp-content\/uploads\/P1120392-Custom-768x576.jpg 768w, https:\/\/www.sans-avion.net\/tdm\/wp-content\/uploads\/P1120392-Custom-1024x768.jpg 1024w, https:\/\/www.sans-avion.net\/tdm\/wp-content\/uploads\/P1120392-Custom-360x270.jpg 360w\" sizes=\"auto, (max-width: 300px) 100vw, 300px\" \/><\/a><figcaption id=\"caption-attachment-3873\" class=\"wp-caption-text\">\u00e7a tortille<\/figcaption><\/figure>\n<p>Cette cath\u00e9drale n&rsquo;est pas d\u00e9di\u00e9e \u00e0 la religion, et pourtant on y va avec d\u00e9f\u00e9rence !<\/p>\n<p>Aujourd&rsquo;hui, la pluie se calme, alors nos vous emmenons avec nous jusqu&rsquo;\u00e0 la fameuse Cathedral Cave, une grotte en V avec deux entr\u00e9es donc. L\u00e0 o\u00f9 c&rsquo;est rigolo, c&rsquo;est comment \u00e7a se passe. Apr\u00e8s avoir pris une route qui tortille (comme partout dans ce pays), on entre sur un territoire Maori.<\/p>\n<h3>Territoire Maori<\/h3>\n<figure id=\"attachment_3861\" aria-describedby=\"caption-attachment-3861\" style=\"width: 349px\" class=\"wp-caption alignright\"><a href=\"http:\/\/www.sans-avion.net\/tdm\/wp-content\/uploads\/P1120399-Custom.jpg\"><img loading=\"lazy\" decoding=\"async\" class=\"wp-image-3861 \" src=\"http:\/\/www.sans-avion.net\/tdm\/wp-content\/uploads\/P1120399-Custom-300x225.jpg\" alt=\"la for\u00eat du Maori\" width=\"349\" height=\"262\" srcset=\"https:\/\/www.sans-avion.net\/tdm\/wp-content\/uploads\/P1120399-Custom-300x225.jpg 300w, https:\/\/www.sans-avion.net\/tdm\/wp-content\/uploads\/P1120399-Custom-768x576.jpg 768w, https:\/\/www.sans-avion.net\/tdm\/wp-content\/uploads\/P1120399-Custom-1024x768.jpg 1024w, https:\/\/www.sans-avion.net\/tdm\/wp-content\/uploads\/P1120399-Custom-360x270.jpg 360w\" sizes=\"auto, (max-width: 349px) 100vw, 349px\" \/><\/a><figcaption id=\"caption-attachment-3861\" class=\"wp-caption-text\">la for\u00eat du Maori<\/figcaption><\/figure>\n<p>Non, plus pr\u00e9cis\u00e9ment \u00ab\u00a0propri\u00e9t\u00e9 priv\u00e9e\u00a0\u00bb, laquelle appartient \u00e0 une personne qui se dit \u00eatre un Maori. Je ne sais pas comment on peut en \u00eatre s\u00fbr, mais bref, on prend donc cette <em>gravel road<\/em> pour acc\u00e9der au gentil parking du gentil maori, et ensuite acc\u00e9der au sentier qui&#8230;. Stop !<\/p>\n<p>Il faut payer mon gars, me dit une femme ci-pr\u00e9sente, ajoutant nonchalamment que \u00e7a fera 11$ : 5 par adulte et 1 par enfant. Ah oui, vous avez pig\u00e9, deux des ados ont pr\u00e9f\u00e9r\u00e9 ne pas y aller. Pourquoi pas&#8230; Bref, on raque gentiment, on nous donne un gentil ticket, et on marche gentiment \u00e0 la descente de ce sentier qui&#8230; Stop !<\/p>\n<p>Mais, attendez, j&rsquo;ai pay\u00e9 pour traverser un terrain maori, je veux bien. Mais o\u00f9 est le maori ? Non parce que la dame \u00e0 qui j&rsquo;ai pay\u00e9 (gentiment) \u00e9tait une v\u00e9ritable caucasienne issue sans aucun doute d&rsquo;une lointaine famille gentiment grand-bretonne ! Ah, c&rsquo;est \u00e7a l&rsquo;arnaque ? Bah fallait le dire, nous on venait pas pour le maori au d\u00e9part, mais plut\u00f4t pour prendre ce fameux sentier qui&#8230;.<\/p>\n<figure id=\"attachment_3862\" aria-describedby=\"caption-attachment-3862\" style=\"width: 640px\" class=\"wp-caption alignleft\"><a href=\"http:\/\/www.sans-avion.net\/tdm\/wp-content\/uploads\/P1120403-Custom.jpg\"><img loading=\"lazy\" decoding=\"async\" class=\"wp-image-3862 size-large\" src=\"http:\/\/www.sans-avion.net\/tdm\/wp-content\/uploads\/P1120403-Custom-1024x768.jpg\" alt=\"la brume traverse la zone et d\u00e9trempe tout\" width=\"640\" height=\"480\" srcset=\"https:\/\/www.sans-avion.net\/tdm\/wp-content\/uploads\/P1120403-Custom-1024x768.jpg 1024w, https:\/\/www.sans-avion.net\/tdm\/wp-content\/uploads\/P1120403-Custom-300x225.jpg 300w, https:\/\/www.sans-avion.net\/tdm\/wp-content\/uploads\/P1120403-Custom-768x576.jpg 768w, https:\/\/www.sans-avion.net\/tdm\/wp-content\/uploads\/P1120403-Custom-360x270.jpg 360w\" sizes=\"auto, (max-width: 640px) 100vw, 640px\" \/><\/a><figcaption id=\"caption-attachment-3862\" class=\"wp-caption-text\">la brume traverse la zone et d\u00e9trempe tout<\/figcaption><\/figure>\n<h3>Le sentier qui&#8230;<\/h3>\n<figure id=\"attachment_3863\" aria-describedby=\"caption-attachment-3863\" style=\"width: 295px\" class=\"wp-caption alignright\"><a href=\"http:\/\/www.sans-avion.net\/tdm\/wp-content\/uploads\/P1120405-Custom.jpg\"><img loading=\"lazy\" decoding=\"async\" class=\"wp-image-3863 \" src=\"http:\/\/www.sans-avion.net\/tdm\/wp-content\/uploads\/P1120405-Custom-225x300.jpg\" alt=\"des lumi\u00e8res sinitres \u00e9clairent ces bois\" width=\"295\" height=\"393\" srcset=\"https:\/\/www.sans-avion.net\/tdm\/wp-content\/uploads\/P1120405-Custom-225x300.jpg 225w, https:\/\/www.sans-avion.net\/tdm\/wp-content\/uploads\/P1120405-Custom-768x1024.jpg 768w, https:\/\/www.sans-avion.net\/tdm\/wp-content\/uploads\/P1120405-Custom-203x270.jpg 203w\" sizes=\"auto, (max-width: 295px) 100vw, 295px\" \/><\/a><figcaption id=\"caption-attachment-3863\" class=\"wp-caption-text\">des lumi\u00e8res sinistres \u00e9clairent ces bois<\/figcaption><\/figure>\n<p>&#8230;Qui descend vers la mer en traversant une for\u00eat lugubre. Mousse, toiles d&rsquo;araign\u00e9es, on s&rsquo;attend \u00e0 croiser un sorcier-magicien au d\u00e9tour d&rsquo;un tournant. La brume matinale r\u00e9siste bien et infiltre les bois pour y transmettre une humidit\u00e9 glac\u00e9e. Le sentier ruisselle et le sol \u00e9met des bruits spongieux sous nos pas. On continue vers le bas, et on commence \u00e0 entendre l&rsquo;oc\u00e9an plus fortement.<\/p>\n<h3>Comment \u00e7a l&rsquo;oc\u00e9an ?<\/h3>\n<p>Bin, l&rsquo;oc\u00e9an Pacifique, h\u00e9h\u00e9, c&rsquo;est celui qui trempe les plages de la Nouvelle-Z\u00e9lande ! Ah, mais je comprends, j&rsquo;ai oubli\u00e9 de vous dire : la grotte cath\u00e9drale est sur la plage, on ne peut y acc\u00e9der qu&rsquo;\u00e0 mar\u00e9e basse !<\/p>\n<p>Mais ce matin, la mar\u00e9e a beau \u00eatre basse, on a affaire \u00e0 une brume bien compacte. Tintin et son \u00cele Noire peuvent aller se rhabiller, on n&rsquo;y voit rien. On devine au loin quelques silhouettes, on se dirige donc vers ce c\u00f4t\u00e9 l\u00e0 en esp\u00e9rant que \u00e7a soit le bon sens pour trouver la grotte.<\/p>\n<figure id=\"attachment_3865\" aria-describedby=\"caption-attachment-3865\" style=\"width: 640px\" class=\"wp-caption aligncenter\"><a href=\"http:\/\/www.sans-avion.net\/tdm\/wp-content\/uploads\/P1120406-Custom.jpg\"><img loading=\"lazy\" decoding=\"async\" class=\"size-large wp-image-3865\" src=\"http:\/\/www.sans-avion.net\/tdm\/wp-content\/uploads\/P1120406-Custom-1024x768.jpg\" alt=\"la plage est noy\u00e9e dans une brume \u00e9paisse\" width=\"640\" height=\"480\" srcset=\"https:\/\/www.sans-avion.net\/tdm\/wp-content\/uploads\/P1120406-Custom-1024x768.jpg 1024w, https:\/\/www.sans-avion.net\/tdm\/wp-content\/uploads\/P1120406-Custom-300x225.jpg 300w, https:\/\/www.sans-avion.net\/tdm\/wp-content\/uploads\/P1120406-Custom-768x576.jpg 768w, https:\/\/www.sans-avion.net\/tdm\/wp-content\/uploads\/P1120406-Custom-360x270.jpg 360w\" sizes=\"auto, (max-width: 640px) 100vw, 640px\" \/><\/a><figcaption id=\"caption-attachment-3865\" class=\"wp-caption-text\">la plage est noy\u00e9e dans une brume \u00e9paisse<\/figcaption><\/figure>\n<p>A ce moment nous reviennent en t\u00eate les paroles fant\u00f4matiques de la femme (la pas-maorie, vous vous souvenez ?) : \u00ab\u00a0aftir the descent go lift sux min\u00e8ts\u00a0\u00bb. Traduction : <em>Apr\u00e8s la descente, allez \u00e0 gauche six minutes<\/em>. Oui, ici les \u00ab\u00a0\u00e8\u00a0\u00bb se prononcent \u00ab\u00a0i\u00a0\u00bb, et les \u00ab\u00a0i\u00a0\u00bb deviennent des \u00ab\u00a0\u00fb\u00a0\u00bb, mais pas toujours. D\u00e9j\u00e0 que c&rsquo;\u00e9tait en anglais, si en plus on change les voyelles, \u00e7a devient cabalistique. Nous progressons donc dans un sable mou et spongieux, le regard \u00e0 l&rsquo;aff\u00fbt de toute silhouette.<\/p>\n<p>Le temps s&rsquo;\u00e9coule, chaque minute semble une heure ou presque. Notez que j&rsquo;ai parl\u00e9 de brume, pas de brouillard, on y voit donc \u00e0 10 ou 20 m\u00e8tres, c&rsquo;est encore plus fourbe : on croit voir, mais on est toujours aussi incapable de savoir o\u00f9 on va r\u00e9ellement.<\/p>\n<p>Et puis, tout \u00e0 coup, on arrive \u00e0 la cath\u00e9drale, et on entre avec d\u00e9f\u00e9rence.<\/p>\n<figure id=\"attachment_3866\" aria-describedby=\"caption-attachment-3866\" style=\"width: 332px\" class=\"wp-caption aligncenter\"><a href=\"http:\/\/www.sans-avion.net\/tdm\/wp-content\/uploads\/P1120409-Custom.jpg\"><img loading=\"lazy\" decoding=\"async\" class=\"wp-image-3866 \" src=\"http:\/\/www.sans-avion.net\/tdm\/wp-content\/uploads\/P1120409-Custom-225x300.jpg\" alt=\"l'entr\u00e9e Sud de la grotte-cath\u00e9drale\" width=\"332\" height=\"443\" srcset=\"https:\/\/www.sans-avion.net\/tdm\/wp-content\/uploads\/P1120409-Custom-225x300.jpg 225w, https:\/\/www.sans-avion.net\/tdm\/wp-content\/uploads\/P1120409-Custom-768x1024.jpg 768w, https:\/\/www.sans-avion.net\/tdm\/wp-content\/uploads\/P1120409-Custom-203x270.jpg 203w\" sizes=\"auto, (max-width: 332px) 100vw, 332px\" \/><\/a><figcaption id=\"caption-attachment-3866\" class=\"wp-caption-text\">l&rsquo;entr\u00e9e Sud de la grotte-cath\u00e9drale<\/figcaption><\/figure>\n<h3>Seuls au monde<\/h3>\n<figure id=\"attachment_3868\" aria-describedby=\"caption-attachment-3868\" style=\"width: 290px\" class=\"wp-caption alignright\"><a href=\"http:\/\/www.sans-avion.net\/tdm\/wp-content\/uploads\/P1120417-Custom.jpg\"><img loading=\"lazy\" decoding=\"async\" class=\" wp-image-3868\" src=\"http:\/\/www.sans-avion.net\/tdm\/wp-content\/uploads\/P1120417-Custom-225x300.jpg\" alt=\"l'entr\u00e9e Nord\" width=\"290\" height=\"387\" srcset=\"https:\/\/www.sans-avion.net\/tdm\/wp-content\/uploads\/P1120417-Custom-225x300.jpg 225w, https:\/\/www.sans-avion.net\/tdm\/wp-content\/uploads\/P1120417-Custom-768x1024.jpg 768w, https:\/\/www.sans-avion.net\/tdm\/wp-content\/uploads\/P1120417-Custom-203x270.jpg 203w\" sizes=\"auto, (max-width: 290px) 100vw, 290px\" \/><\/a><figcaption id=\"caption-attachment-3868\" class=\"wp-caption-text\">l&rsquo;entr\u00e9e Nord<\/figcaption><\/figure>\n<p>L&rsquo;avantage quand il y a une visibilit\u00e9 aussi minable, c&rsquo;est qu&rsquo;on a l&rsquo;impression d&rsquo;\u00eatre vraiment tous seuls et <a href=\"http:\/\/www.sans-avion.net\/tdm\/flash-back-chine\/\">\u00e7a nous change de la Chine<\/a> h\u00e9h\u00e9 (vous avez compris pourquoi j&rsquo;ai plac\u00e9 ce flash back juste avant cet article, maintenant). La grotte est, comme souvent dans les pays froids, parcourue d&rsquo;une brise fra\u00eeche et moite, et recouverte d&rsquo;algues gluantes par endroits. Ce lieu est hautement sinistre. Ce serait plut\u00f4t, \u00e0 mon avis, une cath\u00e9drale maudite. Je suppose que le nom n&rsquo;a \u00e9t\u00e9 donn\u00e9 que pour faire plus sexy sur les fiches touristiques : ni la forme, ni la sonorit\u00e9 qu&rsquo;on y entend, ni la hauteur ou le volume n&rsquo;ont le moindre point commun avec une cath\u00e9drale. Mais bon, on a l&rsquo;impression d&rsquo;y \u00eatre tout seul, et \u00e7a c&rsquo;est chouette quand on aime voyager \u00e0 <a href=\"http:\/\/www.sans-avion.net\/tdm\/aventure-dans-la-jungle\/\">l&rsquo;aventure<\/a> !<\/p>\n<figure id=\"attachment_3869\" aria-describedby=\"caption-attachment-3869\" style=\"width: 640px\" class=\"wp-caption aligncenter\"><a href=\"http:\/\/www.sans-avion.net\/tdm\/wp-content\/uploads\/P1120422-Custom.jpg\"><img loading=\"lazy\" decoding=\"async\" class=\"size-large wp-image-3869\" src=\"http:\/\/www.sans-avion.net\/tdm\/wp-content\/uploads\/P1120422-Custom-1024x768.jpg\" alt=\"O\u00f9 sommes nous ?\" width=\"640\" height=\"480\" srcset=\"https:\/\/www.sans-avion.net\/tdm\/wp-content\/uploads\/P1120422-Custom-1024x768.jpg 1024w, https:\/\/www.sans-avion.net\/tdm\/wp-content\/uploads\/P1120422-Custom-300x225.jpg 300w, https:\/\/www.sans-avion.net\/tdm\/wp-content\/uploads\/P1120422-Custom-768x576.jpg 768w, https:\/\/www.sans-avion.net\/tdm\/wp-content\/uploads\/P1120422-Custom-360x270.jpg 360w\" sizes=\"auto, (max-width: 640px) 100vw, 640px\" \/><\/a><figcaption id=\"caption-attachment-3869\" class=\"wp-caption-text\">O\u00f9 sommes nous ?<\/figcaption><\/figure>\n<p>Pendant la remont\u00e9e, le soleil arrive \u00e0 percer un peu entre les nuages. Alors, des rayons apparaissent sur le sentier, et font briller les gouttes d&rsquo;eau perlant sur les toiles d&rsquo;araign\u00e9es.<\/p>\n<figure id=\"attachment_3871\" aria-describedby=\"caption-attachment-3871\" style=\"width: 359px\" class=\"wp-caption alignleft\"><a href=\"http:\/\/www.sans-avion.net\/tdm\/wp-content\/uploads\/P1120428-Custom.jpg\"><img loading=\"lazy\" decoding=\"async\" class=\" wp-image-3871\" src=\"http:\/\/www.sans-avion.net\/tdm\/wp-content\/uploads\/P1120428-Custom-225x300.jpg\" alt=\"toiles d'araign\u00e9es dans la for\u00eat\" width=\"359\" height=\"479\" srcset=\"https:\/\/www.sans-avion.net\/tdm\/wp-content\/uploads\/P1120428-Custom-225x300.jpg 225w, https:\/\/www.sans-avion.net\/tdm\/wp-content\/uploads\/P1120428-Custom-768x1024.jpg 768w, https:\/\/www.sans-avion.net\/tdm\/wp-content\/uploads\/P1120428-Custom-203x270.jpg 203w\" sizes=\"auto, (max-width: 359px) 100vw, 359px\" \/><\/a><figcaption id=\"caption-attachment-3871\" class=\"wp-caption-text\">toiles d&rsquo;araign\u00e9es dans la for\u00eat<\/figcaption><\/figure>\n<figure id=\"attachment_3867\" aria-describedby=\"caption-attachment-3867\" style=\"width: 360px\" class=\"wp-caption alignleft\"><a href=\"http:\/\/www.sans-avion.net\/tdm\/wp-content\/uploads\/P1120408-Custom.jpg\"><img loading=\"lazy\" decoding=\"async\" class=\" wp-image-3867\" src=\"http:\/\/www.sans-avion.net\/tdm\/wp-content\/uploads\/P1120408-Custom-225x300.jpg\" alt=\"Audrey devant l'entr\u00e9e Sud\" width=\"360\" height=\"480\" srcset=\"https:\/\/www.sans-avion.net\/tdm\/wp-content\/uploads\/P1120408-Custom-225x300.jpg 225w, https:\/\/www.sans-avion.net\/tdm\/wp-content\/uploads\/P1120408-Custom-768x1024.jpg 768w, https:\/\/www.sans-avion.net\/tdm\/wp-content\/uploads\/P1120408-Custom-203x270.jpg 203w\" sizes=\"auto, (max-width: 360px) 100vw, 360px\" \/><\/a><figcaption id=\"caption-attachment-3867\" class=\"wp-caption-text\">Audrey devant l&rsquo;entr\u00e9e Sud<\/figcaption><\/figure>\n<h3>Plein cap vers le Nord !<\/h3>\n<p>Voil\u00e0, notre voyage vers le Sud de l&rsquo;\u00eele du Sud se termine donc dans les Catlins, au Sud d&rsquo;Owaka. Nous allons maintenant retourner vers le Nord, mais en passant par la c\u00f4te Ouest !<\/p>\n<p>Compliqu\u00e9 ? Retournez voir notre <a href=\"http:\/\/www.sans-avion.net\/tdm\/nouvelle-zelande-notre-parcours\/\">carte du trajet<\/a> \ud83d\ude42<\/p>\n<p>&nbsp;<\/p>\n<p>&nbsp;<\/p>\n","protected":false},"excerpt":{"rendered":"<p>&nbsp; Cette cath\u00e9drale n&rsquo;est pas d\u00e9di\u00e9e \u00e0 la religion, et pourtant on y va avec d\u00e9f\u00e9rence ! Aujourd&rsquo;hui, la pluie se calme, alors nos vous emmenons avec nous jusqu&rsquo;\u00e0 la fameuse Cathedral Cave, une grotte en V avec deux entr\u00e9es donc. L\u00e0 o\u00f9 c&rsquo;est rigolo, c&rsquo;est comment \u00e7a se passe. Apr\u00e8s avoir pris une route qui tortille (comme partout dans ce pays), on entre sur un territoire Maori. Territoire Maori Non, plus pr\u00e9cis\u00e9ment \u00ab\u00a0propri\u00e9t\u00e9 priv\u00e9e\u00a0\u00bb, laquelle appartient \u00e0 une personne&#8230;<\/p>\n<p class=\"read-more\"><a class=\"btn btn-default\" href=\"https:\/\/www.sans-avion.net\/tdm\/cette-cathedrale-nest-pas-dediee-a-la-religion\/\">Lire la suite<span class=\"screen-reader-text\"> Lire la suite<\/span><\/a><\/p>\n","protected":false},"author":1,"featured_media":0,"comment_status":"open","ping_status":"open","sticky":false,"template":"","format":"standard","meta":{"ngg_post_thumbnail":0,"footnotes":""},"categories":[2,114,506],"tags":[71,524,349,128],"class_list":["post-3859","post","type-post","status-publish","format-standard","hentry","category-actu-et-infos","category-aventure","category-nouvelle-zelande","tag-foret","tag-maori","tag-ocean","tag-plage"],"_links":{"self":[{"href":"https:\/\/www.sans-avion.net\/tdm\/wp-json\/wp\/v2\/posts\/3859","targetHints":{"allow":["GET"]}}],"collection":[{"href":"https:\/\/www.sans-avion.net\/tdm\/wp-json\/wp\/v2\/posts"}],"about":[{"href":"https:\/\/www.sans-avion.net\/tdm\/wp-json\/wp\/v2\/types\/post"}],"author":[{"embeddable":true,"href":"https:\/\/www.sans-avion.net\/tdm\/wp-json\/wp\/v2\/users\/1"}],"replies":[{"embeddable":true,"href":"https:\/\/www.sans-avion.net\/tdm\/wp-json\/wp\/v2\/comments?post=3859"}],"version-history":[{"count":8,"href":"https:\/\/www.sans-avion.net\/tdm\/wp-json\/wp\/v2\/posts\/3859\/revisions"}],"predecessor-version":[{"id":3874,"href":"https:\/\/www.sans-avion.net\/tdm\/wp-json\/wp\/v2\/posts\/3859\/revisions\/3874"}],"wp:attachment":[{"href":"https:\/\/www.sans-avion.net\/tdm\/wp-json\/wp\/v2\/media?parent=3859"}],"wp:term":[{"taxonomy":"category","embeddable":true,"href":"https:\/\/www.sans-avion.net\/tdm\/wp-json\/wp\/v2\/categories?post=3859"},{"taxonomy":"post_tag","embeddable":true,"href":"https:\/\/www.sans-avion.net\/tdm\/wp-json\/wp\/v2\/tags?post=3859"}],"curies":[{"name":"wp","href":"https:\/\/api.w.org\/{rel}","templated":true}]}}