{"id":3907,"date":"2018-01-27T08:44:26","date_gmt":"2018-01-27T07:44:26","guid":{"rendered":"http:\/\/www.sans-avion.net\/tdm\/?p=3907"},"modified":"2018-01-27T08:44:26","modified_gmt":"2018-01-27T07:44:26","slug":"ce-lac-aurait-pu-etre-maran-sil-navait-pas-eu-en-trop-cette","status":"publish","type":"post","link":"https:\/\/www.sans-avion.net\/tdm\/ce-lac-aurait-pu-etre-maran-sil-navait-pas-eu-en-trop-cette\/","title":{"rendered":"Ce lac aurait pu \u00eatre maran s&rsquo;il n&rsquo;avait pas eu en trop cette"},"content":{"rendered":"<p>Ce lac aurait pu \u00eatre maran s&rsquo;il n&rsquo;avait pas eu en trop cette voyelle qui fait de lui le lac Marian. Oui je sais, \u00e7a s&rsquo;\u00e9crit marrant et pas maran, mais comment faire passer \u00e0 l&rsquo;\u00e9crit une blague (d\u00e9j\u00e0 pas terrible) qu&rsquo;on a imagin\u00e9 \u00e0 l&rsquo;oral ? Que Desprogres se retourne dans sa tombe s&rsquo;il veut, vous avez eu l&rsquo;intro quand m\u00eame, et voici maintenant le r\u00e9cit \u00e9pique et \u00e9patant de notre mont\u00e9e au Lac Marian.<\/p>\n<figure id=\"attachment_3908\" aria-describedby=\"caption-attachment-3908\" style=\"width: 640px\" class=\"wp-caption aligncenter\"><a href=\"http:\/\/www.sans-avion.net\/tdm\/wp-content\/uploads\/P1120483-Custom.jpg\"><img loading=\"lazy\" decoding=\"async\" class=\"size-large wp-image-3908\" src=\"http:\/\/www.sans-avion.net\/tdm\/wp-content\/uploads\/P1120483-Custom-1024x768.jpg\" alt=\"Pr\u00eates pour la balade au lac Marian\" width=\"640\" height=\"480\" srcset=\"https:\/\/www.sans-avion.net\/tdm\/wp-content\/uploads\/P1120483-Custom-1024x768.jpg 1024w, https:\/\/www.sans-avion.net\/tdm\/wp-content\/uploads\/P1120483-Custom-300x225.jpg 300w, https:\/\/www.sans-avion.net\/tdm\/wp-content\/uploads\/P1120483-Custom-768x576.jpg 768w, https:\/\/www.sans-avion.net\/tdm\/wp-content\/uploads\/P1120483-Custom-360x270.jpg 360w\" sizes=\"auto, (max-width: 640px) 100vw, 640px\" \/><\/a><figcaption id=\"caption-attachment-3908\" class=\"wp-caption-text\">Pr\u00eates pour la balade au lac Marian<\/figcaption><\/figure>\n<h3>Pr\u00e9paratifs pour l&rsquo;assaut de la montagne<\/h3>\n<figure id=\"attachment_3910\" aria-describedby=\"caption-attachment-3910\" style=\"width: 300px\" class=\"wp-caption alignright\"><a href=\"http:\/\/www.sans-avion.net\/tdm\/wp-content\/uploads\/Mirror-Lakes-1-Custom.jpg\"><img loading=\"lazy\" decoding=\"async\" class=\"size-medium wp-image-3910\" src=\"http:\/\/www.sans-avion.net\/tdm\/wp-content\/uploads\/Mirror-Lakes-1-Custom-300x225.jpg\" alt=\"canard sur le mirror lake\" width=\"300\" height=\"225\" srcset=\"https:\/\/www.sans-avion.net\/tdm\/wp-content\/uploads\/Mirror-Lakes-1-Custom-300x225.jpg 300w, https:\/\/www.sans-avion.net\/tdm\/wp-content\/uploads\/Mirror-Lakes-1-Custom-768x576.jpg 768w, https:\/\/www.sans-avion.net\/tdm\/wp-content\/uploads\/Mirror-Lakes-1-Custom-1024x768.jpg 1024w, https:\/\/www.sans-avion.net\/tdm\/wp-content\/uploads\/Mirror-Lakes-1-Custom-360x270.jpg 360w\" sizes=\"auto, (max-width: 300px) 100vw, 300px\" \/><\/a><figcaption id=\"caption-attachment-3910\" class=\"wp-caption-text\">canard sur le mirror lake<\/figcaption><\/figure>\n<p>Apr\u00e8s avoir r\u00e9veill\u00e9 les mouflettes \u00e0 l&rsquo;aube (\u00e0 9h08 tr\u00e8s pr\u00e9cis\u00e9ment), puis avoir nourri la marmaille (il faut des forces avant de faire une balade en haute altitude), puis avoir d\u00e9marr\u00e9 le v\u00e9hicule (non sans avoir v\u00e9rifi\u00e9 que les 5 occupants s&rsquo;y trouvaient), puis avoir roul\u00e9 jusqu&rsquo;au pied de la montagne (pr\u00e9voir 45 minutes \u00e0 cause des cohortes de touristes en car qui emblayent la voie), puis avoir insist\u00e9 pour que chaque nounoutte mette bien des baskets aux pieds (non les tongs \u00e7a n&rsquo;ira pas aujourd&rsquo;hui), puis avoir fourni le sac \u00e0 dos des kidos d&rsquo;une dose suffisante d&rsquo;eau (et se rendre compte qu&rsquo;on n&rsquo;a pas pris les sacs \u00e0 dos et qu&rsquo;on va donc tout trimbaler \u00e0 la main dans des sacs plastiques de supermarch\u00e9), on se pensait pr\u00eats pour cette petite vir\u00e9e !<\/p>\n<figure id=\"attachment_3922\" aria-describedby=\"caption-attachment-3922\" style=\"width: 640px\" class=\"wp-caption aligncenter\"><a href=\"http:\/\/www.sans-avion.net\/tdm\/wp-content\/uploads\/meute.jpg\"><img loading=\"lazy\" decoding=\"async\" class=\"size-large wp-image-3922\" src=\"http:\/\/www.sans-avion.net\/tdm\/wp-content\/uploads\/meute-1024x276.jpg\" alt=\"meute de ploucs\" width=\"640\" height=\"173\" srcset=\"https:\/\/www.sans-avion.net\/tdm\/wp-content\/uploads\/meute-1024x276.jpg 1024w, https:\/\/www.sans-avion.net\/tdm\/wp-content\/uploads\/meute-300x81.jpg 300w, https:\/\/www.sans-avion.net\/tdm\/wp-content\/uploads\/meute-768x207.jpg 768w, https:\/\/www.sans-avion.net\/tdm\/wp-content\/uploads\/meute-604x163.jpg 604w\" sizes=\"auto, (max-width: 640px) 100vw, 640px\" \/><\/a><figcaption id=\"caption-attachment-3922\" class=\"wp-caption-text\">meute de ploucs<\/figcaption><\/figure>\n<p>Que diantre oui, pr\u00eats et motiv\u00e9s nous l&rsquo;\u00e9tions. Et l\u00e0 h\u00e9las, je parle au nous de majest\u00e9, parce qu&rsquo;on ne peut pas dire que l&rsquo;enthousiaste d\u00e9bordait de nos trois ados. Allez quoi, on commence facile, il y a 15 minutes jusqu&rsquo;\u00e0 une jolie cascade&#8230; Que n&rsquo;avais-je pas dit ?!<\/p>\n<p>Le sol se d\u00e9robait sous mes pieds tandis que des \u00e9clairs d&rsquo;orage violent me foudroyaient alors m\u00eame qu&rsquo;un crat\u00e8re volcanique m&rsquo;ensevelissait dans l&rsquo;instant m\u00eame o\u00f9 un aigle me crevait les yeux d&rsquo;un bec rageur apr\u00e8s m&rsquo;avoir \u00e9visc\u00e9r\u00e9 \u00e0 froid&#8230; dans le regard de mes ch\u00e8res filles. Vous ai-je peut-\u00eatre racont\u00e9 qu&rsquo;elles <em>d\u00e9j\u00e0<\/em> ont vu plusieurs cascades dans des \u00e9pisodes pr\u00e9c\u00e9dents ? Oui, ah donc vous saviez vous aussi&#8230;<\/p>\n<p>Ma foi tant pis, on y va de toutes fa\u00e7ons. Et on commence par le petit pont que voici.<\/p>\n\t<video id=\"wp_mep_1\"   width=\"640\" height=\"480\"  controls=\"controls\" preload=\"none\"  >\r\n\t\t<source src=\"http:\/\/www.sans-avion.net\/tdm\/wp-content\/uploads\/AudreyTraverseLePont.mp4\" type=\"video\/mp4\" \/>\r\n\t\t\r\n\t\t\r\n\t\t\r\n\t\t\r\n\t\t\r\n\t\t\r\n\t<\/video>\r\n<script type=\"text\/javascript\">\r\njQuery(document).ready(function($) {\r\n\t$('#wp_mep_1').mediaelementplayer({\r\n\t\tm:1\r\n\t\t\r\n\t\t,features: ['playpause','current','progress','duration','volume','tracks','fullscreen']\r\n\t\t\r\n\t});\r\n});\r\n<\/script>\r\n\n<h3>\u00d4 pont, suspends ton vol<\/h3>\n<figure id=\"attachment_3912\" aria-describedby=\"caption-attachment-3912\" style=\"width: 300px\" class=\"wp-caption alignright\"><a href=\"http:\/\/www.sans-avion.net\/tdm\/wp-content\/uploads\/Lake-Marian-4-Custom.jpg\"><img loading=\"lazy\" decoding=\"async\" class=\"size-medium wp-image-3912\" src=\"http:\/\/www.sans-avion.net\/tdm\/wp-content\/uploads\/Lake-Marian-4-Custom-300x225.jpg\" alt=\"m\u00eame pas peur\" width=\"300\" height=\"225\" srcset=\"https:\/\/www.sans-avion.net\/tdm\/wp-content\/uploads\/Lake-Marian-4-Custom-300x225.jpg 300w, https:\/\/www.sans-avion.net\/tdm\/wp-content\/uploads\/Lake-Marian-4-Custom-768x576.jpg 768w, https:\/\/www.sans-avion.net\/tdm\/wp-content\/uploads\/Lake-Marian-4-Custom-1024x768.jpg 1024w, https:\/\/www.sans-avion.net\/tdm\/wp-content\/uploads\/Lake-Marian-4-Custom-360x270.jpg 360w\" sizes=\"auto, (max-width: 300px) 100vw, 300px\" \/><\/a><figcaption id=\"caption-attachment-3912\" class=\"wp-caption-text\">m\u00eame pas peur<\/figcaption><\/figure>\n<p>Mais non, m\u00eame Chrystel n&rsquo;a pas peur sur le pont suspendu. Sniff, c&rsquo;est vraiment plus <a href=\"http:\/\/www.sans-avion.net\/tdm\/cest-quoi-le-vertige\/\">ce que c&rsquo;\u00e9tait hein<\/a> ? En route, on s&rsquo;arr\u00eate quand m\u00eame faire une photo aux fameux mirror lakes (il faut faire la photo le matin sinon le soleil n&rsquo;est pas du bon c\u00f4t\u00e9 pour l&rsquo;effet miroir, eh oui en plus je vous r\u00e9v\u00e8le le truc)<\/p>\n<figure id=\"attachment_3911\" aria-describedby=\"caption-attachment-3911\" style=\"width: 640px\" class=\"wp-caption aligncenter\"><a href=\"http:\/\/www.sans-avion.net\/tdm\/wp-content\/uploads\/Mirror-Lakes-5-Custom.jpg\"><img loading=\"lazy\" decoding=\"async\" class=\"size-large wp-image-3911\" src=\"http:\/\/www.sans-avion.net\/tdm\/wp-content\/uploads\/Mirror-Lakes-5-Custom-1024x768.jpg\" alt=\"Mirror Lakes c'est joli hein\" width=\"640\" height=\"480\" srcset=\"https:\/\/www.sans-avion.net\/tdm\/wp-content\/uploads\/Mirror-Lakes-5-Custom-1024x768.jpg 1024w, https:\/\/www.sans-avion.net\/tdm\/wp-content\/uploads\/Mirror-Lakes-5-Custom-300x225.jpg 300w, https:\/\/www.sans-avion.net\/tdm\/wp-content\/uploads\/Mirror-Lakes-5-Custom-768x576.jpg 768w, https:\/\/www.sans-avion.net\/tdm\/wp-content\/uploads\/Mirror-Lakes-5-Custom-360x270.jpg 360w\" sizes=\"auto, (max-width: 640px) 100vw, 640px\" \/><\/a><figcaption id=\"caption-attachment-3911\" class=\"wp-caption-text\">Mirror Lakes c&rsquo;est joli hein &#8211; photo m\u00eame pas retouch\u00e9e !<\/figcaption><\/figure>\n<p><a href=\"http:\/\/www.sans-avion.net\/tdm\/wp-content\/uploads\/Lake-Marian-11-Custom.jpg\"><img loading=\"lazy\" decoding=\"async\" class=\"alignright size-medium wp-image-3924\" src=\"http:\/\/www.sans-avion.net\/tdm\/wp-content\/uploads\/Lake-Marian-11-Custom-225x300.jpg\" alt=\"\" width=\"225\" height=\"300\" srcset=\"https:\/\/www.sans-avion.net\/tdm\/wp-content\/uploads\/Lake-Marian-11-Custom-225x300.jpg 225w, https:\/\/www.sans-avion.net\/tdm\/wp-content\/uploads\/Lake-Marian-11-Custom-768x1024.jpg 768w, https:\/\/www.sans-avion.net\/tdm\/wp-content\/uploads\/Lake-Marian-11-Custom-203x270.jpg 203w\" sizes=\"auto, (max-width: 225px) 100vw, 225px\" \/><\/a>Et donc apr\u00e8s une r\u00e9elle quinzaine de minutes, voici les fameuses cascades. Ce qui aurait du nous mettre la puce \u00e0 l&rsquo;oreille, car comme la doc indiquait 1 h 30 pour monter jusqu&rsquo;au lac, on s&rsquo;\u00e9tait dit \u00ab\u00a0facile, on y sera dans une petite heure, comme d&rsquo;habitude\u00a0\u00bb. Sauf que, cette fois-l\u00e0, on ne sait pas pourquoi, le temps affich\u00e9 \u00e9tait le bon !<\/p>\n<p>Et ne nous plaignons pas, il fait beau. Donc chaud, eh oui c&rsquo;est le plein \u00e9t\u00e9 ici ! Un bon 30\u00b0C \u00e0 l&rsquo;ombre, mais bien s\u00fbr pas beaucoup d&rsquo;ombre sur le parcours, sauf sur la 2e moiti\u00e9 o\u00f9 on traverse une for\u00eat tout en grimpant.<\/p>\n<figure id=\"attachment_3925\" aria-describedby=\"caption-attachment-3925\" style=\"width: 300px\" class=\"wp-caption alignleft\"><a href=\"http:\/\/www.sans-avion.net\/tdm\/wp-content\/uploads\/Lake-Marian-12-Custom.jpg\"><img loading=\"lazy\" decoding=\"async\" class=\"size-medium wp-image-3925\" src=\"http:\/\/www.sans-avion.net\/tdm\/wp-content\/uploads\/Lake-Marian-12-Custom-300x225.jpg\" alt=\"le torrent suit le fond de la vall\u00e9e\" width=\"300\" height=\"225\" srcset=\"https:\/\/www.sans-avion.net\/tdm\/wp-content\/uploads\/Lake-Marian-12-Custom-300x225.jpg 300w, https:\/\/www.sans-avion.net\/tdm\/wp-content\/uploads\/Lake-Marian-12-Custom-768x576.jpg 768w, https:\/\/www.sans-avion.net\/tdm\/wp-content\/uploads\/Lake-Marian-12-Custom-1024x768.jpg 1024w, https:\/\/www.sans-avion.net\/tdm\/wp-content\/uploads\/Lake-Marian-12-Custom-360x270.jpg 360w\" sizes=\"auto, (max-width: 300px) 100vw, 300px\" \/><\/a><figcaption id=\"caption-attachment-3925\" class=\"wp-caption-text\">le torrent suit le fond de la vall\u00e9e<\/figcaption><\/figure>\n<p>Le joli chemin bien joli du d\u00e9but fait rapidement place \u00e0 un sentier, puis \u00e0 une simple piste parfois boueuse (il a plu <em>un peu<\/em> ces derniers jour) parfois rocailleuse, incrust\u00e9e dans la v\u00e9g\u00e9tation : il y a de nombreux passages o\u00f9 les mains sont indispensables pour grimper aux racines qui forment le chemin \u00e0 suivre. On n&rsquo;entend plus le torrent qu&rsquo;au loin, et les chants des oiseaux sont de plus en plus nombreux. Les touristes sont rares sur ce passage : la plupart ont continu\u00e9 leur route jusqu&rsquo;au fjord pour s&rsquo;agglutiner dans des attractions bond\u00e9es tarif\u00e9es \u00e0 prix d&rsquo;or. Tant mieux pour nous, on profite d&rsquo;un cadre admirable. Les filles, curieusement, se prennent au d\u00e9fi et arrivent au bout avec une \u00e9tonnante facilit\u00e9 ! Audrey est la premi\u00e8re des trois \u00e0 mettre les pieds dans l&rsquo;eau.<\/p>\n<figure id=\"attachment_3926\" aria-describedby=\"caption-attachment-3926\" style=\"width: 640px\" class=\"wp-caption aligncenter\"><a href=\"http:\/\/www.sans-avion.net\/tdm\/wp-content\/uploads\/Lake-Marian-36-Custom.jpg\"><img loading=\"lazy\" decoding=\"async\" class=\"size-large wp-image-3926\" src=\"http:\/\/www.sans-avion.net\/tdm\/wp-content\/uploads\/Lake-Marian-36-Custom-768x1024.jpg\" alt=\"c'est pas une blague, \u00e7a grimpe vraiment\" width=\"640\" height=\"853\" srcset=\"https:\/\/www.sans-avion.net\/tdm\/wp-content\/uploads\/Lake-Marian-36-Custom-768x1024.jpg 768w, https:\/\/www.sans-avion.net\/tdm\/wp-content\/uploads\/Lake-Marian-36-Custom-225x300.jpg 225w, https:\/\/www.sans-avion.net\/tdm\/wp-content\/uploads\/Lake-Marian-36-Custom-203x270.jpg 203w\" sizes=\"auto, (max-width: 640px) 100vw, 640px\" \/><\/a><figcaption id=\"caption-attachment-3926\" class=\"wp-caption-text\">c&rsquo;est pas une blague, \u00e7a grimpe vraiment<\/figcaption><\/figure>\n<figure id=\"attachment_3929\" aria-describedby=\"caption-attachment-3929\" style=\"width: 640px\" class=\"wp-caption aligncenter\"><a href=\"http:\/\/www.sans-avion.net\/tdm\/wp-content\/uploads\/Lake-Marian-21.jpg\"><img loading=\"lazy\" decoding=\"async\" class=\"size-large wp-image-3929\" src=\"http:\/\/www.sans-avion.net\/tdm\/wp-content\/uploads\/Lake-Marian-21-1024x768.jpg\" alt=\"v\u00e9g\u00e9tation incroyable sur la fin de la mont\u00e9e\" width=\"640\" height=\"480\" srcset=\"https:\/\/www.sans-avion.net\/tdm\/wp-content\/uploads\/Lake-Marian-21-1024x768.jpg 1024w, https:\/\/www.sans-avion.net\/tdm\/wp-content\/uploads\/Lake-Marian-21-300x225.jpg 300w, https:\/\/www.sans-avion.net\/tdm\/wp-content\/uploads\/Lake-Marian-21-768x576.jpg 768w, https:\/\/www.sans-avion.net\/tdm\/wp-content\/uploads\/Lake-Marian-21-360x270.jpg 360w\" sizes=\"auto, (max-width: 640px) 100vw, 640px\" \/><\/a><figcaption id=\"caption-attachment-3929\" class=\"wp-caption-text\">v\u00e9g\u00e9tation incroyable sur la fin de la mont\u00e9e : plantes quasiment fluo, montagne massive&#8230;<\/figcaption><\/figure>\n<p>Et en vid\u00e9o aussi, on sent que l&rsquo;endroit est propice&#8230; et que la mont\u00e9e est rude !<\/p>\n\t<video id=\"wp_mep_2\"   width=\"512\" height=\"288\"  controls=\"controls\" preload=\"none\"  >\r\n\t\t<source src=\"http:\/\/www.sans-avion.net\/tdm\/wp-content\/uploads\/MonteeAuLacMarian.mp4\" type=\"video\/mp4\" \/>\r\n\t\t\r\n\t\t\r\n\t\t\r\n\t\t\r\n\t\t\r\n\t\t\r\n\t<\/video>\r\n<script type=\"text\/javascript\">\r\njQuery(document).ready(function($) {\r\n\t$('#wp_mep_2').mediaelementplayer({\r\n\t\tm:1\r\n\t\t\r\n\t\t,features: ['playpause','current','progress','duration','volume','tracks','fullscreen']\r\n\t\t\r\n\t});\r\n});\r\n<\/script>\r\n\n<figure id=\"attachment_3934\" aria-describedby=\"caption-attachment-3934\" style=\"width: 640px\" class=\"wp-caption aligncenter\"><a href=\"http:\/\/www.sans-avion.net\/tdm\/wp-content\/uploads\/Lake-Marian-35.jpg\"><img loading=\"lazy\" decoding=\"async\" class=\"size-large wp-image-3934\" src=\"http:\/\/www.sans-avion.net\/tdm\/wp-content\/uploads\/Lake-Marian-35-1024x768.jpg\" alt=\"Ascension vers le Lake Marian\" width=\"640\" height=\"480\" srcset=\"https:\/\/www.sans-avion.net\/tdm\/wp-content\/uploads\/Lake-Marian-35-1024x768.jpg 1024w, https:\/\/www.sans-avion.net\/tdm\/wp-content\/uploads\/Lake-Marian-35-300x225.jpg 300w, https:\/\/www.sans-avion.net\/tdm\/wp-content\/uploads\/Lake-Marian-35-768x576.jpg 768w, https:\/\/www.sans-avion.net\/tdm\/wp-content\/uploads\/Lake-Marian-35-360x270.jpg 360w\" sizes=\"auto, (max-width: 640px) 100vw, 640px\" \/><\/a><figcaption id=\"caption-attachment-3934\" class=\"wp-caption-text\">Ascension vers le Lake Marian<\/figcaption><\/figure>\n<figure id=\"attachment_3928\" aria-describedby=\"caption-attachment-3928\" style=\"width: 640px\" class=\"wp-caption aligncenter\"><a href=\"http:\/\/www.sans-avion.net\/tdm\/wp-content\/uploads\/Lake-Marian-23.jpg\"><img loading=\"lazy\" decoding=\"async\" class=\"size-large wp-image-3928\" src=\"http:\/\/www.sans-avion.net\/tdm\/wp-content\/uploads\/Lake-Marian-23-1024x768.jpg\" alt=\"Lake Marian - premi\u00e8re vision apr\u00e8s la mont\u00e9e\" width=\"640\" height=\"480\" srcset=\"https:\/\/www.sans-avion.net\/tdm\/wp-content\/uploads\/Lake-Marian-23-1024x768.jpg 1024w, https:\/\/www.sans-avion.net\/tdm\/wp-content\/uploads\/Lake-Marian-23-300x225.jpg 300w, https:\/\/www.sans-avion.net\/tdm\/wp-content\/uploads\/Lake-Marian-23-768x576.jpg 768w, https:\/\/www.sans-avion.net\/tdm\/wp-content\/uploads\/Lake-Marian-23-360x270.jpg 360w\" sizes=\"auto, (max-width: 640px) 100vw, 640px\" \/><\/a><figcaption id=\"caption-attachment-3928\" class=\"wp-caption-text\">Lake Marian &#8211; premi\u00e8re vision apr\u00e8s la mont\u00e9e<\/figcaption><\/figure>\n<figure id=\"attachment_3927\" aria-describedby=\"caption-attachment-3927\" style=\"width: 640px\" class=\"wp-caption aligncenter\"><a href=\"http:\/\/www.sans-avion.net\/tdm\/wp-content\/uploads\/Lake-Marian-25.jpg\"><img loading=\"lazy\" decoding=\"async\" class=\"size-large wp-image-3927\" src=\"http:\/\/www.sans-avion.net\/tdm\/wp-content\/uploads\/Lake-Marian-25-1024x768.jpg\" alt=\"le fameux Lake Marian\" width=\"640\" height=\"480\" srcset=\"https:\/\/www.sans-avion.net\/tdm\/wp-content\/uploads\/Lake-Marian-25-1024x768.jpg 1024w, https:\/\/www.sans-avion.net\/tdm\/wp-content\/uploads\/Lake-Marian-25-300x225.jpg 300w, https:\/\/www.sans-avion.net\/tdm\/wp-content\/uploads\/Lake-Marian-25-768x576.jpg 768w, https:\/\/www.sans-avion.net\/tdm\/wp-content\/uploads\/Lake-Marian-25-360x270.jpg 360w\" sizes=\"auto, (max-width: 640px) 100vw, 640px\" \/><\/a><figcaption id=\"caption-attachment-3927\" class=\"wp-caption-text\">le fameux Lake Marian<\/figcaption><\/figure>\n<figure id=\"attachment_3930\" aria-describedby=\"caption-attachment-3930\" style=\"width: 640px\" class=\"wp-caption aligncenter\"><a href=\"http:\/\/www.sans-avion.net\/tdm\/wp-content\/uploads\/Lake-Marian-38.jpg\"><img loading=\"lazy\" decoding=\"async\" class=\"size-large wp-image-3930\" src=\"http:\/\/www.sans-avion.net\/tdm\/wp-content\/uploads\/Lake-Marian-38-1024x768.jpg\" alt=\"fais du sport, tu perdras du gras\" width=\"640\" height=\"480\" srcset=\"https:\/\/www.sans-avion.net\/tdm\/wp-content\/uploads\/Lake-Marian-38-1024x768.jpg 1024w, https:\/\/www.sans-avion.net\/tdm\/wp-content\/uploads\/Lake-Marian-38-300x225.jpg 300w, https:\/\/www.sans-avion.net\/tdm\/wp-content\/uploads\/Lake-Marian-38-768x576.jpg 768w, https:\/\/www.sans-avion.net\/tdm\/wp-content\/uploads\/Lake-Marian-38-360x270.jpg 360w\" sizes=\"auto, (max-width: 640px) 100vw, 640px\" \/><\/a><figcaption id=\"caption-attachment-3930\" class=\"wp-caption-text\">fais du sport, tu perdras du gras<\/figcaption><\/figure>\n<p>Oui bien s\u00fbr, on me dira que j&rsquo;ai d\u00e9j\u00e0 vu un lac vert en montagne (coucou les copains de Valmeinier !) mais celui l\u00e0 est un vrai cristal, l&rsquo;eau est agr\u00e9able (plouf !) alors, pas de doute, \u00e7a en vaut la peine !<\/p>\n<figure id=\"attachment_3932\" aria-describedby=\"caption-attachment-3932\" style=\"width: 640px\" class=\"wp-caption aligncenter\"><a href=\"http:\/\/www.sans-avion.net\/tdm\/wp-content\/uploads\/Lake-Marian-3.jpg\"><img loading=\"lazy\" decoding=\"async\" class=\"size-large wp-image-3932\" src=\"http:\/\/www.sans-avion.net\/tdm\/wp-content\/uploads\/Lake-Marian-3-1024x768.jpg\" alt=\"vue sur la vall\u00e9e depuis le sentier\" width=\"640\" height=\"480\" srcset=\"https:\/\/www.sans-avion.net\/tdm\/wp-content\/uploads\/Lake-Marian-3-1024x768.jpg 1024w, https:\/\/www.sans-avion.net\/tdm\/wp-content\/uploads\/Lake-Marian-3-300x225.jpg 300w, https:\/\/www.sans-avion.net\/tdm\/wp-content\/uploads\/Lake-Marian-3-768x576.jpg 768w, https:\/\/www.sans-avion.net\/tdm\/wp-content\/uploads\/Lake-Marian-3-360x270.jpg 360w\" sizes=\"auto, (max-width: 640px) 100vw, 640px\" \/><\/a><figcaption id=\"caption-attachment-3932\" class=\"wp-caption-text\">vue sur la vall\u00e9e depuis le sentier pendant la descente : les nuages sont de retour !<\/figcaption><\/figure>\n","protected":false},"excerpt":{"rendered":"<p>Ce lac aurait pu \u00eatre maran s&rsquo;il n&rsquo;avait pas eu en trop cette voyelle qui fait de lui le lac Marian. Oui je sais, \u00e7a s&rsquo;\u00e9crit marrant et pas maran, mais comment faire passer \u00e0 l&rsquo;\u00e9crit une blague (d\u00e9j\u00e0 pas terrible) qu&rsquo;on a imagin\u00e9 \u00e0 l&rsquo;oral ? Que Desprogres se retourne dans sa tombe s&rsquo;il veut, vous avez eu l&rsquo;intro quand m\u00eame, et voici maintenant le r\u00e9cit \u00e9pique et \u00e9patant de notre mont\u00e9e au Lac Marian. Pr\u00e9paratifs pour l&rsquo;assaut de&#8230;<\/p>\n<p class=\"read-more\"><a class=\"btn btn-default\" href=\"https:\/\/www.sans-avion.net\/tdm\/ce-lac-aurait-pu-etre-maran-sil-navait-pas-eu-en-trop-cette\/\">Lire la suite<span class=\"screen-reader-text\"> Lire la suite<\/span><\/a><\/p>\n","protected":false},"author":1,"featured_media":0,"comment_status":"open","ping_status":"open","sticky":false,"template":"","format":"standard","meta":{"ngg_post_thumbnail":0,"footnotes":""},"categories":[2,114,506],"tags":[213,565,566],"class_list":["post-3907","post","type-post","status-publish","format-standard","hentry","category-actu-et-infos","category-aventure","category-nouvelle-zelande","tag-lac","tag-montagne","tag-randonnee"],"_links":{"self":[{"href":"https:\/\/www.sans-avion.net\/tdm\/wp-json\/wp\/v2\/posts\/3907","targetHints":{"allow":["GET"]}}],"collection":[{"href":"https:\/\/www.sans-avion.net\/tdm\/wp-json\/wp\/v2\/posts"}],"about":[{"href":"https:\/\/www.sans-avion.net\/tdm\/wp-json\/wp\/v2\/types\/post"}],"author":[{"embeddable":true,"href":"https:\/\/www.sans-avion.net\/tdm\/wp-json\/wp\/v2\/users\/1"}],"replies":[{"embeddable":true,"href":"https:\/\/www.sans-avion.net\/tdm\/wp-json\/wp\/v2\/comments?post=3907"}],"version-history":[{"count":7,"href":"https:\/\/www.sans-avion.net\/tdm\/wp-json\/wp\/v2\/posts\/3907\/revisions"}],"predecessor-version":[{"id":3937,"href":"https:\/\/www.sans-avion.net\/tdm\/wp-json\/wp\/v2\/posts\/3907\/revisions\/3937"}],"wp:attachment":[{"href":"https:\/\/www.sans-avion.net\/tdm\/wp-json\/wp\/v2\/media?parent=3907"}],"wp:term":[{"taxonomy":"category","embeddable":true,"href":"https:\/\/www.sans-avion.net\/tdm\/wp-json\/wp\/v2\/categories?post=3907"},{"taxonomy":"post_tag","embeddable":true,"href":"https:\/\/www.sans-avion.net\/tdm\/wp-json\/wp\/v2\/tags?post=3907"}],"curies":[{"name":"wp","href":"https:\/\/api.w.org\/{rel}","templated":true}]}}