{"id":4018,"date":"2018-02-04T05:20:24","date_gmt":"2018-02-04T04:20:24","guid":{"rendered":"http:\/\/www.sans-avion.net\/tdm\/?p=4018"},"modified":"2018-02-04T05:20:24","modified_gmt":"2018-02-04T04:20:24","slug":"rotorua-a-trois-voix","status":"publish","type":"post","link":"https:\/\/www.sans-avion.net\/tdm\/rotorua-a-trois-voix\/","title":{"rendered":"Rotorua \u00e0 trois voix"},"content":{"rendered":"<p>Nous venons de passer notre premi\u00e8re journ\u00e9e \u00e0 Rotorua. Voici le r\u00e9cit de cette journ\u00e9e, par chacune de nos trois ados&#8230;<\/p>\n<figure id=\"attachment_4080\" aria-describedby=\"caption-attachment-4080\" style=\"width: 300px\" class=\"wp-caption alignleft\"><a href=\"http:\/\/www.sans-avion.net\/tdm\/wp-content\/uploads\/ChampagnePool.jpg\"><img loading=\"lazy\" decoding=\"async\" class=\"size-medium wp-image-4080\" src=\"http:\/\/www.sans-avion.net\/tdm\/wp-content\/uploads\/ChampagnePool-300x225.jpg\" alt=\"Champagne Pool\" width=\"300\" height=\"225\" srcset=\"https:\/\/www.sans-avion.net\/tdm\/wp-content\/uploads\/ChampagnePool-300x225.jpg 300w, https:\/\/www.sans-avion.net\/tdm\/wp-content\/uploads\/ChampagnePool-768x576.jpg 768w, https:\/\/www.sans-avion.net\/tdm\/wp-content\/uploads\/ChampagnePool-1024x768.jpg 1024w, https:\/\/www.sans-avion.net\/tdm\/wp-content\/uploads\/ChampagnePool-360x270.jpg 360w\" sizes=\"auto, (max-width: 300px) 100vw, 300px\" \/><\/a><figcaption id=\"caption-attachment-4080\" class=\"wp-caption-text\">Champagne Pool<\/figcaption><\/figure>\n<hr>\n<figure id=\"attachment_4079\" aria-describedby=\"caption-attachment-4079\" style=\"width: 300px\" class=\"wp-caption alignright\"><a href=\"http:\/\/www.sans-avion.net\/tdm\/wp-content\/uploads\/P1130306.jpg\"><img loading=\"lazy\" decoding=\"async\" class=\"size-medium wp-image-4079\" src=\"http:\/\/www.sans-avion.net\/tdm\/wp-content\/uploads\/P1130306-300x225.jpg\" alt=\"on ne s'y baignerait pas !\" width=\"300\" height=\"225\" srcset=\"https:\/\/www.sans-avion.net\/tdm\/wp-content\/uploads\/P1130306-300x225.jpg 300w, https:\/\/www.sans-avion.net\/tdm\/wp-content\/uploads\/P1130306-768x576.jpg 768w, https:\/\/www.sans-avion.net\/tdm\/wp-content\/uploads\/P1130306-1024x768.jpg 1024w, https:\/\/www.sans-avion.net\/tdm\/wp-content\/uploads\/P1130306-360x270.jpg 360w\" sizes=\"auto, (max-width: 300px) 100vw, 300px\" \/><\/a><figcaption id=\"caption-attachment-4079\" class=\"wp-caption-text\">on ne s&rsquo;y baignerait pas !<\/figcaption><\/figure>\n<figure id=\"attachment_4085\" aria-describedby=\"caption-attachment-4085\" style=\"width: 300px\" class=\"wp-caption alignleft\"><a href=\"http:\/\/www.sans-avion.net\/tdm\/wp-content\/uploads\/P1130278.jpg\"><img loading=\"lazy\" decoding=\"async\" class=\"size-medium wp-image-4085\" src=\"http:\/\/www.sans-avion.net\/tdm\/wp-content\/uploads\/P1130278-300x225.jpg\" alt=\"Geyser\" width=\"300\" height=\"225\" srcset=\"https:\/\/www.sans-avion.net\/tdm\/wp-content\/uploads\/P1130278-300x225.jpg 300w, https:\/\/www.sans-avion.net\/tdm\/wp-content\/uploads\/P1130278-768x576.jpg 768w, https:\/\/www.sans-avion.net\/tdm\/wp-content\/uploads\/P1130278-1024x768.jpg 1024w, https:\/\/www.sans-avion.net\/tdm\/wp-content\/uploads\/P1130278-360x270.jpg 360w, https:\/\/www.sans-avion.net\/tdm\/wp-content\/uploads\/P1130278.jpg 2048w\" sizes=\"auto, (max-width: 300px) 100vw, 300px\" \/><\/a><figcaption id=\"caption-attachment-4085\" class=\"wp-caption-text\">Geyser<\/figcaption><\/figure>\n<h3>Audrey<\/h3>\n<p>Bonjour \u00e0 tous et \u00e0&nbsp; toutes ! \ud83d\ude42<br \/>\nJe vais vous expliquer ma journ\u00e9e finie \u00e0 pr\u00e9sent.<br \/>\nPour commencer, allons voir des sortes de minis-volcans qui crachent de la vapeur, et sentent le soufre.<\/p>\n<figure id=\"attachment_4083\" aria-describedby=\"caption-attachment-4083\" style=\"width: 300px\" class=\"wp-caption alignleft\"><a href=\"http:\/\/www.sans-avion.net\/tdm\/wp-content\/uploads\/P1130232.jpg\"><img loading=\"lazy\" decoding=\"async\" class=\"size-medium wp-image-4083\" src=\"http:\/\/www.sans-avion.net\/tdm\/wp-content\/uploads\/P1130232-300x225.jpg\" alt=\"Lady Knox Geiser\" width=\"300\" height=\"225\" srcset=\"https:\/\/www.sans-avion.net\/tdm\/wp-content\/uploads\/P1130232-300x225.jpg 300w, https:\/\/www.sans-avion.net\/tdm\/wp-content\/uploads\/P1130232-768x576.jpg 768w, https:\/\/www.sans-avion.net\/tdm\/wp-content\/uploads\/P1130232-1024x768.jpg 1024w, https:\/\/www.sans-avion.net\/tdm\/wp-content\/uploads\/P1130232-360x270.jpg 360w\" sizes=\"auto, (max-width: 300px) 100vw, 300px\" \/><\/a><figcaption id=\"caption-attachment-4083\" class=\"wp-caption-text\">Lady Knox Geiser<\/figcaption><\/figure>\n<p>Nous assistons \u00e0 un spectacle (nous ne sommes pas seuls&#8230;) appr\u00e9ci\u00e9 par la foule de touristes bien dress\u00e9e et bien assise.<br \/>\n(pas tous \u00e0 se que je vois&#8230;) Continuons la visite du parc. Nous allons voir d&rsquo;autres mini-trucs du genre sources chaudes,<br \/>\nattention 100 degr\u00e9s ou plus, taverne du diable (le nom est choisi par rapport \u00e0 la couleur que l&rsquo;on voie.) etc.<br \/>\napr\u00e8s la fin de la visite rendons-nous \u00e0 un endroit ou se trouve de la boue, qui fait de grosses bulles.<\/p>\n<figure id=\"attachment_4084\" aria-describedby=\"caption-attachment-4084\" style=\"width: 300px\" class=\"wp-caption alignright\"><a href=\"http:\/\/www.sans-avion.net\/tdm\/wp-content\/uploads\/P1130233.jpg\"><img loading=\"lazy\" decoding=\"async\" class=\"size-medium wp-image-4084\" src=\"http:\/\/www.sans-avion.net\/tdm\/wp-content\/uploads\/P1130233-300x225.jpg\" alt=\"Quelques spectateurs devant le Geyser\" width=\"300\" height=\"225\" srcset=\"https:\/\/www.sans-avion.net\/tdm\/wp-content\/uploads\/P1130233-300x225.jpg 300w, https:\/\/www.sans-avion.net\/tdm\/wp-content\/uploads\/P1130233-768x576.jpg 768w, https:\/\/www.sans-avion.net\/tdm\/wp-content\/uploads\/P1130233-1024x768.jpg 1024w, https:\/\/www.sans-avion.net\/tdm\/wp-content\/uploads\/P1130233-360x270.jpg 360w\" sizes=\"auto, (max-width: 300px) 100vw, 300px\" \/><\/a><figcaption id=\"caption-attachment-4084\" class=\"wp-caption-text\">Quelques spectateurs devant le Geyser<\/figcaption><\/figure>\n<p>Mais comme je suis pas tr\u00e8s \u00ab\u00a0heureuse\u00a0\u00bb de voir tout le temps de l&rsquo;eau, ben j&rsquo;y vais pas&#8230; (je crois que j&rsquo;ai rat\u00e9 quelque chose&#8230;)<br \/>\nNous nous installons enfin dans la maison de location et on repart aussit\u00f4t \u00e0 la meilleur partie de la journ\u00e9e!!!<br \/>\nPARC D&rsquo;ATTRACTION!!!!!!!!!!!!<br \/>\nAlors on arrive \u00e7a commence bien on voie les oeufs cabine comme aux 2 Alpes puis Chlo\u00e9 dit quelle \u00e0 trop peur pour faire de la luge ou autre.<br \/>\nPour comprendre mieux, voir photo faites avec Chlo\u00e9 et Chrystel.<\/p>\n<figure id=\"attachment_4081\" aria-describedby=\"caption-attachment-4081\" style=\"width: 300px\" class=\"wp-caption alignleft\"><a href=\"http:\/\/www.sans-avion.net\/tdm\/wp-content\/uploads\/P1130527.jpg\"><img loading=\"lazy\" decoding=\"async\" class=\"size-medium wp-image-4081\" src=\"http:\/\/www.sans-avion.net\/tdm\/wp-content\/uploads\/P1130527-300x225.jpg\" alt=\"Luge Mario kart\" width=\"300\" height=\"225\" srcset=\"https:\/\/www.sans-avion.net\/tdm\/wp-content\/uploads\/P1130527-300x225.jpg 300w, https:\/\/www.sans-avion.net\/tdm\/wp-content\/uploads\/P1130527-768x576.jpg 768w, https:\/\/www.sans-avion.net\/tdm\/wp-content\/uploads\/P1130527-1024x768.jpg 1024w, https:\/\/www.sans-avion.net\/tdm\/wp-content\/uploads\/P1130527-360x270.jpg 360w, https:\/\/www.sans-avion.net\/tdm\/wp-content\/uploads\/P1130527.jpg 2048w\" sizes=\"auto, (max-width: 300px) 100vw, 300px\" \/><\/a><figcaption id=\"caption-attachment-4081\" class=\"wp-caption-text\">Luge Mario kart<\/figcaption><\/figure>\n<p>Premi\u00e8re activit\u00e9 la luge qui descend! (comme si elle allait monter&#8230;)<br \/>\nVoir photos<\/p>\n<p>On continue \u00e7a encore et encore jusqu&rsquo;\u00e0 avoir fait 3 ou 4 tours avec Eve et Oliv<\/p>\n<figure id=\"attachment_4087\" aria-describedby=\"caption-attachment-4087\" style=\"width: 300px\" class=\"wp-caption alignright\"><a href=\"http:\/\/www.sans-avion.net\/tdm\/wp-content\/uploads\/P1130600.jpg\"><img loading=\"lazy\" decoding=\"async\" class=\"size-medium wp-image-4087\" src=\"http:\/\/www.sans-avion.net\/tdm\/wp-content\/uploads\/P1130600-300x225.jpg\" alt=\"descente luge Mario Kart\" width=\"300\" height=\"225\" srcset=\"https:\/\/www.sans-avion.net\/tdm\/wp-content\/uploads\/P1130600-300x225.jpg 300w, https:\/\/www.sans-avion.net\/tdm\/wp-content\/uploads\/P1130600-768x576.jpg 768w, https:\/\/www.sans-avion.net\/tdm\/wp-content\/uploads\/P1130600-1024x768.jpg 1024w, https:\/\/www.sans-avion.net\/tdm\/wp-content\/uploads\/P1130600-360x270.jpg 360w\" sizes=\"auto, (max-width: 300px) 100vw, 300px\" \/><\/a><figcaption id=\"caption-attachment-4087\" class=\"wp-caption-text\">descente luge Mario Kart<\/figcaption><\/figure>\n<p>C&rsquo;est l&rsquo;heure de faire de la tyrolienne !!!<br \/>\nAlors on garde une derni\u00e8re descente pour la luge apr\u00e8s la tyrolienne, on arrive : Eve, Oliv, et moi vers Chrystel et Chlo\u00e9.<\/p>\n<figure id=\"attachment_4089\" aria-describedby=\"caption-attachment-4089\" style=\"width: 300px\" class=\"wp-caption alignleft\"><a href=\"http:\/\/www.sans-avion.net\/tdm\/wp-content\/uploads\/P1130696.jpg\"><img loading=\"lazy\" decoding=\"async\" class=\"size-medium wp-image-4089\" src=\"http:\/\/www.sans-avion.net\/tdm\/wp-content\/uploads\/P1130696-300x225.jpg\" alt=\"Eve et Audrey sur la tyrolienne\" width=\"300\" height=\"225\" srcset=\"https:\/\/www.sans-avion.net\/tdm\/wp-content\/uploads\/P1130696-300x225.jpg 300w, https:\/\/www.sans-avion.net\/tdm\/wp-content\/uploads\/P1130696-768x576.jpg 768w, https:\/\/www.sans-avion.net\/tdm\/wp-content\/uploads\/P1130696-1024x768.jpg 1024w, https:\/\/www.sans-avion.net\/tdm\/wp-content\/uploads\/P1130696-360x270.jpg 360w, https:\/\/www.sans-avion.net\/tdm\/wp-content\/uploads\/P1130696.jpg 2048w\" sizes=\"auto, (max-width: 300px) 100vw, 300px\" \/><\/a><figcaption id=\"caption-attachment-4089\" class=\"wp-caption-text\">Eve et Audrey sur la tyrolienne 400 m 80 km\/h<\/figcaption><\/figure>\n<p>Alors, on leur demande si c&rsquo;est pr\u00eat pour la tyrolienne et Maman r\u00e9pond q&rsquo;un groupe a tout pris faut attendre une heure de plus pour commencer.<br \/>\nPapa commence \u00e0 s&rsquo;\u00e9nerver et va parler \u00e0 l&rsquo;instituteur qui dit de m\u00eame.<br \/>\nPapa reprend son calme et dit c&rsquo;est pas grave on va attendre.<br \/>\nAlors on attend et pour faire passer le temps maman trouve un alpaca et le prend en photo. Pendant ce temps,<br \/>\npapa nous montre une vid\u00e9o ou quelqun se crache en tyrolienne.( Chlo\u00e9 avoue quelle vient d&rsquo;\u00eatre traumatis\u00e9e)<\/p>\n<figure id=\"attachment_4086\" aria-describedby=\"caption-attachment-4086\" style=\"width: 300px\" class=\"wp-caption alignright\"><a href=\"http:\/\/www.sans-avion.net\/tdm\/wp-content\/uploads\/P1130437.jpg\"><img loading=\"lazy\" decoding=\"async\" class=\"size-medium wp-image-4086\" src=\"http:\/\/www.sans-avion.net\/tdm\/wp-content\/uploads\/P1130437-300x225.jpg\" alt=\"lac de boue en \u00e9bullition\" width=\"300\" height=\"225\" srcset=\"https:\/\/www.sans-avion.net\/tdm\/wp-content\/uploads\/P1130437-300x225.jpg 300w, https:\/\/www.sans-avion.net\/tdm\/wp-content\/uploads\/P1130437-768x576.jpg 768w, https:\/\/www.sans-avion.net\/tdm\/wp-content\/uploads\/P1130437-1024x768.jpg 1024w, https:\/\/www.sans-avion.net\/tdm\/wp-content\/uploads\/P1130437-360x270.jpg 360w, https:\/\/www.sans-avion.net\/tdm\/wp-content\/uploads\/P1130437.jpg 2048w\" sizes=\"auto, (max-width: 300px) 100vw, 300px\" \/><\/a><figcaption id=\"caption-attachment-4086\" class=\"wp-caption-text\">lac de boue en \u00e9bullition<\/figcaption><\/figure>\n<p>Nous le faisons et finalement Chlo\u00e9 appr\u00e9cie.<br \/>\nJe suis d\u00e9sol\u00e9e pour ceux qui ne comprennent pas mon langage mais c&rsquo;est la fin.<br \/>\nMerci d&rsquo;avoir regard\u00e9! \ud83d\ude42<br \/>\nAudrey<\/p>\n<hr>\n<figure id=\"attachment_4078\" aria-describedby=\"caption-attachment-4078\" style=\"width: 300px\" class=\"wp-caption alignright\"><a href=\"http:\/\/www.sans-avion.net\/tdm\/wp-content\/uploads\/P1130321.jpg\"><img loading=\"lazy\" decoding=\"async\" class=\"size-medium wp-image-4078\" src=\"http:\/\/www.sans-avion.net\/tdm\/wp-content\/uploads\/P1130321-300x225.jpg\" alt=\"Champagne pool\" width=\"300\" height=\"225\" srcset=\"https:\/\/www.sans-avion.net\/tdm\/wp-content\/uploads\/P1130321-300x225.jpg 300w, https:\/\/www.sans-avion.net\/tdm\/wp-content\/uploads\/P1130321-768x576.jpg 768w, https:\/\/www.sans-avion.net\/tdm\/wp-content\/uploads\/P1130321-1024x768.jpg 1024w, https:\/\/www.sans-avion.net\/tdm\/wp-content\/uploads\/P1130321-360x270.jpg 360w\" sizes=\"auto, (max-width: 300px) 100vw, 300px\" \/><\/a><figcaption id=\"caption-attachment-4078\" class=\"wp-caption-text\">Champagne pool<\/figcaption><\/figure>\n<h3>Chlo\u00e9<\/h3>\n<p>Aujourd&rsquo;hui, nous sommes all\u00e9s en haut d&rsquo;une montagne pour faire des activit\u00e9s touristiques. Plut\u00f4t en principal la luge et la tyrolienne.<\/p>\n<figure id=\"attachment_4092\" aria-describedby=\"caption-attachment-4092\" style=\"width: 300px\" class=\"wp-caption alignleft\"><a href=\"http:\/\/www.sans-avion.net\/tdm\/wp-content\/uploads\/P1130591.jpg\"><img loading=\"lazy\" decoding=\"async\" class=\"size-medium wp-image-4092\" src=\"http:\/\/www.sans-avion.net\/tdm\/wp-content\/uploads\/P1130591-300x225.jpg\" alt=\"pr\u00eats au d\u00e9part\" width=\"300\" height=\"225\" srcset=\"https:\/\/www.sans-avion.net\/tdm\/wp-content\/uploads\/P1130591-300x225.jpg 300w, https:\/\/www.sans-avion.net\/tdm\/wp-content\/uploads\/P1130591-768x576.jpg 768w, https:\/\/www.sans-avion.net\/tdm\/wp-content\/uploads\/P1130591-1024x768.jpg 1024w, https:\/\/www.sans-avion.net\/tdm\/wp-content\/uploads\/P1130591-360x270.jpg 360w\" sizes=\"auto, (max-width: 300px) 100vw, 300px\" \/><\/a><figcaption id=\"caption-attachment-4092\" class=\"wp-caption-text\">pr\u00eats au d\u00e9part<\/figcaption><\/figure>\n<p>Pour la luge on va dans une sorte de mini voiture comme dans Mario Kart pour descendre une montagne. Moi, j&rsquo;en avais peur donc je ne l&rsquo;ai fait qu&rsquo;une seule fois. Et pour la tyrolienne, on descend attach\u00e9 par un fil qui descend sur une longueur de ~400 m\u00e8tres. Je ne l&rsquo;ai fait qu&rsquo;une seule fois aussi, car on avait qu&rsquo;un seul ticket par personne. Alors pour le d\u00e9roulement : on prend des oeufs puis on arrive en haut !!! On prend chacun un casque pour aller ensuite vers les luges. On passe dans le cot\u00e9 facile pour la premi\u00e8re descente histoire de s&rsquo;entra\u00eener. Moi j&rsquo;avais peur de me faire mal donc j&rsquo;allais doucement. Apr\u00e8s que l&rsquo;on soit arriv\u00e9 en bas on prend les t\u00e9l\u00e9si\u00e8ges pour remonter et Oliv Audrey et Eve refont quelques tours de luge pendant que Maman et moi on les attend.<\/p>\n<figure id=\"attachment_4091\" aria-describedby=\"caption-attachment-4091\" style=\"width: 300px\" class=\"wp-caption alignleft\"><a href=\"http:\/\/www.sans-avion.net\/tdm\/wp-content\/uploads\/P1130715.jpg\"><img loading=\"lazy\" decoding=\"async\" class=\"wp-image-4091 size-medium\" title=\"Chlo\u00e9 et Audrey de retour de tyrolienne\" src=\"http:\/\/www.sans-avion.net\/tdm\/wp-content\/uploads\/P1130715-300x225.jpg\" alt=\"Chlo\u00e9 et Audrey de retour de tyrolienne\" width=\"300\" height=\"225\" srcset=\"https:\/\/www.sans-avion.net\/tdm\/wp-content\/uploads\/P1130715-300x225.jpg 300w, https:\/\/www.sans-avion.net\/tdm\/wp-content\/uploads\/P1130715-768x576.jpg 768w, https:\/\/www.sans-avion.net\/tdm\/wp-content\/uploads\/P1130715-1024x768.jpg 1024w, https:\/\/www.sans-avion.net\/tdm\/wp-content\/uploads\/P1130715-360x270.jpg 360w, https:\/\/www.sans-avion.net\/tdm\/wp-content\/uploads\/P1130715.jpg 2048w\" sizes=\"auto, (max-width: 300px) 100vw, 300px\" \/><\/a><figcaption id=\"caption-attachment-4091\" class=\"wp-caption-text\">Chlo\u00e9 et Audrey de retour de tyrolienne<\/figcaption><\/figure>\n<p>Apr\u00e8s tout \u00e7a, Oliv montre des vid\u00e9os de crash de tyrolienne donc \u00e7a commence \u00e0 me faire peur et \u00e0 me donner la boule au ventre. Mais je suis oblig\u00e9e de le faire alors je le fais quand m\u00eame. Quand on a finit la tyrolienne, Eve et Audrey refont un tour de luge et par la suite on part de la station en haut de la montagne. Voil\u00e0 c&rsquo;\u00e9tait bien!<br \/>\nBye!<\/p>\n<hr>\n<figure id=\"attachment_4077\" aria-describedby=\"caption-attachment-4077\" style=\"width: 300px\" class=\"wp-caption alignright\"><a href=\"http:\/\/www.sans-avion.net\/tdm\/wp-content\/uploads\/DSC08364.jpg\"><img loading=\"lazy\" decoding=\"async\" class=\"size-medium wp-image-4077\" src=\"http:\/\/www.sans-avion.net\/tdm\/wp-content\/uploads\/DSC08364-300x225.jpg\" alt=\"Rotorua skyline\" width=\"300\" height=\"225\" srcset=\"https:\/\/www.sans-avion.net\/tdm\/wp-content\/uploads\/DSC08364-300x225.jpg 300w, https:\/\/www.sans-avion.net\/tdm\/wp-content\/uploads\/DSC08364-768x576.jpg 768w, https:\/\/www.sans-avion.net\/tdm\/wp-content\/uploads\/DSC08364-1024x768.jpg 1024w, https:\/\/www.sans-avion.net\/tdm\/wp-content\/uploads\/DSC08364-360x270.jpg 360w\" sizes=\"auto, (max-width: 300px) 100vw, 300px\" \/><\/a><figcaption id=\"caption-attachment-4077\" class=\"wp-caption-text\">Rotorua skyline<\/figcaption><\/figure>\n<h3>Eve<\/h3>\n<p>\u00ab&nbsp; &#8211; Nous allons maintenant demander \u00e0 Eve Bourgeois son moment pr\u00e9f\u00e9r\u00e9 de la journ\u00e9e.<\/p>\n<p>&#8211; Ce que j\u2019ai aim\u00e9 le plus aujourd\u2019hui ? Hm.. Je ne sais pas. J\u2019ai beaucoup appr\u00e9ci\u00e9 les descentes en luges, mais la tyrolienne \u00e9tait tout aussi satisfaisante. J\u2019ai beaucoup aim\u00e9 le petit \u00ab&nbsp;saut \u00e0 l\u2019\u00e9lastique&nbsp;\u00bb, bien qu\u2019il n\u2019en soit pas vraiment un.<\/p>\n<figure id=\"attachment_4090\" aria-describedby=\"caption-attachment-4090\" style=\"width: 300px\" class=\"wp-caption alignleft\"><a href=\"http:\/\/www.sans-avion.net\/tdm\/wp-content\/uploads\/P1130613.jpg\"><img loading=\"lazy\" decoding=\"async\" class=\"size-medium wp-image-4090\" src=\"http:\/\/www.sans-avion.net\/tdm\/wp-content\/uploads\/P1130613-300x225.jpg\" alt=\"Chlo\u00e9 et Audrey de retour de tyrolienne\" width=\"300\" height=\"225\" srcset=\"https:\/\/www.sans-avion.net\/tdm\/wp-content\/uploads\/P1130613-300x225.jpg 300w, https:\/\/www.sans-avion.net\/tdm\/wp-content\/uploads\/P1130613-768x576.jpg 768w, https:\/\/www.sans-avion.net\/tdm\/wp-content\/uploads\/P1130613-1024x768.jpg 1024w, https:\/\/www.sans-avion.net\/tdm\/wp-content\/uploads\/P1130613-360x270.jpg 360w\" sizes=\"auto, (max-width: 300px) 100vw, 300px\" \/><\/a><figcaption id=\"caption-attachment-4090\" class=\"wp-caption-text\">Alpaga (alpaca en Quechua) blanc<\/figcaption><\/figure>\n<p>Je pense que ce dernier a \u00e9t\u00e9 ma partie pr\u00e9f\u00e9r\u00e9e de la journ\u00e9e. Mais il ne faut pas oublier le geyser et les sources chaudes ! C\u2019\u00e9tait bien aussi. Autre chose qui m\u2019a marqu\u00e9 : quand nous \u00e9tions au parc des luges, nous avons vus des alpacas, animaux qu\u2019a mon go\u00fbt nous ne v\u00e9n\u00e9rons pas assez. Ils \u00e9taient ras\u00e9s mais mignons. Des alpacas quoi ! Il y en avait trois, deux blancs et un marron. Bref, je l\u2019\u00e9loigne du sujet.<\/p>\n<p>&#8211; Merci pour vos impressions. Et je suis d\u2019accord au sujet des alpacas.&nbsp;\u00bb<\/p>\n<p>&nbsp;<\/p>\n","protected":false},"excerpt":{"rendered":"<p>Nous venons de passer notre premi\u00e8re journ\u00e9e \u00e0 Rotorua. Voici le r\u00e9cit de cette journ\u00e9e, par chacune de nos trois ados&#8230; Audrey Bonjour \u00e0 tous et \u00e0&nbsp; toutes ! \ud83d\ude42 Je vais vous expliquer ma journ\u00e9e finie \u00e0 pr\u00e9sent. Pour commencer, allons voir des sortes de minis-volcans qui crachent de la vapeur, et sentent le soufre. Nous assistons \u00e0 un spectacle (nous ne sommes pas seuls&#8230;) appr\u00e9ci\u00e9 par la foule de touristes bien dress\u00e9e et bien assise. (pas tous \u00e0&#8230;<\/p>\n<p class=\"read-more\"><a class=\"btn btn-default\" href=\"https:\/\/www.sans-avion.net\/tdm\/rotorua-a-trois-voix\/\">Lire la suite<span class=\"screen-reader-text\"> Lire la suite<\/span><\/a><\/p>\n","protected":false},"author":1,"featured_media":4020,"comment_status":"open","ping_status":"open","sticky":false,"template":"","format":"standard","meta":{"ngg_post_thumbnail":0,"footnotes":""},"categories":[2,114,506],"tags":[583,585,586,587,584],"class_list":["post-4018","post","type-post","status-publish","format-standard","has-post-thumbnail","hentry","category-actu-et-infos","category-aventure","category-nouvelle-zelande","tag-geyser","tag-luge","tag-mario","tag-rotorua","tag-tyrolienne"],"_links":{"self":[{"href":"https:\/\/www.sans-avion.net\/tdm\/wp-json\/wp\/v2\/posts\/4018","targetHints":{"allow":["GET"]}}],"collection":[{"href":"https:\/\/www.sans-avion.net\/tdm\/wp-json\/wp\/v2\/posts"}],"about":[{"href":"https:\/\/www.sans-avion.net\/tdm\/wp-json\/wp\/v2\/types\/post"}],"author":[{"embeddable":true,"href":"https:\/\/www.sans-avion.net\/tdm\/wp-json\/wp\/v2\/users\/1"}],"replies":[{"embeddable":true,"href":"https:\/\/www.sans-avion.net\/tdm\/wp-json\/wp\/v2\/comments?post=4018"}],"version-history":[{"count":8,"href":"https:\/\/www.sans-avion.net\/tdm\/wp-json\/wp\/v2\/posts\/4018\/revisions"}],"predecessor-version":[{"id":4096,"href":"https:\/\/www.sans-avion.net\/tdm\/wp-json\/wp\/v2\/posts\/4018\/revisions\/4096"}],"wp:featuredmedia":[{"embeddable":true,"href":"https:\/\/www.sans-avion.net\/tdm\/wp-json\/wp\/v2\/media\/4020"}],"wp:attachment":[{"href":"https:\/\/www.sans-avion.net\/tdm\/wp-json\/wp\/v2\/media?parent=4018"}],"wp:term":[{"taxonomy":"category","embeddable":true,"href":"https:\/\/www.sans-avion.net\/tdm\/wp-json\/wp\/v2\/categories?post=4018"},{"taxonomy":"post_tag","embeddable":true,"href":"https:\/\/www.sans-avion.net\/tdm\/wp-json\/wp\/v2\/tags?post=4018"}],"curies":[{"name":"wp","href":"https:\/\/api.w.org\/{rel}","templated":true}]}}