{"id":4178,"date":"2018-02-10T04:03:56","date_gmt":"2018-02-10T03:03:56","guid":{"rendered":"http:\/\/www.sans-avion.net\/tdm\/?p=4178"},"modified":"2018-02-09T23:01:01","modified_gmt":"2018-02-09T22:01:01","slug":"depart-pour-largentine","status":"publish","type":"post","link":"https:\/\/www.sans-avion.net\/tdm\/depart-pour-largentine\/","title":{"rendered":"D\u00e9part pour l&rsquo;Argentine"},"content":{"rendered":"<figure id=\"attachment_517\" aria-describedby=\"caption-attachment-517\" style=\"width: 180px\" class=\"wp-caption alignleft\"><a href=\"http:\/\/www.sans-avion.net\/tdm\/wp-content\/uploads\/2017\/07\/NZelande.png\"><img loading=\"lazy\" decoding=\"async\" class=\"size-full wp-image-517\" src=\"http:\/\/www.sans-avion.net\/tdm\/wp-content\/uploads\/2017\/07\/NZelande.png\" alt=\"Nouvelle Z\u00e9lande\" width=\"180\" height=\"180\" srcset=\"https:\/\/www.sans-avion.net\/tdm\/wp-content\/uploads\/2017\/07\/NZelande.png 180w, https:\/\/www.sans-avion.net\/tdm\/wp-content\/uploads\/2017\/07\/NZelande-150x150.png 150w\" sizes=\"auto, (max-width: 180px) 100vw, 180px\" \/><\/a><figcaption id=\"caption-attachment-517\" class=\"wp-caption-text\">Nouvelle Z\u00e9lande<\/figcaption><\/figure>\n<figure id=\"attachment_512\" aria-describedby=\"caption-attachment-512\" style=\"width: 180px\" class=\"wp-caption alignright\"><a href=\"http:\/\/www.sans-avion.net\/tdm\/wp-content\/uploads\/2017\/07\/Argentine.png\"><img loading=\"lazy\" decoding=\"async\" class=\"size-full wp-image-512\" src=\"http:\/\/www.sans-avion.net\/tdm\/wp-content\/uploads\/2017\/07\/Argentine.png\" alt=\"Argentine\" width=\"180\" height=\"180\" srcset=\"https:\/\/www.sans-avion.net\/tdm\/wp-content\/uploads\/2017\/07\/Argentine.png 180w, https:\/\/www.sans-avion.net\/tdm\/wp-content\/uploads\/2017\/07\/Argentine-150x150.png 150w\" sizes=\"auto, (max-width: 180px) 100vw, 180px\" \/><\/a><figcaption id=\"caption-attachment-512\" class=\"wp-caption-text\">Argentine<\/figcaption><\/figure>\n<p>Aujourd&rsquo;hui c&rsquo;est notre dernier jour \u00e0 Auckland. On prendra ce soir \u00e0 20h l&rsquo;avion pour l&rsquo;Argentine, mais on arrivera avant de partir, soit donc&#8230; \u00e0 17h ! (d\u00e9calage horaire oblige, relisez votre tour du monde en 80 jours)<\/p>\n","protected":false},"excerpt":{"rendered":"<p>Aujourd&rsquo;hui c&rsquo;est notre dernier jour \u00e0 Auckland. On prendra ce soir \u00e0 20h l&rsquo;avion pour l&rsquo;Argentine, mais on arrivera avant de partir, soit donc&#8230; \u00e0 17h ! (d\u00e9calage horaire oblige, relisez votre tour du monde en 80 jours)<\/p>\n","protected":false},"author":1,"featured_media":0,"comment_status":"open","ping_status":"open","sticky":false,"template":"","format":"aside","meta":{"ngg_post_thumbnail":0,"footnotes":""},"categories":[2,607,506],"tags":[91,609,608],"class_list":["post-4178","post","type-post","status-publish","format-aside","hentry","category-actu-et-infos","category-argentine","category-nouvelle-zelande","tag-avion","tag-changement-de-date","tag-decalage-horaire","post_format-post-format-aside"],"_links":{"self":[{"href":"https:\/\/www.sans-avion.net\/tdm\/wp-json\/wp\/v2\/posts\/4178","targetHints":{"allow":["GET"]}}],"collection":[{"href":"https:\/\/www.sans-avion.net\/tdm\/wp-json\/wp\/v2\/posts"}],"about":[{"href":"https:\/\/www.sans-avion.net\/tdm\/wp-json\/wp\/v2\/types\/post"}],"author":[{"embeddable":true,"href":"https:\/\/www.sans-avion.net\/tdm\/wp-json\/wp\/v2\/users\/1"}],"replies":[{"embeddable":true,"href":"https:\/\/www.sans-avion.net\/tdm\/wp-json\/wp\/v2\/comments?post=4178"}],"version-history":[{"count":2,"href":"https:\/\/www.sans-avion.net\/tdm\/wp-json\/wp\/v2\/posts\/4178\/revisions"}],"predecessor-version":[{"id":4310,"href":"https:\/\/www.sans-avion.net\/tdm\/wp-json\/wp\/v2\/posts\/4178\/revisions\/4310"}],"wp:attachment":[{"href":"https:\/\/www.sans-avion.net\/tdm\/wp-json\/wp\/v2\/media?parent=4178"}],"wp:term":[{"taxonomy":"category","embeddable":true,"href":"https:\/\/www.sans-avion.net\/tdm\/wp-json\/wp\/v2\/categories?post=4178"},{"taxonomy":"post_tag","embeddable":true,"href":"https:\/\/www.sans-avion.net\/tdm\/wp-json\/wp\/v2\/tags?post=4178"}],"curies":[{"name":"wp","href":"https:\/\/api.w.org\/{rel}","templated":true}]}}