{"id":4312,"date":"2018-02-14T17:57:16","date_gmt":"2018-02-14T16:57:16","guid":{"rendered":"http:\/\/www.sans-avion.net\/tdm\/?p=4312"},"modified":"2018-02-14T17:57:16","modified_gmt":"2018-02-14T16:57:16","slug":"largentine-en-un-seul-article-avec-un-homme-tronc-au-milieu","status":"publish","type":"post","link":"https:\/\/www.sans-avion.net\/tdm\/largentine-en-un-seul-article-avec-un-homme-tronc-au-milieu\/","title":{"rendered":"L&rsquo;Argentine en un seul article, avec un homme tronc au milieu"},"content":{"rendered":"<h3>Racket<\/h3>\n<p>Il para\u00eet que vous avez \u00e9t\u00e9 bien sages, alors voici un article unique sur l&rsquo;Argentine. D\u00e8s notre arriv\u00e9e \u00e0 l&rsquo;a\u00e9roport, et malgr\u00e9 une pr\u00e9paration m\u00e9ticuleuse (sans vouloir nous lancer de fleurs, vous commencez \u00e0 savoir qu&rsquo;on ne part \u00e0 l&rsquo;aventure que bien pr\u00e9par\u00e9) nous faisons face \u00e0 une v\u00e9ritable mafia pour se rendre en ville. Vous avez le choix entre des taxis \u00e0 touristes, ou des taxis \u00e0 touristes. Il y a bien s\u00fbr l&rsquo;option du bus local, qui n&rsquo;est m\u00eame pas indiqu\u00e9, mais qu&rsquo;on peut prendre si on le sait. Nous, on le sait. Mais on sait aussi qu&rsquo;on en aura pour 2h45 de bus avec deux correspondances&nbsp; alors qu&rsquo;on sort de 12h de vol et qu&rsquo;on accuse 16h de d\u00e9calage horaire, ce qui est d\u00e9j\u00e0 honorable, et comme personne ne dort bien dans un avion en classe \u00e9co, on est vann\u00e9s. Donc on opte pour le racket et on paye notre taxi, enfin nos taxis car bien s\u00fbr on est cinq et avec nos bagages \u00e7a ne tient pas dans un seul v\u00e9hicule. Lesquels sont d&rsquo;ailleurs des v\u00e9hicules europ\u00e9ens, deux Renault. Enfin bref, le truc est bien r\u00f4d\u00e9, surtout les tarifs qui sont vertigineux : plus cher que le total de ce qu&rsquo;on d\u00e9pensera dans notre s\u00e9jour ici. Mais bon c&rsquo;est le jeu, j&rsquo;ai bien regard\u00e9 et je me suis bien renseign\u00e9, tous les <del>couillons<\/del> touristes payent ce tarif-l\u00e0. On ne peut m\u00eame pas se dire qu&rsquo;on a \u00e9t\u00e9 escroqu\u00e9s !<\/p>\n<figure id=\"attachment_4313\" aria-describedby=\"caption-attachment-4313\" style=\"width: 640px\" class=\"wp-caption aligncenter\"><a href=\"http:\/\/www.sans-avion.net\/tdm\/wp-content\/uploads\/P1140313-Custom.jpg\"><img loading=\"lazy\" decoding=\"async\" class=\"size-large wp-image-4313\" src=\"http:\/\/www.sans-avion.net\/tdm\/wp-content\/uploads\/P1140313-Custom-1024x768.jpg\" alt=\"il y a plein de voitures europ\u00e9ennes ici, on n'en avait plus vu depuis longtemps\" width=\"640\" height=\"480\" srcset=\"https:\/\/www.sans-avion.net\/tdm\/wp-content\/uploads\/P1140313-Custom-1024x768.jpg 1024w, https:\/\/www.sans-avion.net\/tdm\/wp-content\/uploads\/P1140313-Custom-300x225.jpg 300w, https:\/\/www.sans-avion.net\/tdm\/wp-content\/uploads\/P1140313-Custom-768x576.jpg 768w, https:\/\/www.sans-avion.net\/tdm\/wp-content\/uploads\/P1140313-Custom-360x270.jpg 360w\" sizes=\"auto, (max-width: 640px) 100vw, 640px\" \/><\/a><figcaption id=\"caption-attachment-4313\" class=\"wp-caption-text\">il y a plein de voitures europ\u00e9ennes ici, on n&rsquo;en avait plus vu depuis longtemps<\/figcaption><\/figure>\n<h3>C&rsquo;est la mis\u00e8re !<\/h3>\n<p>On en a quand m\u00eame pour 45 minutes de taxi pour aller en centre-ville. Bienvenue \u00e0 Buenos Aires, grosse agglom\u00e9ration de plus de 14,5 millions d&rsquo;habitants ! Notre h\u00f4tel est situ\u00e9 place de la Mis\u00e8re. La vie en Argentine est nettement moins ch\u00e8re que celle en Nouvelle-Z\u00e9lande : pour nous cinq dans un h\u00f4tel trois \u00e9toiles, on paye 36\u20ac par nuit, avec petit d\u00e9jeuner inclus. Mais comment faire, en plein centre d&rsquo;une capitale r\u00e9put\u00e9e ch\u00e8re ? Tout simple, il suffit de conna\u00eetre la <em>\u00ab\u00a0Resoluci\u00f3n Conjunta General 3971 de la Administraci\u00f3n Federal de Ingresos P\u00fablicos y el Ministerio de Turismo de la Naci\u00f3n\u00a0\u00bb,&nbsp;<\/em>bien entendu. Ah, \u00e7a ne vous dit rien ? Bah, en deux mots : vous ne payez pas les 21% de TVA sur l&rsquo;h\u00f4tel et sur les petits d\u00e9jeuners, si vous \u00eates un touriste et que vous payez par carte. Sympa (mais \u00e0 bien r\u00e9clamer \u00e0 l&rsquo;h\u00f4tel en donnant la r\u00e9f\u00e9rence l\u00e9gale, sinon c&rsquo;est 21% plus cher) !<\/p>\n<figure id=\"attachment_4314\" aria-describedby=\"caption-attachment-4314\" style=\"width: 640px\" class=\"wp-caption aligncenter\"><a href=\"http:\/\/www.sans-avion.net\/tdm\/wp-content\/uploads\/P1140316-Custom.jpg\"><img loading=\"lazy\" decoding=\"async\" class=\"size-large wp-image-4314\" src=\"http:\/\/www.sans-avion.net\/tdm\/wp-content\/uploads\/P1140316-Custom-1024x768.jpg\" alt=\"la place de la Mis\u00e8re (\u00e7a ne s'invente pas) et l'entr\u00e9e du m\u00e9tro\" width=\"640\" height=\"480\" srcset=\"https:\/\/www.sans-avion.net\/tdm\/wp-content\/uploads\/P1140316-Custom-1024x768.jpg 1024w, https:\/\/www.sans-avion.net\/tdm\/wp-content\/uploads\/P1140316-Custom-300x225.jpg 300w, https:\/\/www.sans-avion.net\/tdm\/wp-content\/uploads\/P1140316-Custom-768x576.jpg 768w, https:\/\/www.sans-avion.net\/tdm\/wp-content\/uploads\/P1140316-Custom-360x270.jpg 360w\" sizes=\"auto, (max-width: 640px) 100vw, 640px\" \/><\/a><figcaption id=\"caption-attachment-4314\" class=\"wp-caption-text\">la place de la Mis\u00e8re (\u00e7a ne s&rsquo;invente pas) et l&rsquo;entr\u00e9e du m\u00e9tro<\/figcaption><\/figure>\n<p>Sur la place, on trouve de petits stands qui vendent toutes sortes de choses \u00e0 boire ou \u00e0 manger. Exemple de tarifs : une sachet de chouchous (cacahu\u00e8tes caram\u00e9lis\u00e9es, comme \u00e0 la plage) co\u00fbte 10 Pesos (~0,40\u20ac) ou un gros hot-dog avec frites pour 30 Pesos (~1,20\u20ac). Comme m&rsquo;avait expliqu\u00e9 Isabelle, ici on mange dans la rue.<\/p>\n<p>Mais voici qu&rsquo;arrivent Pierre et Lenny. C&rsquo;est qui ? Pierre c&rsquo;est le monsieur \u00e0 lunettes au milieu de cette photo :<\/p>\n<figure id=\"attachment_4315\" aria-describedby=\"caption-attachment-4315\" style=\"width: 640px\" class=\"wp-caption aligncenter\"><a href=\"http:\/\/www.sans-avion.net\/tdm\/wp-content\/uploads\/P1140317-Custom.jpg\"><img loading=\"lazy\" decoding=\"async\" class=\"size-large wp-image-4315\" src=\"http:\/\/www.sans-avion.net\/tdm\/wp-content\/uploads\/P1140317-Custom-1024x768.jpg\" alt=\"dans le m\u00e9tro de Buenos Aires\" width=\"640\" height=\"480\" srcset=\"https:\/\/www.sans-avion.net\/tdm\/wp-content\/uploads\/P1140317-Custom-1024x768.jpg 1024w, https:\/\/www.sans-avion.net\/tdm\/wp-content\/uploads\/P1140317-Custom-300x225.jpg 300w, https:\/\/www.sans-avion.net\/tdm\/wp-content\/uploads\/P1140317-Custom-768x576.jpg 768w, https:\/\/www.sans-avion.net\/tdm\/wp-content\/uploads\/P1140317-Custom-360x270.jpg 360w\" sizes=\"auto, (max-width: 640px) 100vw, 640px\" \/><\/a><figcaption id=\"caption-attachment-4315\" class=\"wp-caption-text\">dans le m\u00e9tro de Buenos Aires<\/figcaption><\/figure>\n<p>Ils sont arriv\u00e9s nous rejoindre \u00e0 Buenos Aires et vont passer quelques jours avec nous. On commence donc par une visite de la ville, avec en premier arr\u00eat l&rsquo;ob\u00e9lisque de la ville.<\/p>\n<figure id=\"attachment_4316\" aria-describedby=\"caption-attachment-4316\" style=\"width: 225px\" class=\"wp-caption aligncenter\"><a href=\"http:\/\/www.sans-avion.net\/tdm\/wp-content\/uploads\/P1140319-Custom.jpg\"><img loading=\"lazy\" decoding=\"async\" class=\"wp-image-4316 size-medium\" src=\"http:\/\/www.sans-avion.net\/tdm\/wp-content\/uploads\/P1140319-Custom-225x300.jpg\" alt=\"L'ob\u00e9lisque de Buenos Aires\" width=\"225\" height=\"300\" srcset=\"https:\/\/www.sans-avion.net\/tdm\/wp-content\/uploads\/P1140319-Custom-225x300.jpg 225w, https:\/\/www.sans-avion.net\/tdm\/wp-content\/uploads\/P1140319-Custom-768x1024.jpg 768w, https:\/\/www.sans-avion.net\/tdm\/wp-content\/uploads\/P1140319-Custom-203x270.jpg 203w\" sizes=\"auto, (max-width: 225px) 100vw, 225px\" \/><\/a><figcaption id=\"caption-attachment-4316\" class=\"wp-caption-text\">L&rsquo;ob\u00e9lisque de Buenos Aires<\/figcaption><\/figure>\n<p>On trouve plein d&rsquo;endroits avec des images de Mafalda (et de ses amis), il faut se rappeler que Quino est Argentin. Mafalda \u00e9tant une de nos BD de r\u00e9f\u00e9rence, on ne pouvait pas passer devant sans faire la photo !<\/p>\n<figure id=\"attachment_4317\" aria-describedby=\"caption-attachment-4317\" style=\"width: 640px\" class=\"wp-caption aligncenter\"><a href=\"http:\/\/www.sans-avion.net\/tdm\/wp-content\/uploads\/P1140321-Custom.jpg\"><img loading=\"lazy\" decoding=\"async\" class=\"size-large wp-image-4317\" src=\"http:\/\/www.sans-avion.net\/tdm\/wp-content\/uploads\/P1140321-Custom-1024x768.jpg\" alt=\"Mafalda, Made in Argentina !\" width=\"640\" height=\"480\" srcset=\"https:\/\/www.sans-avion.net\/tdm\/wp-content\/uploads\/P1140321-Custom-1024x768.jpg 1024w, https:\/\/www.sans-avion.net\/tdm\/wp-content\/uploads\/P1140321-Custom-300x225.jpg 300w, https:\/\/www.sans-avion.net\/tdm\/wp-content\/uploads\/P1140321-Custom-768x576.jpg 768w, https:\/\/www.sans-avion.net\/tdm\/wp-content\/uploads\/P1140321-Custom-360x270.jpg 360w\" sizes=\"auto, (max-width: 640px) 100vw, 640px\" \/><\/a><figcaption id=\"caption-attachment-4317\" class=\"wp-caption-text\">Mafalda, Made in Argentina !<\/figcaption><\/figure>\n<h3>Et l&rsquo;homme tronc arriva<\/h3>\n<p>Et alors que nous nous promenons tranquillement, nous nous retrouvons devant un homme tronc. C&rsquo;est assez \u00e9tonnant sur le moment, surtout quand on ne s&rsquo;y attend pas. Voici donc la photo, avec nos filles devant en mode \u00ab\u00a0placement de produit\u00a0\u00bb.<\/p>\n<p>Mais oui, c&rsquo;est dans un parc que \u00e7a se passe, regardez plut\u00f4t :<\/p>\n<figure id=\"attachment_4318\" aria-describedby=\"caption-attachment-4318\" style=\"width: 640px\" class=\"wp-caption aligncenter\"><a href=\"http:\/\/www.sans-avion.net\/tdm\/wp-content\/uploads\/P1140322-Custom.jpg\"><img loading=\"lazy\" decoding=\"async\" class=\"size-large wp-image-4318\" src=\"http:\/\/www.sans-avion.net\/tdm\/wp-content\/uploads\/P1140322-Custom-1024x768.jpg\" alt=\"l'homme tronc, plut\u00f4t muscl\u00e9\" width=\"640\" height=\"480\" srcset=\"https:\/\/www.sans-avion.net\/tdm\/wp-content\/uploads\/P1140322-Custom-1024x768.jpg 1024w, https:\/\/www.sans-avion.net\/tdm\/wp-content\/uploads\/P1140322-Custom-300x225.jpg 300w, https:\/\/www.sans-avion.net\/tdm\/wp-content\/uploads\/P1140322-Custom-768x576.jpg 768w, https:\/\/www.sans-avion.net\/tdm\/wp-content\/uploads\/P1140322-Custom-360x270.jpg 360w\" sizes=\"auto, (max-width: 640px) 100vw, 640px\" \/><\/a><figcaption id=\"caption-attachment-4318\" class=\"wp-caption-text\">l&rsquo;homme tronc, plut\u00f4t muscl\u00e9<\/figcaption><\/figure>\n<p>On continue dans ce parc en direction d&rsquo;une grosse fleur m\u00e9tallique. Le truc, c&rsquo;est qu&rsquo;elle a ses p\u00e9tales qui s&rsquo;ouvrent le matin et se referment le soir. Enfin \u00e7a c&rsquo;\u00e9tait quand ils l&rsquo;ont install\u00e9e, depuis le moteur est tomb\u00e9 en panne, et \u00e7a fait des ann\u00e9es que la municipalit\u00e9 et le sponsor se renvoient la balle pour savoir qui doit le r\u00e9parer. Mais il para\u00eet que c&rsquo;est comme \u00e7a que \u00e7a marche ici.<\/p>\n<figure id=\"attachment_4319\" aria-describedby=\"caption-attachment-4319\" style=\"width: 640px\" class=\"wp-caption aligncenter\"><a href=\"http:\/\/www.sans-avion.net\/tdm\/wp-content\/uploads\/P1140323-Custom.jpg\"><img loading=\"lazy\" decoding=\"async\" class=\"size-large wp-image-4319\" src=\"http:\/\/www.sans-avion.net\/tdm\/wp-content\/uploads\/P1140323-Custom-1024x768.jpg\" alt=\"au loin \u00e0 droite on observe la fleur en panne\" width=\"640\" height=\"480\" srcset=\"https:\/\/www.sans-avion.net\/tdm\/wp-content\/uploads\/P1140323-Custom-1024x768.jpg 1024w, https:\/\/www.sans-avion.net\/tdm\/wp-content\/uploads\/P1140323-Custom-300x225.jpg 300w, https:\/\/www.sans-avion.net\/tdm\/wp-content\/uploads\/P1140323-Custom-768x576.jpg 768w, https:\/\/www.sans-avion.net\/tdm\/wp-content\/uploads\/P1140323-Custom-360x270.jpg 360w\" sizes=\"auto, (max-width: 640px) 100vw, 640px\" \/><\/a><figcaption id=\"caption-attachment-4319\" class=\"wp-caption-text\">au loin \u00e0 droite on observe la fleur en panne<\/figcaption><\/figure>\n<figure id=\"attachment_4320\" aria-describedby=\"caption-attachment-4320\" style=\"width: 640px\" class=\"wp-caption aligncenter\"><a href=\"http:\/\/www.sans-avion.net\/tdm\/wp-content\/uploads\/P1140326-Custom.jpg\"><img loading=\"lazy\" decoding=\"async\" class=\"size-large wp-image-4320\" src=\"http:\/\/www.sans-avion.net\/tdm\/wp-content\/uploads\/P1140326-Custom-1024x768.jpg\" alt=\"la fine \u00e9quipe\" width=\"640\" height=\"480\" srcset=\"https:\/\/www.sans-avion.net\/tdm\/wp-content\/uploads\/P1140326-Custom-1024x768.jpg 1024w, https:\/\/www.sans-avion.net\/tdm\/wp-content\/uploads\/P1140326-Custom-300x225.jpg 300w, https:\/\/www.sans-avion.net\/tdm\/wp-content\/uploads\/P1140326-Custom-768x576.jpg 768w, https:\/\/www.sans-avion.net\/tdm\/wp-content\/uploads\/P1140326-Custom-360x270.jpg 360w\" sizes=\"auto, (max-width: 640px) 100vw, 640px\" \/><\/a><figcaption id=\"caption-attachment-4320\" class=\"wp-caption-text\">la fine \u00e9quipe devant l&rsquo;entr\u00e9e de la galerie d&rsquo;art<\/figcaption><\/figure>\n<figure id=\"attachment_4321\" aria-describedby=\"caption-attachment-4321\" style=\"width: 640px\" class=\"wp-caption aligncenter\"><a href=\"http:\/\/www.sans-avion.net\/tdm\/wp-content\/uploads\/P1140328-Custom.jpg\"><img loading=\"lazy\" decoding=\"async\" class=\"size-large wp-image-4321\" src=\"http:\/\/www.sans-avion.net\/tdm\/wp-content\/uploads\/P1140328-Custom-1024x768.jpg\" alt=\"un peu d'architecture\" width=\"640\" height=\"480\" srcset=\"https:\/\/www.sans-avion.net\/tdm\/wp-content\/uploads\/P1140328-Custom-1024x768.jpg 1024w, https:\/\/www.sans-avion.net\/tdm\/wp-content\/uploads\/P1140328-Custom-300x225.jpg 300w, https:\/\/www.sans-avion.net\/tdm\/wp-content\/uploads\/P1140328-Custom-768x576.jpg 768w, https:\/\/www.sans-avion.net\/tdm\/wp-content\/uploads\/P1140328-Custom-360x270.jpg 360w\" sizes=\"auto, (max-width: 640px) 100vw, 640px\" \/><\/a><figcaption id=\"caption-attachment-4321\" class=\"wp-caption-text\">un peu d&rsquo;architecture<\/figcaption><\/figure>\n<figure id=\"attachment_4322\" aria-describedby=\"caption-attachment-4322\" style=\"width: 640px\" class=\"wp-caption aligncenter\"><a href=\"http:\/\/www.sans-avion.net\/tdm\/wp-content\/uploads\/P1140329-Custom.jpg\"><img loading=\"lazy\" decoding=\"async\" class=\"size-large wp-image-4322\" src=\"http:\/\/www.sans-avion.net\/tdm\/wp-content\/uploads\/P1140329-Custom-1024x768.jpg\" alt=\"le fameux bar &quot;la bielle&quot; pour les fans de m\u00e9canique\" width=\"640\" height=\"480\" srcset=\"https:\/\/www.sans-avion.net\/tdm\/wp-content\/uploads\/P1140329-Custom-1024x768.jpg 1024w, https:\/\/www.sans-avion.net\/tdm\/wp-content\/uploads\/P1140329-Custom-300x225.jpg 300w, https:\/\/www.sans-avion.net\/tdm\/wp-content\/uploads\/P1140329-Custom-768x576.jpg 768w, https:\/\/www.sans-avion.net\/tdm\/wp-content\/uploads\/P1140329-Custom-360x270.jpg 360w\" sizes=\"auto, (max-width: 640px) 100vw, 640px\" \/><\/a><figcaption id=\"caption-attachment-4322\" class=\"wp-caption-text\">le fameux bar \u00ab\u00a0la bielle\u00a0\u00bb pour les fans de m\u00e9canique<\/figcaption><\/figure>\n<figure id=\"attachment_4323\" aria-describedby=\"caption-attachment-4323\" style=\"width: 640px\" class=\"wp-caption aligncenter\"><a href=\"http:\/\/www.sans-avion.net\/tdm\/wp-content\/uploads\/P1140331-Custom.jpg\"><img loading=\"lazy\" decoding=\"async\" class=\"size-large wp-image-4323\" src=\"http:\/\/www.sans-avion.net\/tdm\/wp-content\/uploads\/P1140331-Custom-1024x768.jpg\" alt=\"le vin local est bon !\" width=\"640\" height=\"480\" srcset=\"https:\/\/www.sans-avion.net\/tdm\/wp-content\/uploads\/P1140331-Custom-1024x768.jpg 1024w, https:\/\/www.sans-avion.net\/tdm\/wp-content\/uploads\/P1140331-Custom-300x225.jpg 300w, https:\/\/www.sans-avion.net\/tdm\/wp-content\/uploads\/P1140331-Custom-768x576.jpg 768w, https:\/\/www.sans-avion.net\/tdm\/wp-content\/uploads\/P1140331-Custom-360x270.jpg 360w\" sizes=\"auto, (max-width: 640px) 100vw, 640px\" \/><\/a><figcaption id=\"caption-attachment-4323\" class=\"wp-caption-text\">le vin local est bon ! La viande aussi (mais \u00e7a, on l&rsquo;a d\u00e9j\u00e0 mang\u00e9e), sacr\u00e9es retrouvailles !<\/figcaption><\/figure>\n<h3>Gal\u00e8re au port de Buenos Aires<\/h3>\n<p>L&rsquo;aventure continue d\u00e8s le lendemain, nous devons prendre le ferry au port de Buenos Aires, en direction de l&rsquo;Uruguay. Voil\u00e0 pourquoi on aura peu racont\u00e9 de choses sur l&rsquo;Argentine, on n&rsquo;y reste que 3 nuits. Mais ne vous inqui\u00e9tez pas, on y reviendra bient\u00f4t. Aujourd&rsquo;hui donc, on se rend au port. Apr\u00e8s avoir demand\u00e9 au monsieur de l&rsquo;h\u00f4tel dans un espagnol inexistant comment se rendre sur place, on prend le m\u00e9tro, puis un autre m\u00e9tro, puis on marche et on arrive l\u00e0 :<\/p>\n<figure id=\"attachment_4324\" aria-describedby=\"caption-attachment-4324\" style=\"width: 640px\" class=\"wp-caption aligncenter\"><a href=\"http:\/\/www.sans-avion.net\/tdm\/wp-content\/uploads\/P1140332-Custom.jpg\"><img loading=\"lazy\" decoding=\"async\" class=\"size-large wp-image-4324\" src=\"http:\/\/www.sans-avion.net\/tdm\/wp-content\/uploads\/P1140332-Custom-1024x768.jpg\" alt=\"la zone porturaire est en pleine reconstruction\" width=\"640\" height=\"480\" srcset=\"https:\/\/www.sans-avion.net\/tdm\/wp-content\/uploads\/P1140332-Custom-1024x768.jpg 1024w, https:\/\/www.sans-avion.net\/tdm\/wp-content\/uploads\/P1140332-Custom-300x225.jpg 300w, https:\/\/www.sans-avion.net\/tdm\/wp-content\/uploads\/P1140332-Custom-768x576.jpg 768w, https:\/\/www.sans-avion.net\/tdm\/wp-content\/uploads\/P1140332-Custom-360x270.jpg 360w\" sizes=\"auto, (max-width: 640px) 100vw, 640px\" \/><\/a><figcaption id=\"caption-attachment-4324\" class=\"wp-caption-text\">la zone porturaire est en pleine reconstruction<\/figcaption><\/figure>\n<p>Et bien s\u00fbr, pas de quai ni de ferry. On avise une policia, qui nous fait aller par l\u00e0 pendant un bon moment, sous le soleil. Enfin on ne s&rsquo;en plaint pas, on pr\u00e9f\u00e8re avoir chaud que subir encore la pluie !<\/p>\n<p>Ah, et au loin, on trouve enfin le terminal de ferry ! Tant mieux, car on avait pris une heure de marge, et il ne reste que 15 minutes avant l&rsquo;enregistrement. Sauf que j&rsquo;ai un vieux doute quand je lis \u00ab\u00a0baquebus\u00a0\u00bb sur le terminal. C&rsquo;est le nom de la compagnie concurrente de celle qu&rsquo;on prend : Colonia Express. Je me renseigne aupr\u00e8s de la mignonne de l&rsquo;accueil, qui me r\u00e9pond que non monsieur, vous n&rsquo;\u00eates pas au bon terminal, le v\u00f4tre est \u00e0 l&rsquo;autre bout du port (donc encore plus loin), \u00e0 30 blocs d&rsquo;ici. Aucune chance d&rsquo;y arriver \u00e0 temps \u00e0 pied.&nbsp;<\/p>\n<p>On saute dans la rue, et on arr\u00eate les deux premiers taxis qui passent : n&rsquo;oubliez pas qu&rsquo;on est 7 avec bagages maintenant. Je me retrouve devant, avec mon sac sur les genoux, le pauvre chauffeur ne peut m\u00eame plus voir son r\u00e9tro. Il fonce \u00e0 pleine vitesse \u00e0 travers le labyrinthe de travaux qui constitue le port car il est pay\u00e9 \u00e0 la distance et non au temps. Vite vite chauffeur, on a un ferry \u00e0 prendre !<\/p>\n<figure id=\"attachment_4325\" aria-describedby=\"caption-attachment-4325\" style=\"width: 640px\" class=\"wp-caption aligncenter\"><a href=\"http:\/\/www.sans-avion.net\/tdm\/wp-content\/uploads\/P1140334-Custom.jpg\"><img loading=\"lazy\" decoding=\"async\" class=\"size-large wp-image-4325\" src=\"http:\/\/www.sans-avion.net\/tdm\/wp-content\/uploads\/P1140334-Custom-1024x768.jpg\" alt=\"\u00e0 bord du taxi en route pour le ferry\" width=\"640\" height=\"480\" srcset=\"https:\/\/www.sans-avion.net\/tdm\/wp-content\/uploads\/P1140334-Custom-1024x768.jpg 1024w, https:\/\/www.sans-avion.net\/tdm\/wp-content\/uploads\/P1140334-Custom-300x225.jpg 300w, https:\/\/www.sans-avion.net\/tdm\/wp-content\/uploads\/P1140334-Custom-768x576.jpg 768w, https:\/\/www.sans-avion.net\/tdm\/wp-content\/uploads\/P1140334-Custom-360x270.jpg 360w\" sizes=\"auto, (max-width: 640px) 100vw, 640px\" \/><\/a><figcaption id=\"caption-attachment-4325\" class=\"wp-caption-text\">\u00e0 bord du taxi en route pour le ferry<\/figcaption><\/figure>\n<p>On arrive enfin \u00e0 temps au terminal, mais il fallait pr\u00e9-imprimer les boarding passes (alors qu&rsquo;\u00e0 l&rsquo;a\u00e9roport c&rsquo;est l&rsquo;inverse, il ne faut plus les imprimer). Heureusement, moyennant 40 Pesos (~1,50\u20ac) une gentille dame d&rsquo;un guichet sp\u00e9cial le fait pour nous tous. Vu le guichet en question, on sent que c&rsquo;est encore une belle arnaque \u00e0 touristes. Bah tant pis, vu le tarif c&rsquo;est acceptable !<\/p>\n<p>Et nous voici affubl\u00e9s d&rsquo;un nouveau tampon sur le passeport, on monte \u00e0 bord du ferry express, qui est une sorte de catamaran g\u00e9ant mais avec deux \u00e9normes moteurs et bien s\u00fbr pas de voile (oui je n&rsquo;y connais rien bateaux, alors les sp\u00e9cialistes peuvent ricaner) et l&rsquo;engin fonce vraiment, il vole litt\u00e9ralement sur l&rsquo;eau. C&rsquo;est g\u00e9nial, il traverse l&rsquo;estuaire en une heure alors que le concurrent en met trois.<\/p>\n<p>Et voil\u00e0, nous avons quitt\u00e9 l&rsquo;Argentine ! En route pour l&rsquo;Uruguay !<\/p>\n<figure id=\"attachment_4327\" aria-describedby=\"caption-attachment-4327\" style=\"width: 640px\" class=\"wp-caption aligncenter\"><a href=\"http:\/\/www.sans-avion.net\/tdm\/wp-content\/uploads\/ferry-2-Custom.jpg\"><img loading=\"lazy\" decoding=\"async\" class=\"size-large wp-image-4327\" src=\"http:\/\/www.sans-avion.net\/tdm\/wp-content\/uploads\/ferry-2-Custom-1024x768.jpg\" alt=\"\u00e0 bord du ferry\" width=\"640\" height=\"480\" srcset=\"https:\/\/www.sans-avion.net\/tdm\/wp-content\/uploads\/ferry-2-Custom-1024x768.jpg 1024w, https:\/\/www.sans-avion.net\/tdm\/wp-content\/uploads\/ferry-2-Custom-300x225.jpg 300w, https:\/\/www.sans-avion.net\/tdm\/wp-content\/uploads\/ferry-2-Custom-768x576.jpg 768w, https:\/\/www.sans-avion.net\/tdm\/wp-content\/uploads\/ferry-2-Custom-360x270.jpg 360w\" sizes=\"auto, (max-width: 640px) 100vw, 640px\" \/><\/a><figcaption id=\"caption-attachment-4327\" class=\"wp-caption-text\">\u00e0 bord du ferry<\/figcaption><\/figure>\n<figure id=\"attachment_4328\" aria-describedby=\"caption-attachment-4328\" style=\"width: 640px\" class=\"wp-caption aligncenter\"><a href=\"http:\/\/www.sans-avion.net\/tdm\/wp-content\/uploads\/ferry-1-Custom.jpg\"><img loading=\"lazy\" decoding=\"async\" class=\"size-large wp-image-4328\" src=\"http:\/\/www.sans-avion.net\/tdm\/wp-content\/uploads\/ferry-1-Custom-1024x768.jpg\" alt=\"la skyline de Buenos Aires et le drapeau Uruguayen\" width=\"640\" height=\"480\" srcset=\"https:\/\/www.sans-avion.net\/tdm\/wp-content\/uploads\/ferry-1-Custom-1024x768.jpg 1024w, https:\/\/www.sans-avion.net\/tdm\/wp-content\/uploads\/ferry-1-Custom-300x225.jpg 300w, https:\/\/www.sans-avion.net\/tdm\/wp-content\/uploads\/ferry-1-Custom-768x576.jpg 768w, https:\/\/www.sans-avion.net\/tdm\/wp-content\/uploads\/ferry-1-Custom-360x270.jpg 360w\" sizes=\"auto, (max-width: 640px) 100vw, 640px\" \/><\/a><figcaption id=\"caption-attachment-4328\" class=\"wp-caption-text\">la skyline de Buenos Aires et le drapeau Uruguayen<\/figcaption><\/figure>\n<p>&nbsp;<\/p>\n","protected":false},"excerpt":{"rendered":"<p>Racket Il para\u00eet que vous avez \u00e9t\u00e9 bien sages, alors voici un article unique sur l&rsquo;Argentine. D\u00e8s notre arriv\u00e9e \u00e0 l&rsquo;a\u00e9roport, et malgr\u00e9 une pr\u00e9paration m\u00e9ticuleuse (sans vouloir nous lancer de fleurs, vous commencez \u00e0 savoir qu&rsquo;on ne part \u00e0 l&rsquo;aventure que bien pr\u00e9par\u00e9) nous faisons face \u00e0 une v\u00e9ritable mafia pour se rendre en ville. Vous avez le choix entre des taxis \u00e0 touristes, ou des taxis \u00e0 touristes. Il y a bien s\u00fbr l&rsquo;option du bus local, qui&#8230;<\/p>\n<p class=\"read-more\"><a class=\"btn btn-default\" href=\"https:\/\/www.sans-avion.net\/tdm\/largentine-en-un-seul-article-avec-un-homme-tronc-au-milieu\/\">Lire la suite<span class=\"screen-reader-text\"> Lire la suite<\/span><\/a><\/p>\n","protected":false},"author":1,"featured_media":4330,"comment_status":"open","ping_status":"open","sticky":false,"template":"","format":"standard","meta":{"ngg_post_thumbnail":0,"footnotes":""},"categories":[2,607],"tags":[378,611,616,462,614,613,617,610,100,612,432,615,123,281],"class_list":["post-4312","post","type-post","status-publish","format-standard","has-post-thumbnail","hentry","category-actu-et-infos","category-argentine","tag-arnaque","tag-buenos-aires","tag-eglise","tag-ferry","tag-homme-tronc","tag-lenny","tag-mafalda","tag-mafia","tag-metro","tag-pierre","tag-port","tag-statue","tag-taxi","tag-touristes"],"_links":{"self":[{"href":"https:\/\/www.sans-avion.net\/tdm\/wp-json\/wp\/v2\/posts\/4312","targetHints":{"allow":["GET"]}}],"collection":[{"href":"https:\/\/www.sans-avion.net\/tdm\/wp-json\/wp\/v2\/posts"}],"about":[{"href":"https:\/\/www.sans-avion.net\/tdm\/wp-json\/wp\/v2\/types\/post"}],"author":[{"embeddable":true,"href":"https:\/\/www.sans-avion.net\/tdm\/wp-json\/wp\/v2\/users\/1"}],"replies":[{"embeddable":true,"href":"https:\/\/www.sans-avion.net\/tdm\/wp-json\/wp\/v2\/comments?post=4312"}],"version-history":[{"count":3,"href":"https:\/\/www.sans-avion.net\/tdm\/wp-json\/wp\/v2\/posts\/4312\/revisions"}],"predecessor-version":[{"id":4331,"href":"https:\/\/www.sans-avion.net\/tdm\/wp-json\/wp\/v2\/posts\/4312\/revisions\/4331"}],"wp:featuredmedia":[{"embeddable":true,"href":"https:\/\/www.sans-avion.net\/tdm\/wp-json\/wp\/v2\/media\/4330"}],"wp:attachment":[{"href":"https:\/\/www.sans-avion.net\/tdm\/wp-json\/wp\/v2\/media?parent=4312"}],"wp:term":[{"taxonomy":"category","embeddable":true,"href":"https:\/\/www.sans-avion.net\/tdm\/wp-json\/wp\/v2\/categories?post=4312"},{"taxonomy":"post_tag","embeddable":true,"href":"https:\/\/www.sans-avion.net\/tdm\/wp-json\/wp\/v2\/tags?post=4312"}],"curies":[{"name":"wp","href":"https:\/\/api.w.org\/{rel}","templated":true}]}}