{"id":4334,"date":"2018-02-15T07:29:03","date_gmt":"2018-02-15T06:29:03","guid":{"rendered":"http:\/\/www.sans-avion.net\/tdm\/?p=4334"},"modified":"2018-02-15T04:30:00","modified_gmt":"2018-02-15T03:30:00","slug":"amerique-du-sud-notre-trajet","status":"publish","type":"post","link":"https:\/\/www.sans-avion.net\/tdm\/amerique-du-sud-notre-trajet\/","title":{"rendered":"Am\u00e9rique du Sud : notre trajet"},"content":{"rendered":"<p>Vous aimez savoir o\u00f9 nous irons, voici donc notre projet de d\u00e9placement en Am\u00e9rique du Sud.<\/p>\n<p>En version d\u00e9taill\u00e9e, et en version simplifi\u00e9e.<\/p>\n<p>Voici la version simplifi\u00e9e :<\/p>\n<figure id=\"attachment_4335\" aria-describedby=\"caption-attachment-4335\" style=\"width: 423px\" class=\"wp-caption aligncenter\"><a href=\"http:\/\/www.sans-avion.net\/tdm\/wp-content\/uploads\/423px-South_America-fr.svg_-1.png\"><img loading=\"lazy\" decoding=\"async\" class=\"size-full wp-image-4335\" src=\"http:\/\/www.sans-avion.net\/tdm\/wp-content\/uploads\/423px-South_America-fr.svg_-1.png\" alt=\"Am\u00e9rique du Sud\" width=\"423\" height=\"480\" srcset=\"https:\/\/www.sans-avion.net\/tdm\/wp-content\/uploads\/423px-South_America-fr.svg_-1.png 423w, https:\/\/www.sans-avion.net\/tdm\/wp-content\/uploads\/423px-South_America-fr.svg_-1-264x300.png 264w, https:\/\/www.sans-avion.net\/tdm\/wp-content\/uploads\/423px-South_America-fr.svg_-1-238x270.png 238w\" sizes=\"auto, (max-width: 423px) 100vw, 423px\" \/><\/a><figcaption id=\"caption-attachment-4335\" class=\"wp-caption-text\">Am\u00e9rique du Sud, notre trajet en rouge avec les \u00e9tapes principales.<\/figcaption><\/figure>\n<p>&nbsp;<\/p>\n<p>Voici le trajet d\u00e9taill\u00e9e de ce qui est pr\u00e9vu :<\/p>\n<div id=\"travellerspoint-map698709_1097569\">\n<p><script src=\"https:\/\/www.travellerspoint.com\/badges\/badge_membermap.cfm?user=ornicar&amp;tripid=1097569&amp;badgeid=travellerspoint-map698709_1097569&amp;height=300&amp;width=450\"><\/script><\/p>\n<p class=\"travellerspoint-map-link\"><a href=\"https:\/\/www.travellerspoint.com\/member_map.cfm?user=ornicar&amp;tripid=1097569\">Voir en grand<\/a><\/p>\n<\/div>\n<p>Aujourd&rsquo;hui nous sommes \u00e0 Montevideo, capitale de l&rsquo;Uruguay. On vous raconte \u00e7a dans un prochain post&#8230;<\/p>\n","protected":false},"excerpt":{"rendered":"<p>Vous aimez savoir o\u00f9 nous irons, voici donc notre projet de d\u00e9placement en Am\u00e9rique du Sud. En version d\u00e9taill\u00e9e, et en version simplifi\u00e9e. Voici la version simplifi\u00e9e : &nbsp; Voici le trajet d\u00e9taill\u00e9e de ce qui est pr\u00e9vu : Voir en grand Aujourd&rsquo;hui nous sommes \u00e0 Montevideo, capitale de l&rsquo;Uruguay. On vous raconte \u00e7a dans un prochain post&#8230;<\/p>\n","protected":false},"author":1,"featured_media":0,"comment_status":"open","ping_status":"open","sticky":false,"template":"","format":"standard","meta":{"ngg_post_thumbnail":0,"footnotes":""},"categories":[607,620,619,621,3,618],"tags":[623,622,624,370],"class_list":["post-4334","post","type-post","status-publish","format-standard","hentry","category-argentine","category-bolivie","category-chili","category-paraguay","category-preparation","category-uruguay","tag-amerique-du-sud","tag-deplacements","tag-projet","tag-trajet"],"_links":{"self":[{"href":"https:\/\/www.sans-avion.net\/tdm\/wp-json\/wp\/v2\/posts\/4334","targetHints":{"allow":["GET"]}}],"collection":[{"href":"https:\/\/www.sans-avion.net\/tdm\/wp-json\/wp\/v2\/posts"}],"about":[{"href":"https:\/\/www.sans-avion.net\/tdm\/wp-json\/wp\/v2\/types\/post"}],"author":[{"embeddable":true,"href":"https:\/\/www.sans-avion.net\/tdm\/wp-json\/wp\/v2\/users\/1"}],"replies":[{"embeddable":true,"href":"https:\/\/www.sans-avion.net\/tdm\/wp-json\/wp\/v2\/comments?post=4334"}],"version-history":[{"count":2,"href":"https:\/\/www.sans-avion.net\/tdm\/wp-json\/wp\/v2\/posts\/4334\/revisions"}],"predecessor-version":[{"id":4337,"href":"https:\/\/www.sans-avion.net\/tdm\/wp-json\/wp\/v2\/posts\/4334\/revisions\/4337"}],"wp:attachment":[{"href":"https:\/\/www.sans-avion.net\/tdm\/wp-json\/wp\/v2\/media?parent=4334"}],"wp:term":[{"taxonomy":"category","embeddable":true,"href":"https:\/\/www.sans-avion.net\/tdm\/wp-json\/wp\/v2\/categories?post=4334"},{"taxonomy":"post_tag","embeddable":true,"href":"https:\/\/www.sans-avion.net\/tdm\/wp-json\/wp\/v2\/tags?post=4334"}],"curies":[{"name":"wp","href":"https:\/\/api.w.org\/{rel}","templated":true}]}}