{"id":446,"date":"2017-06-01T22:37:58","date_gmt":"2017-06-01T20:37:58","guid":{"rendered":"http:\/\/www.sans-avion.net\/tdm\/?p=446"},"modified":"2017-06-01T22:37:58","modified_gmt":"2017-06-01T20:37:58","slug":"notre-conseiller-a-decathlon-besancon","status":"publish","type":"post","link":"https:\/\/www.sans-avion.net\/tdm\/notre-conseiller-a-decathlon-besancon\/","title":{"rendered":"Notre conseiller \u00e0 D\u00e9cathlon Besan\u00e7on"},"content":{"rendered":"<figure id=\"attachment_445\" aria-describedby=\"caption-attachment-445\" style=\"width: 300px\" class=\"wp-caption alignleft\"><img loading=\"lazy\" decoding=\"async\" class=\"size-medium wp-image-445\" src=\"http:\/\/www.sans-avion.net\/tdm\/wp-content\/uploads\/2017\/06\/sponsor-7-300x169.jpg\" alt=\"Notre conseiller \u00e0 Decathlon Besan\u00e7on\" width=\"300\" height=\"169\" srcset=\"https:\/\/www.sans-avion.net\/tdm\/wp-content\/uploads\/2017\/06\/sponsor-7-300x169.jpg 300w, https:\/\/www.sans-avion.net\/tdm\/wp-content\/uploads\/2017\/06\/sponsor-7-768x433.jpg 768w, https:\/\/www.sans-avion.net\/tdm\/wp-content\/uploads\/2017\/06\/sponsor-7-1024x577.jpg 1024w, https:\/\/www.sans-avion.net\/tdm\/wp-content\/uploads\/2017\/06\/sponsor-7-479x270.jpg 479w\" sizes=\"auto, (max-width: 300px) 100vw, 300px\" \/><figcaption id=\"caption-attachment-445\" class=\"wp-caption-text\">Notre conseiller \u00e0 D\u00e9cathlon Besan\u00e7on<\/figcaption><\/figure>\n","protected":false},"excerpt":{"rendered":"","protected":false},"author":1,"featured_media":0,"comment_status":"open","ping_status":"open","sticky":false,"template":"","format":"image","meta":{"ngg_post_thumbnail":0,"footnotes":""},"categories":[3,22,7],"tags":[17,20,18],"class_list":["post-446","post","type-post","status-publish","format-image","hentry","category-preparation","category-shopping","category-sponsor","tag-decathlon","tag-materiel","tag-sac-a-dos","post_format-post-format-image"],"_links":{"self":[{"href":"https:\/\/www.sans-avion.net\/tdm\/wp-json\/wp\/v2\/posts\/446","targetHints":{"allow":["GET"]}}],"collection":[{"href":"https:\/\/www.sans-avion.net\/tdm\/wp-json\/wp\/v2\/posts"}],"about":[{"href":"https:\/\/www.sans-avion.net\/tdm\/wp-json\/wp\/v2\/types\/post"}],"author":[{"embeddable":true,"href":"https:\/\/www.sans-avion.net\/tdm\/wp-json\/wp\/v2\/users\/1"}],"replies":[{"embeddable":true,"href":"https:\/\/www.sans-avion.net\/tdm\/wp-json\/wp\/v2\/comments?post=446"}],"version-history":[{"count":1,"href":"https:\/\/www.sans-avion.net\/tdm\/wp-json\/wp\/v2\/posts\/446\/revisions"}],"predecessor-version":[{"id":447,"href":"https:\/\/www.sans-avion.net\/tdm\/wp-json\/wp\/v2\/posts\/446\/revisions\/447"}],"wp:attachment":[{"href":"https:\/\/www.sans-avion.net\/tdm\/wp-json\/wp\/v2\/media?parent=446"}],"wp:term":[{"taxonomy":"category","embeddable":true,"href":"https:\/\/www.sans-avion.net\/tdm\/wp-json\/wp\/v2\/categories?post=446"},{"taxonomy":"post_tag","embeddable":true,"href":"https:\/\/www.sans-avion.net\/tdm\/wp-json\/wp\/v2\/tags?post=446"}],"curies":[{"name":"wp","href":"https:\/\/api.w.org\/{rel}","templated":true}]}}