{"id":4486,"date":"2018-02-25T10:00:40","date_gmt":"2018-02-25T09:00:40","guid":{"rendered":"http:\/\/www.sans-avion.net\/tdm\/?p=4486"},"modified":"2018-02-25T01:25:10","modified_gmt":"2018-02-25T00:25:10","slug":"notre-trajet-en-amerique-du-sud","status":"publish","type":"post","link":"https:\/\/www.sans-avion.net\/tdm\/notre-trajet-en-amerique-du-sud\/","title":{"rendered":"Notre trajet en Am\u00e9rique du Sud"},"content":{"rendered":"<p>A peine 15 jours et voici d\u00e9j\u00e0 4 pays visit\u00e9s (partiellement) en Am\u00e9rique du Sud. Et aujourd&rsquo;hui, nous reprenons le bus en direction de Posadas, pour passer la fronti\u00e8re (\u00e7a va devenir banal) en direction d&rsquo;Encarnacion, au Paraguay (je pr\u00e9sente mes excuses aupr\u00e8s des hispanophones, je ne sais pas faire les accents \u00e0 l&rsquo;envers sur le o).<\/p>\n<p>Voici donc une petite animation qui permet de faire un r\u00e9sum\u00e9 rapide de la situation :<\/p>\n<p><iframe loading=\"lazy\" src=\"https:\/\/www.youtube.com\/embed\/LX1BvhEHcjc?rel=0&amp;controls=0\" width=\"560\" height=\"315\" frameborder=\"0\" allowfullscreen=\"allowfullscreen\"><\/iframe>&nbsp;<\/p>\n<p>&nbsp;<\/p>\n","protected":false},"excerpt":{"rendered":"<p>A peine 15 jours et voici d\u00e9j\u00e0 4 pays visit\u00e9s (partiellement) en Am\u00e9rique du Sud. Et aujourd&rsquo;hui, nous reprenons le bus en direction de Posadas, pour passer la fronti\u00e8re (\u00e7a va devenir banal) en direction d&rsquo;Encarnacion, au Paraguay (je pr\u00e9sente mes excuses aupr\u00e8s des hispanophones, je ne sais pas faire les accents \u00e0 l&rsquo;envers sur le o). Voici donc une petite animation qui permet de faire un r\u00e9sum\u00e9 rapide de la situation : &nbsp; &nbsp;<\/p>\n","protected":false},"author":1,"featured_media":0,"comment_status":"open","ping_status":"open","sticky":false,"template":"","format":"standard","meta":{"ngg_post_thumbnail":0,"footnotes":""},"categories":[2,607,621],"tags":[376,370],"class_list":["post-4486","post","type-post","status-publish","format-standard","hentry","category-actu-et-infos","category-argentine","category-paraguay","tag-parcours","tag-trajet"],"_links":{"self":[{"href":"https:\/\/www.sans-avion.net\/tdm\/wp-json\/wp\/v2\/posts\/4486","targetHints":{"allow":["GET"]}}],"collection":[{"href":"https:\/\/www.sans-avion.net\/tdm\/wp-json\/wp\/v2\/posts"}],"about":[{"href":"https:\/\/www.sans-avion.net\/tdm\/wp-json\/wp\/v2\/types\/post"}],"author":[{"embeddable":true,"href":"https:\/\/www.sans-avion.net\/tdm\/wp-json\/wp\/v2\/users\/1"}],"replies":[{"embeddable":true,"href":"https:\/\/www.sans-avion.net\/tdm\/wp-json\/wp\/v2\/comments?post=4486"}],"version-history":[{"count":3,"href":"https:\/\/www.sans-avion.net\/tdm\/wp-json\/wp\/v2\/posts\/4486\/revisions"}],"predecessor-version":[{"id":4489,"href":"https:\/\/www.sans-avion.net\/tdm\/wp-json\/wp\/v2\/posts\/4486\/revisions\/4489"}],"wp:attachment":[{"href":"https:\/\/www.sans-avion.net\/tdm\/wp-json\/wp\/v2\/media?parent=4486"}],"wp:term":[{"taxonomy":"category","embeddable":true,"href":"https:\/\/www.sans-avion.net\/tdm\/wp-json\/wp\/v2\/categories?post=4486"},{"taxonomy":"post_tag","embeddable":true,"href":"https:\/\/www.sans-avion.net\/tdm\/wp-json\/wp\/v2\/tags?post=4486"}],"curies":[{"name":"wp","href":"https:\/\/api.w.org\/{rel}","templated":true}]}}