{"id":457,"date":"2017-06-10T18:24:51","date_gmt":"2017-06-10T16:24:51","guid":{"rendered":"http:\/\/www.sans-avion.net\/tdm\/?p=457"},"modified":"2017-06-10T18:24:51","modified_gmt":"2017-06-10T16:24:51","slug":"tf1-m6-france-4-et-rtl9-la-tele-nous-aime","status":"publish","type":"post","link":"https:\/\/www.sans-avion.net\/tdm\/tf1-m6-france-4-et-rtl9-la-tele-nous-aime\/","title":{"rendered":"TF1, M6, France 4 et RTL9 : la t\u00e9l\u00e9 nous aime !"},"content":{"rendered":"<p>Depuis plusieurs jours, nous sommes r\u00e9guli\u00e8rement contact\u00e9s par des journalistes TV, successivement TF1, M6, France 4 et RTL9 pour l&rsquo;instant. Visiblement, le fait de partir faire un tour du monde en famille avec trois adolescentes semble les int\u00e9resser, et int\u00e9resser les spectateurs de leurs cha\u00eenes.<\/p>\n<p>Pour l&rsquo;instant, nous avons un peu temporis\u00e9 avant de d\u00e9cider d\u00e9finitivement comment nous accepterons (ou pas). On vous dira !<\/p>\n","protected":false},"excerpt":{"rendered":"<p>Depuis plusieurs jours, nous sommes r\u00e9guli\u00e8rement contact\u00e9s par des journalistes TV, successivement TF1, M6, France 4 et RTL9 pour l&rsquo;instant. Visiblement, le fait de partir faire un tour du monde en famille avec trois adolescentes semble les int\u00e9resser, et int\u00e9resser les spectateurs de leurs cha\u00eenes. Pour l&rsquo;instant, nous avons un peu temporis\u00e9 avant de d\u00e9cider d\u00e9finitivement comment nous accepterons (ou pas). On vous dira !<\/p>\n","protected":false},"author":1,"featured_media":0,"comment_status":"open","ping_status":"open","sticky":false,"template":"","format":"standard","meta":{"ngg_post_thumbnail":0,"footnotes":""},"categories":[2,7],"tags":[36,35],"class_list":["post-457","post","type-post","status-publish","format-standard","hentry","category-actu-et-infos","category-sponsor","tag-journalistes","tag-tele"],"_links":{"self":[{"href":"https:\/\/www.sans-avion.net\/tdm\/wp-json\/wp\/v2\/posts\/457","targetHints":{"allow":["GET"]}}],"collection":[{"href":"https:\/\/www.sans-avion.net\/tdm\/wp-json\/wp\/v2\/posts"}],"about":[{"href":"https:\/\/www.sans-avion.net\/tdm\/wp-json\/wp\/v2\/types\/post"}],"author":[{"embeddable":true,"href":"https:\/\/www.sans-avion.net\/tdm\/wp-json\/wp\/v2\/users\/1"}],"replies":[{"embeddable":true,"href":"https:\/\/www.sans-avion.net\/tdm\/wp-json\/wp\/v2\/comments?post=457"}],"version-history":[{"count":1,"href":"https:\/\/www.sans-avion.net\/tdm\/wp-json\/wp\/v2\/posts\/457\/revisions"}],"predecessor-version":[{"id":458,"href":"https:\/\/www.sans-avion.net\/tdm\/wp-json\/wp\/v2\/posts\/457\/revisions\/458"}],"wp:attachment":[{"href":"https:\/\/www.sans-avion.net\/tdm\/wp-json\/wp\/v2\/media?parent=457"}],"wp:term":[{"taxonomy":"category","embeddable":true,"href":"https:\/\/www.sans-avion.net\/tdm\/wp-json\/wp\/v2\/categories?post=457"},{"taxonomy":"post_tag","embeddable":true,"href":"https:\/\/www.sans-avion.net\/tdm\/wp-json\/wp\/v2\/tags?post=457"}],"curies":[{"name":"wp","href":"https:\/\/api.w.org\/{rel}","templated":true}]}}