{"id":4637,"date":"2018-03-08T00:08:36","date_gmt":"2018-03-07T23:08:36","guid":{"rendered":"http:\/\/www.sans-avion.net\/tdm\/?p=4637"},"modified":"2018-03-07T18:37:18","modified_gmt":"2018-03-07T17:37:18","slug":"vous-pensiez-que-le-bresil-etait-le-pays-de-la-grande-statue-du-christ","status":"publish","type":"post","link":"https:\/\/www.sans-avion.net\/tdm\/vous-pensiez-que-le-bresil-etait-le-pays-de-la-grande-statue-du-christ\/","title":{"rendered":"Vous pensiez que le Br\u00e9sil \u00e9tait le pays de la grande statue du Christ ?"},"content":{"rendered":"<p>Vous pensiez que le Br\u00e9sil \u00e9tait le pays de la grande statue du Christ ?<\/p>\n<figure id=\"attachment_4638\" aria-describedby=\"caption-attachment-4638\" style=\"width: 300px\" class=\"wp-caption alignleft\"><a href=\"http:\/\/www.sans-avion.net\/tdm\/wp-content\/uploads\/bus-SantaCruz-Cochabamba-11-Custom.jpg\"><img loading=\"lazy\" decoding=\"async\" class=\"size-medium wp-image-4638\" src=\"http:\/\/www.sans-avion.net\/tdm\/wp-content\/uploads\/bus-SantaCruz-Cochabamba-11-Custom-300x225.jpg\" alt=\"vue le matin sur Cochabamba et son christ\" width=\"300\" height=\"225\" srcset=\"https:\/\/www.sans-avion.net\/tdm\/wp-content\/uploads\/bus-SantaCruz-Cochabamba-11-Custom-300x225.jpg 300w, https:\/\/www.sans-avion.net\/tdm\/wp-content\/uploads\/bus-SantaCruz-Cochabamba-11-Custom-768x576.jpg 768w, https:\/\/www.sans-avion.net\/tdm\/wp-content\/uploads\/bus-SantaCruz-Cochabamba-11-Custom-1024x768.jpg 1024w, https:\/\/www.sans-avion.net\/tdm\/wp-content\/uploads\/bus-SantaCruz-Cochabamba-11-Custom-360x270.jpg 360w\" sizes=\"auto, (max-width: 300px) 100vw, 300px\" \/><\/a><figcaption id=\"caption-attachment-4638\" class=\"wp-caption-text\">vue le matin sur Cochabamba et son christ<\/figcaption><\/figure>\n<p>Erreur ! La plus grande statue au monde du Christ est \u00e0 Cochabamba. Elle d\u00e9passe celle de Rio (la fameuse) de quelques m\u00e8tres en hauteur, et en altitude de plusieurs milliers. Oui, car nous sommes \u00e0 2570 m d&rsquo;altitude, dans une ville tr\u00e8s vivante. Et le Christ de la Concorde est sur une colline qui domine la ville.<\/p>\n<figure id=\"attachment_4639\" aria-describedby=\"caption-attachment-4639\" style=\"width: 300px\" class=\"wp-caption alignright\"><a href=\"http:\/\/www.sans-avion.net\/tdm\/wp-content\/uploads\/bus-SantaCruz-Cochabamba-1-Custom.jpg\"><img loading=\"lazy\" decoding=\"async\" class=\"size-medium wp-image-4639\" src=\"http:\/\/www.sans-avion.net\/tdm\/wp-content\/uploads\/bus-SantaCruz-Cochabamba-1-Custom-300x225.jpg\" alt=\"le matin au r\u00e9veil dans le bus SantaCruz-Cochabamba\" width=\"300\" height=\"225\" srcset=\"https:\/\/www.sans-avion.net\/tdm\/wp-content\/uploads\/bus-SantaCruz-Cochabamba-1-Custom-300x225.jpg 300w, https:\/\/www.sans-avion.net\/tdm\/wp-content\/uploads\/bus-SantaCruz-Cochabamba-1-Custom-768x576.jpg 768w, https:\/\/www.sans-avion.net\/tdm\/wp-content\/uploads\/bus-SantaCruz-Cochabamba-1-Custom-1024x768.jpg 1024w, https:\/\/www.sans-avion.net\/tdm\/wp-content\/uploads\/bus-SantaCruz-Cochabamba-1-Custom-360x270.jpg 360w\" sizes=\"auto, (max-width: 300px) 100vw, 300px\" \/><\/a><figcaption id=\"caption-attachment-4639\" class=\"wp-caption-text\">le matin au r\u00e9veil dans le bus SantaCruz-Cochabamba<\/figcaption><\/figure>\n<p>Dans le bus (bien pourri, je le r\u00e9p\u00e8te, sinistre d\u00e9ception apr\u00e8s les claques magistrales qu&rsquo;on avait pris dans les autres pays d&rsquo;Am\u00e9rique du Sud), on d\u00e9couvre la ville au petit matin avec sa statue g\u00e9ante qui la domine.<\/p>\n<p>Par chance, la saison des pluies a du oublier le calendrier, il fait un temps superbe, et c&rsquo;est une bonne occasion pour nous de profiter de cette ville. Nous allons bien s\u00fbr r\u00f4der un peu au march\u00e9, et monter voir ce fameux Christ de plus pr\u00e8s. On a rep\u00e9r\u00e9 qu&rsquo;il y a un t\u00e9l\u00e9ph\u00e9rique-t\u00e9l\u00e9cabine qui monte les visiteurs. On arrive donc au lieu de d\u00e9part des bennes, et au moment d&rsquo;acheter les billets, c&rsquo;est le drame.<\/p>\n<p><!--more--><\/p>\n<h3>Ferm\u00e9 pour r\u00e9parations<\/h3>\n<p>Le t\u00e9l\u00e9machin est en r\u00e9paration. Je dis t\u00e9l\u00e9machin, parce que c&rsquo;est un peu comme un t\u00e9l\u00e9ph\u00e9rique : il y a une s\u00e9rie de cabines qui montent et une s\u00e9rie qui descendent en m\u00eame temps. Mais \u00e7a n&rsquo;est pas vraiment un t\u00e9l\u00e9ph\u00e9rique justement parce qu&rsquo;il y a plusieurs cabines dans chaque sens : trois pour \u00eatre tr\u00e8s pr\u00e9cis. Mais ce n&rsquo;est pas un t\u00e9l\u00e9cabine parce qu&rsquo;elles sont en grappes&#8230; Alors tout \u00e7a pour dire que c&rsquo;est en r\u00e9parations aujourd&rsquo;hui, revenez demain ou montez par l&rsquo;escalier (~1900 marches, une paille sous le cagnard et en altitude), et surtout il y a des indications qui ne donnent pas envie de prendre l&rsquo;escalier, jugez plut\u00f4t.<\/p>\n<figure id=\"attachment_4644\" aria-describedby=\"caption-attachment-4644\" style=\"width: 640px\" class=\"wp-caption aligncenter\"><a href=\"http:\/\/www.sans-avion.net\/tdm\/wp-content\/uploads\/P1150168.jpg\"><img loading=\"lazy\" decoding=\"async\" class=\"size-large wp-image-4644\" src=\"http:\/\/www.sans-avion.net\/tdm\/wp-content\/uploads\/P1150168-1024x768.jpg\" alt=\"M\u00eame sans parler espagnol on comprend qu'il ne faut pas prendre l'escalier (photo prise en haut)\" width=\"640\" height=\"480\" srcset=\"https:\/\/www.sans-avion.net\/tdm\/wp-content\/uploads\/P1150168-1024x768.jpg 1024w, https:\/\/www.sans-avion.net\/tdm\/wp-content\/uploads\/P1150168-300x225.jpg 300w, https:\/\/www.sans-avion.net\/tdm\/wp-content\/uploads\/P1150168-768x576.jpg 768w, https:\/\/www.sans-avion.net\/tdm\/wp-content\/uploads\/P1150168-360x270.jpg 360w\" sizes=\"auto, (max-width: 640px) 100vw, 640px\" \/><\/a><figcaption id=\"caption-attachment-4644\" class=\"wp-caption-text\">M\u00eame sans parler espagnol on comprend qu&rsquo;il ne faut pas prendre l&rsquo;escalier (photo prise en haut)<\/figcaption><\/figure>\n<h3>Visite nocturne<\/h3>\n<p>Du coup, on fera une visite nocturne de la ville et on reviendra demain pour le t\u00e9l\u00e9ph\u00e9cabine.<\/p>\n<figure id=\"attachment_4643\" aria-describedby=\"caption-attachment-4643\" style=\"width: 640px\" class=\"wp-caption aligncenter\"><a href=\"http:\/\/www.sans-avion.net\/tdm\/wp-content\/uploads\/P1150124-Custom.jpg\"><img loading=\"lazy\" decoding=\"async\" class=\"size-large wp-image-4643\" src=\"http:\/\/www.sans-avion.net\/tdm\/wp-content\/uploads\/P1150124-Custom-1024x768.jpg\" alt=\"fontaine lumineuse\" width=\"640\" height=\"480\" srcset=\"https:\/\/www.sans-avion.net\/tdm\/wp-content\/uploads\/P1150124-Custom-1024x768.jpg 1024w, https:\/\/www.sans-avion.net\/tdm\/wp-content\/uploads\/P1150124-Custom-300x225.jpg 300w, https:\/\/www.sans-avion.net\/tdm\/wp-content\/uploads\/P1150124-Custom-768x576.jpg 768w, https:\/\/www.sans-avion.net\/tdm\/wp-content\/uploads\/P1150124-Custom-360x270.jpg 360w\" sizes=\"auto, (max-width: 640px) 100vw, 640px\" \/><\/a><figcaption id=\"caption-attachment-4643\" class=\"wp-caption-text\">fontaine lumineuse<\/figcaption><\/figure>\n<figure id=\"attachment_4642\" aria-describedby=\"caption-attachment-4642\" style=\"width: 640px\" class=\"wp-caption aligncenter\"><a href=\"http:\/\/www.sans-avion.net\/tdm\/wp-content\/uploads\/P1150118-Custom.jpg\"><img loading=\"lazy\" decoding=\"async\" class=\"size-large wp-image-4642\" src=\"http:\/\/www.sans-avion.net\/tdm\/wp-content\/uploads\/P1150118-Custom-1024x768.jpg\" alt=\"la place centrale de nuit\" width=\"640\" height=\"480\" srcset=\"https:\/\/www.sans-avion.net\/tdm\/wp-content\/uploads\/P1150118-Custom-1024x768.jpg 1024w, https:\/\/www.sans-avion.net\/tdm\/wp-content\/uploads\/P1150118-Custom-300x225.jpg 300w, https:\/\/www.sans-avion.net\/tdm\/wp-content\/uploads\/P1150118-Custom-768x576.jpg 768w, https:\/\/www.sans-avion.net\/tdm\/wp-content\/uploads\/P1150118-Custom-360x270.jpg 360w\" sizes=\"auto, (max-width: 640px) 100vw, 640px\" \/><\/a><figcaption id=\"caption-attachment-4642\" class=\"wp-caption-text\">la place centrale de nuit<\/figcaption><\/figure>\n<h3>Les impardonnables de la Sainte Ascension<\/h3>\n<p>Le lendemain, motiv\u00e9s comme des diables, on se pointe \u00e0 10h au d\u00e9part du <a href=\"http:\/\/www.sans-avion.net\/tdm\/tour-du-monde-ados\/les-moyens-de-transport\/\">t\u00e9l\u00e9chose<\/a>. Oui, le panneau indiquait que \u00e7a allait red\u00e9marrer \u00e0 10h ce matin, et on voulait profiter de l&rsquo;ascension avant la pluie. Les personnes qui connaissent un peu la Bolivie vous diront que se pr\u00e9senter \u00e0 10h quand l&rsquo;heure annonc\u00e9e est 10h, c&rsquo;\u00e9tait un peu optimiste, mais il y a des jours o\u00f9 on a de la chance, et c&rsquo;est le cas aujourd&rsquo;hui, et m\u00eame doublement : toujours pas de pluie et (miracle !) le t\u00e9l\u00e9truc est ouvert \u00e0 l&rsquo;heure !<\/p>\n<p>J&rsquo;ach\u00e8te les tickets pour la Sainte Ascension, et nous prenons les airs !<\/p>\n<figure id=\"attachment_4646\" aria-describedby=\"caption-attachment-4646\" style=\"width: 300px\" class=\"wp-caption alignleft\"><a href=\"http:\/\/www.sans-avion.net\/tdm\/wp-content\/uploads\/P1150129.jpg\"><img loading=\"lazy\" decoding=\"async\" class=\"size-medium wp-image-4646\" src=\"http:\/\/www.sans-avion.net\/tdm\/wp-content\/uploads\/P1150129-300x225.jpg\" alt=\"Chlo\u00e9 attend sa cabine\" width=\"300\" height=\"225\" srcset=\"https:\/\/www.sans-avion.net\/tdm\/wp-content\/uploads\/P1150129-300x225.jpg 300w, https:\/\/www.sans-avion.net\/tdm\/wp-content\/uploads\/P1150129-768x576.jpg 768w, https:\/\/www.sans-avion.net\/tdm\/wp-content\/uploads\/P1150129-1024x768.jpg 1024w, https:\/\/www.sans-avion.net\/tdm\/wp-content\/uploads\/P1150129-360x270.jpg 360w\" sizes=\"auto, (max-width: 300px) 100vw, 300px\" \/><\/a><figcaption id=\"caption-attachment-4646\" class=\"wp-caption-text\">Chlo\u00e9 attend sa cabine<\/figcaption><\/figure>\n<figure id=\"attachment_4647\" aria-describedby=\"caption-attachment-4647\" style=\"width: 300px\" class=\"wp-caption alignleft\"><a href=\"http:\/\/www.sans-avion.net\/tdm\/wp-content\/uploads\/P1150136.jpg\"><img loading=\"lazy\" decoding=\"async\" class=\"size-medium wp-image-4647\" src=\"http:\/\/www.sans-avion.net\/tdm\/wp-content\/uploads\/P1150136-300x225.jpg\" alt=\"les fameuses marches d'escalier\" width=\"300\" height=\"225\" srcset=\"https:\/\/www.sans-avion.net\/tdm\/wp-content\/uploads\/P1150136-300x225.jpg 300w, https:\/\/www.sans-avion.net\/tdm\/wp-content\/uploads\/P1150136-768x576.jpg 768w, https:\/\/www.sans-avion.net\/tdm\/wp-content\/uploads\/P1150136-1024x768.jpg 1024w, https:\/\/www.sans-avion.net\/tdm\/wp-content\/uploads\/P1150136-360x270.jpg 360w\" sizes=\"auto, (max-width: 300px) 100vw, 300px\" \/><\/a><figcaption id=\"caption-attachment-4647\" class=\"wp-caption-text\">les fameuses marches d&rsquo;escalier<\/figcaption><\/figure>\n<figure id=\"attachment_4648\" aria-describedby=\"caption-attachment-4648\" style=\"width: 300px\" class=\"wp-caption alignleft\"><a href=\"http:\/\/www.sans-avion.net\/tdm\/wp-content\/uploads\/P1150139.jpg\"><img loading=\"lazy\" decoding=\"async\" class=\"size-medium wp-image-4648\" src=\"http:\/\/www.sans-avion.net\/tdm\/wp-content\/uploads\/P1150139-300x225.jpg\" alt=\"on monte en altitude\" width=\"300\" height=\"225\" srcset=\"https:\/\/www.sans-avion.net\/tdm\/wp-content\/uploads\/P1150139-300x225.jpg 300w, https:\/\/www.sans-avion.net\/tdm\/wp-content\/uploads\/P1150139-768x576.jpg 768w, https:\/\/www.sans-avion.net\/tdm\/wp-content\/uploads\/P1150139-1024x768.jpg 1024w, https:\/\/www.sans-avion.net\/tdm\/wp-content\/uploads\/P1150139-360x270.jpg 360w\" sizes=\"auto, (max-width: 300px) 100vw, 300px\" \/><\/a><figcaption id=\"caption-attachment-4648\" class=\"wp-caption-text\">on monte en altitude<\/figcaption><\/figure>\n<figure id=\"attachment_4649\" aria-describedby=\"caption-attachment-4649\" style=\"width: 300px\" class=\"wp-caption alignleft\"><a href=\"http:\/\/www.sans-avion.net\/tdm\/wp-content\/uploads\/P1150142.jpg\"><img loading=\"lazy\" decoding=\"async\" class=\"size-medium wp-image-4649\" src=\"http:\/\/www.sans-avion.net\/tdm\/wp-content\/uploads\/P1150142-300x225.jpg\" alt=\"vue sur Cochabamba\" width=\"300\" height=\"225\" srcset=\"https:\/\/www.sans-avion.net\/tdm\/wp-content\/uploads\/P1150142-300x225.jpg 300w, https:\/\/www.sans-avion.net\/tdm\/wp-content\/uploads\/P1150142-768x576.jpg 768w, https:\/\/www.sans-avion.net\/tdm\/wp-content\/uploads\/P1150142-1024x768.jpg 1024w, https:\/\/www.sans-avion.net\/tdm\/wp-content\/uploads\/P1150142-360x270.jpg 360w\" sizes=\"auto, (max-width: 300px) 100vw, 300px\" \/><\/a><figcaption id=\"caption-attachment-4649\" class=\"wp-caption-text\">vue sur Cochabamba<\/figcaption><\/figure>\n<p>A peine arriv\u00e9s au sommet, on tombe en plein tournage du clip d&rsquo;un groupe de musique locale : les \u00ab\u00a0imperdonables\u00a0\u00bb. On regarde comme tous les badauds alentours, je remarque qu&rsquo;il n&rsquo;y a pour ainsi dire aucun touriste.<\/p>\n<p><iframe loading=\"lazy\" src=\"https:\/\/www.youtube.com\/embed\/JTDd7aoKEYo?rel=0\" width=\"560\" height=\"315\" frameborder=\"0\" allowfullscreen=\"allowfullscreen\"><\/iframe><br \/>\nEt bien s\u00fbr, on fait les photos traditionnelles devant le Christ g\u00e9ant. Les petits carr\u00e9s noirs sont des fen\u00eatres, on est suppos\u00e9s pouvoir monter dans la statue et regarder par les fen\u00eatres, mais bon la chance a ses limites et c&rsquo;est ferm\u00e9 aujourd&rsquo;hui.<\/p>\n<figure id=\"attachment_4657\" aria-describedby=\"caption-attachment-4657\" style=\"width: 225px\" class=\"wp-caption aligncenter\"><a href=\"http:\/\/www.sans-avion.net\/tdm\/wp-content\/uploads\/P1150158.jpg\"><img loading=\"lazy\" decoding=\"async\" class=\"size-medium wp-image-4657\" src=\"http:\/\/www.sans-avion.net\/tdm\/wp-content\/uploads\/P1150158-225x300.jpg\" alt=\"une famille devant le Christ de Cochabamba\" width=\"225\" height=\"300\" srcset=\"https:\/\/www.sans-avion.net\/tdm\/wp-content\/uploads\/P1150158-225x300.jpg 225w, https:\/\/www.sans-avion.net\/tdm\/wp-content\/uploads\/P1150158-768x1024.jpg 768w, https:\/\/www.sans-avion.net\/tdm\/wp-content\/uploads\/P1150158-203x270.jpg 203w\" sizes=\"auto, (max-width: 225px) 100vw, 225px\" \/><\/a><figcaption id=\"caption-attachment-4657\" class=\"wp-caption-text\">en famille devant le Christ de la Concorde \u00e0 Cochabamba<\/figcaption><\/figure>\n<figure id=\"attachment_4658\" aria-describedby=\"caption-attachment-4658\" style=\"width: 640px\" class=\"wp-caption aligncenter\"><a href=\"http:\/\/www.sans-avion.net\/tdm\/wp-content\/uploads\/P1150161-1.jpg\"><img loading=\"lazy\" decoding=\"async\" class=\"wp-image-4658 size-large\" src=\"http:\/\/www.sans-avion.net\/tdm\/wp-content\/uploads\/P1150161-1-1024x768.jpg\" alt=\"les trois soeurs \u00e0 Cochabamba\" width=\"640\" height=\"480\" srcset=\"https:\/\/www.sans-avion.net\/tdm\/wp-content\/uploads\/P1150161-1-1024x768.jpg 1024w, https:\/\/www.sans-avion.net\/tdm\/wp-content\/uploads\/P1150161-1-300x225.jpg 300w, https:\/\/www.sans-avion.net\/tdm\/wp-content\/uploads\/P1150161-1-768x576.jpg 768w, https:\/\/www.sans-avion.net\/tdm\/wp-content\/uploads\/P1150161-1-360x270.jpg 360w\" sizes=\"auto, (max-width: 640px) 100vw, 640px\" \/><\/a><figcaption id=\"caption-attachment-4658\" class=\"wp-caption-text\">les trois soeurs \u00e0 Cochabamba<\/figcaption><\/figure>\n<p>On redescend en ville profiter du temps qui nous reste avant de prendre un nouveau bus \u00e0 destination d&rsquo;Oruro. On va continuer \u00e0 monter en altitude, on va d\u00e9passer les 3000 m.<\/p>\n<figure id=\"attachment_4659\" aria-describedby=\"caption-attachment-4659\" style=\"width: 300px\" class=\"wp-caption alignleft\"><a href=\"http:\/\/www.sans-avion.net\/tdm\/wp-content\/uploads\/P1150172.jpg\"><img loading=\"lazy\" decoding=\"async\" class=\"size-medium wp-image-4659\" src=\"http:\/\/www.sans-avion.net\/tdm\/wp-content\/uploads\/P1150172-300x225.jpg\" alt=\"fleurs de Bolivie\" width=\"300\" height=\"225\" srcset=\"https:\/\/www.sans-avion.net\/tdm\/wp-content\/uploads\/P1150172-300x225.jpg 300w, https:\/\/www.sans-avion.net\/tdm\/wp-content\/uploads\/P1150172-768x576.jpg 768w, https:\/\/www.sans-avion.net\/tdm\/wp-content\/uploads\/P1150172-1024x768.jpg 1024w, https:\/\/www.sans-avion.net\/tdm\/wp-content\/uploads\/P1150172-360x270.jpg 360w\" sizes=\"auto, (max-width: 300px) 100vw, 300px\" \/><\/a><figcaption id=\"caption-attachment-4659\" class=\"wp-caption-text\">fleurs de Bolivie<\/figcaption><\/figure>\n<p>Autant dire que j&rsquo;ai test\u00e9 tous les guichets de la gare routi\u00e8re pour avoir un bus correct (traduire : avec au moins des fen\u00eatres qui s&rsquo;ouvrent pour ne pas avoir trop chaud).<\/p>\n<figure id=\"attachment_4661\" aria-describedby=\"caption-attachment-4661\" style=\"width: 300px\" class=\"wp-caption alignright\"><a href=\"http:\/\/www.sans-avion.net\/tdm\/wp-content\/uploads\/P1150173.jpg\"><img loading=\"lazy\" decoding=\"async\" class=\"size-medium wp-image-4661\" src=\"http:\/\/www.sans-avion.net\/tdm\/wp-content\/uploads\/P1150173-300x225.jpg\" alt=\"boutique insolite \u00e0 Cochabamba\" width=\"300\" height=\"225\" srcset=\"https:\/\/www.sans-avion.net\/tdm\/wp-content\/uploads\/P1150173-300x225.jpg 300w, https:\/\/www.sans-avion.net\/tdm\/wp-content\/uploads\/P1150173-768x576.jpg 768w, https:\/\/www.sans-avion.net\/tdm\/wp-content\/uploads\/P1150173-1024x768.jpg 1024w, https:\/\/www.sans-avion.net\/tdm\/wp-content\/uploads\/P1150173-360x270.jpg 360w\" sizes=\"auto, (max-width: 300px) 100vw, 300px\" \/><\/a><figcaption id=\"caption-attachment-4661\" class=\"wp-caption-text\">boutique insolite \u00e0 Cochabamba<\/figcaption><\/figure>\n<p>Et j&rsquo;ai trouv\u00e9 : la compagnie <em>Trans Azul<\/em>&nbsp;! D&rsquo;ailleurs, j&rsquo;en profite pour vous donner un bon plan pour&nbsp;pour les futurs visiteurs de Bolivie : prenez vos tickets au dernier moment pour payer moins cher. Le prix passe de 30 \u00e0 25 Bs (voire moins si on n\u00e9gocie en \u00e9tant en groupe ce qui est notre cas). Par contre il faut avoir le c\u0153ur bien accroch\u00e9, car on a achet\u00e9 nos billets \u00e0 13h15 pour le bus de&#8230; 12h30. Mais comme aucun bus ne part \u00e0 l&rsquo;heure dans ce pays, il \u00e9tait encore l\u00e0 !..<\/p>\n<figure id=\"attachment_4663\" aria-describedby=\"caption-attachment-4663\" style=\"width: 300px\" class=\"wp-caption alignleft\"><a href=\"http:\/\/www.sans-avion.net\/tdm\/wp-content\/uploads\/bus-de-Cochabamba-\u00e0-Oruro-2.jpg\"><img loading=\"lazy\" decoding=\"async\" class=\"size-medium wp-image-4663\" src=\"http:\/\/www.sans-avion.net\/tdm\/wp-content\/uploads\/bus-de-Cochabamba-\u00e0-Oruro-2-300x225.jpg\" alt=\"le bord de la route est jonch\u00e9 de d\u00e9tritus\" width=\"300\" height=\"225\" srcset=\"https:\/\/www.sans-avion.net\/tdm\/wp-content\/uploads\/bus-de-Cochabamba-\u00e0-Oruro-2-300x225.jpg 300w, https:\/\/www.sans-avion.net\/tdm\/wp-content\/uploads\/bus-de-Cochabamba-\u00e0-Oruro-2-768x576.jpg 768w, https:\/\/www.sans-avion.net\/tdm\/wp-content\/uploads\/bus-de-Cochabamba-\u00e0-Oruro-2-1024x768.jpg 1024w, https:\/\/www.sans-avion.net\/tdm\/wp-content\/uploads\/bus-de-Cochabamba-\u00e0-Oruro-2-360x270.jpg 360w\" sizes=\"auto, (max-width: 300px) 100vw, 300px\" \/><\/a><figcaption id=\"caption-attachment-4663\" class=\"wp-caption-text\">le bord de la route est jonch\u00e9 de d\u00e9tritus<\/figcaption><\/figure>\n<p>&nbsp;<\/p>\n<p>&nbsp;<\/p>\n","protected":false},"excerpt":{"rendered":"<p>Vous pensiez que le Br\u00e9sil \u00e9tait le pays de la grande statue du Christ ? Erreur ! La plus grande statue au monde du Christ est \u00e0 Cochabamba. Elle d\u00e9passe celle de Rio (la fameuse) de quelques m\u00e8tres en hauteur, et en altitude de plusieurs milliers. Oui, car nous sommes \u00e0 2570 m d&rsquo;altitude, dans une ville tr\u00e8s vivante. Et le Christ de la Concorde est sur une colline qui domine la ville. Dans le bus (bien pourri, je le&#8230;<\/p>\n<p class=\"read-more\"><a class=\"btn btn-default\" href=\"https:\/\/www.sans-avion.net\/tdm\/vous-pensiez-que-le-bresil-etait-le-pays-de-la-grande-statue-du-christ\/\">Lire la suite<span class=\"screen-reader-text\"> Lire la suite<\/span><\/a><\/p>\n","protected":false},"author":1,"featured_media":4641,"comment_status":"open","ping_status":"open","sticky":false,"template":"","format":"standard","meta":{"ngg_post_thumbnail":0,"footnotes":""},"categories":[2,620],"tags":[673,677,676,261,615,675,674],"class_list":["post-4637","post","type-post","status-publish","format-standard","has-post-thumbnail","hentry","category-actu-et-infos","category-bolivie","tag-christ","tag-escaliers","tag-fontaine","tag-nocturne","tag-statue","tag-telecabine","tag-telepherique"],"_links":{"self":[{"href":"https:\/\/www.sans-avion.net\/tdm\/wp-json\/wp\/v2\/posts\/4637","targetHints":{"allow":["GET"]}}],"collection":[{"href":"https:\/\/www.sans-avion.net\/tdm\/wp-json\/wp\/v2\/posts"}],"about":[{"href":"https:\/\/www.sans-avion.net\/tdm\/wp-json\/wp\/v2\/types\/post"}],"author":[{"embeddable":true,"href":"https:\/\/www.sans-avion.net\/tdm\/wp-json\/wp\/v2\/users\/1"}],"replies":[{"embeddable":true,"href":"https:\/\/www.sans-avion.net\/tdm\/wp-json\/wp\/v2\/comments?post=4637"}],"version-history":[{"count":5,"href":"https:\/\/www.sans-avion.net\/tdm\/wp-json\/wp\/v2\/posts\/4637\/revisions"}],"predecessor-version":[{"id":4664,"href":"https:\/\/www.sans-avion.net\/tdm\/wp-json\/wp\/v2\/posts\/4637\/revisions\/4664"}],"wp:featuredmedia":[{"embeddable":true,"href":"https:\/\/www.sans-avion.net\/tdm\/wp-json\/wp\/v2\/media\/4641"}],"wp:attachment":[{"href":"https:\/\/www.sans-avion.net\/tdm\/wp-json\/wp\/v2\/media?parent=4637"}],"wp:term":[{"taxonomy":"category","embeddable":true,"href":"https:\/\/www.sans-avion.net\/tdm\/wp-json\/wp\/v2\/categories?post=4637"},{"taxonomy":"post_tag","embeddable":true,"href":"https:\/\/www.sans-avion.net\/tdm\/wp-json\/wp\/v2\/tags?post=4637"}],"curies":[{"name":"wp","href":"https:\/\/api.w.org\/{rel}","templated":true}]}}