{"id":4923,"date":"2018-03-23T07:07:23","date_gmt":"2018-03-23T06:07:23","guid":{"rendered":"http:\/\/www.sans-avion.net\/tdm\/?p=4923"},"modified":"2018-03-23T04:34:31","modified_gmt":"2018-03-23T03:34:31","slug":"quad-avec-eve-en-campagne-pres-de-salta","status":"publish","type":"post","link":"https:\/\/www.sans-avion.net\/tdm\/quad-avec-eve-en-campagne-pres-de-salta\/","title":{"rendered":"Quad avec Eve en campagne pr\u00e8s de Salta"},"content":{"rendered":"<figure id=\"attachment_4933\" aria-describedby=\"caption-attachment-4933\" style=\"width: 300px\" class=\"wp-caption alignleft\"><a href=\"http:\/\/www.sans-avion.net\/tdm\/wp-content\/uploads\/Quad-avec-Eve-en-campagne-pr\u00e8s-de-Salta-14.jpg\"><img loading=\"lazy\" decoding=\"async\" class=\"wp-image-4933 size-medium\" src=\"http:\/\/www.sans-avion.net\/tdm\/wp-content\/uploads\/Quad-avec-Eve-en-campagne-pr\u00e8s-de-Salta-14-300x225.jpg\" alt=\"dans le bus 3-E \u00e0 destination de la campagne\" width=\"300\" height=\"225\" srcset=\"https:\/\/www.sans-avion.net\/tdm\/wp-content\/uploads\/Quad-avec-Eve-en-campagne-pr\u00e8s-de-Salta-14-300x225.jpg 300w, https:\/\/www.sans-avion.net\/tdm\/wp-content\/uploads\/Quad-avec-Eve-en-campagne-pr\u00e8s-de-Salta-14-768x576.jpg 768w, https:\/\/www.sans-avion.net\/tdm\/wp-content\/uploads\/Quad-avec-Eve-en-campagne-pr\u00e8s-de-Salta-14-1024x768.jpg 1024w, https:\/\/www.sans-avion.net\/tdm\/wp-content\/uploads\/Quad-avec-Eve-en-campagne-pr\u00e8s-de-Salta-14-360x270.jpg 360w\" sizes=\"auto, (max-width: 300px) 100vw, 300px\" \/><\/a><figcaption id=\"caption-attachment-4933\" class=\"wp-caption-text\">dans le bus 3-E \u00e0 destination de la campagne<\/figcaption><\/figure>\n<p>Pour f\u00eater ses 15 ans, j&rsquo;ai \u00e9t\u00e9 faire un tour de quad dans la campagne avec Eve, juste tous les deux.<\/p>\n<p>D\u00e9cor splendide, temps magnifique, on s&rsquo;est bien \u00e9clat\u00e9s ! Mais pour y aller, on doit prendre le bus local, une vraie exp\u00e9dition car <em>on ne conna\u00eet pas le nom de l&rsquo;arr\u00eat o\u00f9 on va<\/em>, juste la ligne : la 3-E&#8230; Mais bon, on arrive \u00e0 se faire comprendre, et on se retrouve sur place devant&#8230; une porte ferm\u00e9e ! Le gars des quads est parti manger (bon, aussi, on n&rsquo;avait pas r\u00e9serv\u00e9) ! Pas grave, on n\u00e9gocie le wifi au resto d&rsquo;en face, puis on envoie un message WhatsApp audit gars, qui arrive au bout d&rsquo;une vingtaine de minutes. Du coup, il nous laisse plus de temps que pr\u00e9vu pour jouer avec les <a href=\"http:\/\/www.sans-avion.net\/tdm\/tour-du-monde-ados\/les-moyens-de-transport\/\">quads<\/a> dans la campagne : tant mieux !<\/p>\n<figure id=\"attachment_4924\" aria-describedby=\"caption-attachment-4924\" style=\"width: 640px\" class=\"wp-caption aligncenter\"><a href=\"http:\/\/www.sans-avion.net\/tdm\/wp-content\/uploads\/Quad-avec-Eve-en-campagne-pr\u00e8s-de-Salta-2.jpg\"><img loading=\"lazy\" decoding=\"async\" class=\"size-large wp-image-4924\" src=\"http:\/\/www.sans-avion.net\/tdm\/wp-content\/uploads\/Quad-avec-Eve-en-campagne-pr\u00e8s-de-Salta-2-1024x768.jpg\" alt=\"Quad avec Eve en campagne pr\u00e8s de Salta\" width=\"640\" height=\"480\" srcset=\"https:\/\/www.sans-avion.net\/tdm\/wp-content\/uploads\/Quad-avec-Eve-en-campagne-pr\u00e8s-de-Salta-2-1024x768.jpg 1024w, https:\/\/www.sans-avion.net\/tdm\/wp-content\/uploads\/Quad-avec-Eve-en-campagne-pr\u00e8s-de-Salta-2-300x225.jpg 300w, https:\/\/www.sans-avion.net\/tdm\/wp-content\/uploads\/Quad-avec-Eve-en-campagne-pr\u00e8s-de-Salta-2-768x576.jpg 768w, https:\/\/www.sans-avion.net\/tdm\/wp-content\/uploads\/Quad-avec-Eve-en-campagne-pr\u00e8s-de-Salta-2-360x270.jpg 360w\" sizes=\"auto, (max-width: 640px) 100vw, 640px\" \/><\/a><figcaption id=\"caption-attachment-4924\" class=\"wp-caption-text\">Ln campagne pr\u00e8s de Salta<\/figcaption><\/figure>\n<p>Extrait de notre balade en vid\u00e9o :<\/p>\n<p><iframe loading=\"lazy\" src=\"https:\/\/www.youtube.com\/embed\/Pz_TyneuaFM?rel=0\" width=\"640\" height=\"360\" frameborder=\"0\" allowfullscreen=\"allowfullscreen\"><\/iframe><br \/>\n&nbsp;<\/p>\n<figure id=\"attachment_4925\" aria-describedby=\"caption-attachment-4925\" style=\"width: 640px\" class=\"wp-caption aligncenter\"><a href=\"http:\/\/www.sans-avion.net\/tdm\/wp-content\/uploads\/Quad-avec-Eve-en-campagne-pr\u00e8s-de-Salta-3.jpg\"><img loading=\"lazy\" decoding=\"async\" class=\"size-large wp-image-4925\" src=\"http:\/\/www.sans-avion.net\/tdm\/wp-content\/uploads\/Quad-avec-Eve-en-campagne-pr\u00e8s-de-Salta-3-1024x768.jpg\" alt=\"Quad avec Eve en campagne pr\u00e8s de Salta\" width=\"640\" height=\"480\" srcset=\"https:\/\/www.sans-avion.net\/tdm\/wp-content\/uploads\/Quad-avec-Eve-en-campagne-pr\u00e8s-de-Salta-3-1024x768.jpg 1024w, https:\/\/www.sans-avion.net\/tdm\/wp-content\/uploads\/Quad-avec-Eve-en-campagne-pr\u00e8s-de-Salta-3-300x225.jpg 300w, https:\/\/www.sans-avion.net\/tdm\/wp-content\/uploads\/Quad-avec-Eve-en-campagne-pr\u00e8s-de-Salta-3-768x576.jpg 768w, https:\/\/www.sans-avion.net\/tdm\/wp-content\/uploads\/Quad-avec-Eve-en-campagne-pr\u00e8s-de-Salta-3-360x270.jpg 360w\" sizes=\"auto, (max-width: 640px) 100vw, 640px\" \/><\/a><figcaption id=\"caption-attachment-4925\" class=\"wp-caption-text\">Pause au bord de la rivi\u00e8re<\/figcaption><\/figure>\n<figure id=\"attachment_4926\" aria-describedby=\"caption-attachment-4926\" style=\"width: 640px\" class=\"wp-caption aligncenter\"><a href=\"http:\/\/www.sans-avion.net\/tdm\/wp-content\/uploads\/Quad-avec-Eve-en-campagne-pr\u00e8s-de-Salta-4.jpg\"><img loading=\"lazy\" decoding=\"async\" class=\"size-large wp-image-4926\" src=\"http:\/\/www.sans-avion.net\/tdm\/wp-content\/uploads\/Quad-avec-Eve-en-campagne-pr\u00e8s-de-Salta-4-1024x768.jpg\" alt=\"Quad avec Eve en campagne pr\u00e8s de Salta\" width=\"640\" height=\"480\" srcset=\"https:\/\/www.sans-avion.net\/tdm\/wp-content\/uploads\/Quad-avec-Eve-en-campagne-pr\u00e8s-de-Salta-4-1024x768.jpg 1024w, https:\/\/www.sans-avion.net\/tdm\/wp-content\/uploads\/Quad-avec-Eve-en-campagne-pr\u00e8s-de-Salta-4-300x225.jpg 300w, https:\/\/www.sans-avion.net\/tdm\/wp-content\/uploads\/Quad-avec-Eve-en-campagne-pr\u00e8s-de-Salta-4-768x576.jpg 768w, https:\/\/www.sans-avion.net\/tdm\/wp-content\/uploads\/Quad-avec-Eve-en-campagne-pr\u00e8s-de-Salta-4-360x270.jpg 360w\" sizes=\"auto, (max-width: 640px) 100vw, 640px\" \/><\/a><figcaption id=\"caption-attachment-4926\" class=\"wp-caption-text\">A fond dans les champs<\/figcaption><\/figure>\n<p>On passe devant des maisons tr\u00e8s chic ! Il y en a qui se payent de super maisons dans la r\u00e9gion&#8230;<\/p>\n<figure id=\"attachment_4930\" aria-describedby=\"caption-attachment-4930\" style=\"width: 640px\" class=\"wp-caption aligncenter\"><a href=\"http:\/\/www.sans-avion.net\/tdm\/wp-content\/uploads\/Quad-avec-Eve-en-campagne-pr\u00e8s-de-Salta-8.jpg\"><img loading=\"lazy\" decoding=\"async\" class=\"size-large wp-image-4930\" src=\"http:\/\/www.sans-avion.net\/tdm\/wp-content\/uploads\/Quad-avec-Eve-en-campagne-pr\u00e8s-de-Salta-8-1024x768.jpg\" alt=\"Villa luxueuse en Argentine\" width=\"640\" height=\"480\" srcset=\"https:\/\/www.sans-avion.net\/tdm\/wp-content\/uploads\/Quad-avec-Eve-en-campagne-pr\u00e8s-de-Salta-8-1024x768.jpg 1024w, https:\/\/www.sans-avion.net\/tdm\/wp-content\/uploads\/Quad-avec-Eve-en-campagne-pr\u00e8s-de-Salta-8-300x225.jpg 300w, https:\/\/www.sans-avion.net\/tdm\/wp-content\/uploads\/Quad-avec-Eve-en-campagne-pr\u00e8s-de-Salta-8-768x576.jpg 768w, https:\/\/www.sans-avion.net\/tdm\/wp-content\/uploads\/Quad-avec-Eve-en-campagne-pr\u00e8s-de-Salta-8-360x270.jpg 360w\" sizes=\"auto, (max-width: 640px) 100vw, 640px\" \/><\/a><figcaption id=\"caption-attachment-4930\" class=\"wp-caption-text\">Villa luxueuse en Argentine<\/figcaption><\/figure>\n<figure id=\"attachment_4931\" aria-describedby=\"caption-attachment-4931\" style=\"width: 640px\" class=\"wp-caption aligncenter\"><a href=\"http:\/\/www.sans-avion.net\/tdm\/wp-content\/uploads\/Quad-avec-Eve-en-campagne-pr\u00e8s-de-Salta-9.jpg\"><img loading=\"lazy\" decoding=\"async\" class=\"size-large wp-image-4931\" src=\"http:\/\/www.sans-avion.net\/tdm\/wp-content\/uploads\/Quad-avec-Eve-en-campagne-pr\u00e8s-de-Salta-9-1024x768.jpg\" alt=\"Villa luxueuse en Argentine\" width=\"640\" height=\"480\" srcset=\"https:\/\/www.sans-avion.net\/tdm\/wp-content\/uploads\/Quad-avec-Eve-en-campagne-pr\u00e8s-de-Salta-9-1024x768.jpg 1024w, https:\/\/www.sans-avion.net\/tdm\/wp-content\/uploads\/Quad-avec-Eve-en-campagne-pr\u00e8s-de-Salta-9-300x225.jpg 300w, https:\/\/www.sans-avion.net\/tdm\/wp-content\/uploads\/Quad-avec-Eve-en-campagne-pr\u00e8s-de-Salta-9-768x576.jpg 768w, https:\/\/www.sans-avion.net\/tdm\/wp-content\/uploads\/Quad-avec-Eve-en-campagne-pr\u00e8s-de-Salta-9-360x270.jpg 360w\" sizes=\"auto, (max-width: 640px) 100vw, 640px\" \/><\/a><figcaption id=\"caption-attachment-4931\" class=\"wp-caption-text\">Villa luxueuse en Argentine<\/figcaption><\/figure>\n<figure id=\"attachment_4932\" aria-describedby=\"caption-attachment-4932\" style=\"width: 640px\" class=\"wp-caption aligncenter\"><a href=\"http:\/\/www.sans-avion.net\/tdm\/wp-content\/uploads\/Quad-avec-Eve-en-campagne-pr\u00e8s-de-Salta-11.jpg\"><img loading=\"lazy\" decoding=\"async\" class=\"size-large wp-image-4932\" src=\"http:\/\/www.sans-avion.net\/tdm\/wp-content\/uploads\/Quad-avec-Eve-en-campagne-pr\u00e8s-de-Salta-11-1024x768.jpg\" alt=\"Villa luxueuse en Argentine\" width=\"640\" height=\"480\" srcset=\"https:\/\/www.sans-avion.net\/tdm\/wp-content\/uploads\/Quad-avec-Eve-en-campagne-pr\u00e8s-de-Salta-11-1024x768.jpg 1024w, https:\/\/www.sans-avion.net\/tdm\/wp-content\/uploads\/Quad-avec-Eve-en-campagne-pr\u00e8s-de-Salta-11-300x225.jpg 300w, https:\/\/www.sans-avion.net\/tdm\/wp-content\/uploads\/Quad-avec-Eve-en-campagne-pr\u00e8s-de-Salta-11-768x576.jpg 768w, https:\/\/www.sans-avion.net\/tdm\/wp-content\/uploads\/Quad-avec-Eve-en-campagne-pr\u00e8s-de-Salta-11-360x270.jpg 360w\" sizes=\"auto, (max-width: 640px) 100vw, 640px\" \/><\/a><figcaption id=\"caption-attachment-4932\" class=\"wp-caption-text\">Villa luxueuse en Argentine<\/figcaption><\/figure>\n<figure id=\"attachment_4928\" aria-describedby=\"caption-attachment-4928\" style=\"width: 640px\" class=\"wp-caption aligncenter\"><a href=\"http:\/\/www.sans-avion.net\/tdm\/wp-content\/uploads\/Quad-avec-Eve-en-campagne-pr\u00e8s-de-Salta-13.jpg\"><img loading=\"lazy\" decoding=\"async\" class=\"size-large wp-image-4928\" src=\"http:\/\/www.sans-avion.net\/tdm\/wp-content\/uploads\/Quad-avec-Eve-en-campagne-pr\u00e8s-de-Salta-13-1024x768.jpg\" alt=\"Quad avec Eve en campagne pr\u00e8s de Salta\" width=\"640\" height=\"480\" srcset=\"https:\/\/www.sans-avion.net\/tdm\/wp-content\/uploads\/Quad-avec-Eve-en-campagne-pr\u00e8s-de-Salta-13-1024x768.jpg 1024w, https:\/\/www.sans-avion.net\/tdm\/wp-content\/uploads\/Quad-avec-Eve-en-campagne-pr\u00e8s-de-Salta-13-300x225.jpg 300w, https:\/\/www.sans-avion.net\/tdm\/wp-content\/uploads\/Quad-avec-Eve-en-campagne-pr\u00e8s-de-Salta-13-768x576.jpg 768w, https:\/\/www.sans-avion.net\/tdm\/wp-content\/uploads\/Quad-avec-Eve-en-campagne-pr\u00e8s-de-Salta-13-360x270.jpg 360w\" sizes=\"auto, (max-width: 640px) 100vw, 640px\" \/><\/a><figcaption id=\"caption-attachment-4928\" class=\"wp-caption-text\">Retour par la banlieue de Salta !<\/figcaption><\/figure>\n","protected":false},"excerpt":{"rendered":"<p>Pour f\u00eater ses 15 ans, j&rsquo;ai \u00e9t\u00e9 faire un tour de quad dans la campagne avec Eve, juste tous les deux. D\u00e9cor splendide, temps magnifique, on s&rsquo;est bien \u00e9clat\u00e9s ! Mais pour y aller, on doit prendre le bus local, une vraie exp\u00e9dition car on ne conna\u00eet pas le nom de l&rsquo;arr\u00eat o\u00f9 on va, juste la ligne : la 3-E&#8230; Mais bon, on arrive \u00e0 se faire comprendre, et on se retrouve sur place devant&#8230; une porte ferm\u00e9e !&#8230;<\/p>\n<p class=\"read-more\"><a class=\"btn btn-default\" href=\"https:\/\/www.sans-avion.net\/tdm\/quad-avec-eve-en-campagne-pres-de-salta\/\">Lire la suite<span class=\"screen-reader-text\"> Lire la suite<\/span><\/a><\/p>\n","protected":false},"author":1,"featured_media":0,"comment_status":"open","ping_status":"open","sticky":false,"template":"","format":"standard","meta":{"ngg_post_thumbnail":0,"footnotes":""},"categories":[2,607],"tags":[276,341,541,722,105],"class_list":["post-4923","post","type-post","status-publish","format-standard","hentry","category-actu-et-infos","category-argentine","tag-bus","tag-campagne","tag-quad","tag-salta","tag-wifi"],"_links":{"self":[{"href":"https:\/\/www.sans-avion.net\/tdm\/wp-json\/wp\/v2\/posts\/4923","targetHints":{"allow":["GET"]}}],"collection":[{"href":"https:\/\/www.sans-avion.net\/tdm\/wp-json\/wp\/v2\/posts"}],"about":[{"href":"https:\/\/www.sans-avion.net\/tdm\/wp-json\/wp\/v2\/types\/post"}],"author":[{"embeddable":true,"href":"https:\/\/www.sans-avion.net\/tdm\/wp-json\/wp\/v2\/users\/1"}],"replies":[{"embeddable":true,"href":"https:\/\/www.sans-avion.net\/tdm\/wp-json\/wp\/v2\/comments?post=4923"}],"version-history":[{"count":4,"href":"https:\/\/www.sans-avion.net\/tdm\/wp-json\/wp\/v2\/posts\/4923\/revisions"}],"predecessor-version":[{"id":4936,"href":"https:\/\/www.sans-avion.net\/tdm\/wp-json\/wp\/v2\/posts\/4923\/revisions\/4936"}],"wp:attachment":[{"href":"https:\/\/www.sans-avion.net\/tdm\/wp-json\/wp\/v2\/media?parent=4923"}],"wp:term":[{"taxonomy":"category","embeddable":true,"href":"https:\/\/www.sans-avion.net\/tdm\/wp-json\/wp\/v2\/categories?post=4923"},{"taxonomy":"post_tag","embeddable":true,"href":"https:\/\/www.sans-avion.net\/tdm\/wp-json\/wp\/v2\/tags?post=4923"}],"curies":[{"name":"wp","href":"https:\/\/api.w.org\/{rel}","templated":true}]}}