{"id":5051,"date":"2018-03-31T18:23:10","date_gmt":"2018-03-31T16:23:10","guid":{"rendered":"http:\/\/www.sans-avion.net\/tdm\/?p=5051"},"modified":"2018-03-28T18:41:24","modified_gmt":"2018-03-28T16:41:24","slug":"et-ensuite-on-va-ou","status":"publish","type":"post","link":"https:\/\/www.sans-avion.net\/tdm\/et-ensuite-on-va-ou\/","title":{"rendered":"Et ensuite, on va o\u00f9 ?"},"content":{"rendered":"<figure id=\"attachment_5055\" aria-describedby=\"caption-attachment-5055\" style=\"width: 150px\" class=\"wp-caption alignleft\"><a href=\"http:\/\/www.sans-avion.net\/tdm\/wp-content\/uploads\/a\u00e9roport-et-visa-1.jpg\"><img loading=\"lazy\" decoding=\"async\" class=\"wp-image-5055 size-thumbnail\" src=\"http:\/\/www.sans-avion.net\/tdm\/wp-content\/uploads\/a\u00e9roport-et-visa-1-e1522254471336-150x150.jpg\" alt=\"le Chili, c'est fini !\" width=\"150\" height=\"150\"><\/a><figcaption id=\"caption-attachment-5055\" class=\"wp-caption-text\">le Chili, c&rsquo;est fini !<\/figcaption><\/figure>\n<figure id=\"attachment_5054\" aria-describedby=\"caption-attachment-5054\" style=\"width: 300px\" class=\"wp-caption alignright\"><a href=\"http:\/\/www.sans-avion.net\/tdm\/wp-content\/uploads\/a\u00e9roport-et-visa-2.jpg\"><img loading=\"lazy\" decoding=\"async\" class=\"size-medium wp-image-5054\" src=\"http:\/\/www.sans-avion.net\/tdm\/wp-content\/uploads\/a\u00e9roport-et-visa-2-300x169.jpg\" alt=\"a\u00e9roport de Santiago\" width=\"300\" height=\"169\" srcset=\"https:\/\/www.sans-avion.net\/tdm\/wp-content\/uploads\/a\u00e9roport-et-visa-2-300x169.jpg 300w, https:\/\/www.sans-avion.net\/tdm\/wp-content\/uploads\/a\u00e9roport-et-visa-2-768x433.jpg 768w, https:\/\/www.sans-avion.net\/tdm\/wp-content\/uploads\/a\u00e9roport-et-visa-2-1024x577.jpg 1024w, https:\/\/www.sans-avion.net\/tdm\/wp-content\/uploads\/a\u00e9roport-et-visa-2-479x270.jpg 479w\" sizes=\"auto, (max-width: 300px) 100vw, 300px\" \/><\/a><figcaption id=\"caption-attachment-5054\" class=\"wp-caption-text\">a\u00e9roport de Santiago<\/figcaption><\/figure>\n<p>L&rsquo;Am\u00e9rique du Sud, c&rsquo;est fini ! Apr\u00e8s avoir quitt\u00e9 l&rsquo;Argentine, on sort du Chili. On commence \u00e0 avoir l&rsquo;habitude des formalit\u00e9s : passeport, s\u00e9curit\u00e9, a\u00e9roport !<\/p>\n<p>Aujourd&rsquo;hui, on prend un gros avion, \u00e7a change du petit coucou qu&rsquo;on avait eu pour <a href=\"http:\/\/www.sans-avion.net\/tdm\/ou-allons-nous-maintenant\/\">notre dernier vol<\/a>. Cette fois-ci, on s&rsquo;envole pour&#8230;<\/p>\n<p><iframe loading=\"lazy\" src=\"https:\/\/www.youtube.com\/embed\/tNiYKxzTawo?rel=0\" width=\"560\" height=\"315\" frameborder=\"0\" allowfullscreen=\"allowfullscreen\"><\/iframe>&nbsp;<\/p>\n","protected":false},"excerpt":{"rendered":"<p>L&rsquo;Am\u00e9rique du Sud, c&rsquo;est fini ! Apr\u00e8s avoir quitt\u00e9 l&rsquo;Argentine, on sort du Chili. On commence \u00e0 avoir l&rsquo;habitude des formalit\u00e9s : passeport, s\u00e9curit\u00e9, a\u00e9roport ! Aujourd&rsquo;hui, on prend un gros avion, \u00e7a change du petit coucou qu&rsquo;on avait eu pour notre dernier vol. Cette fois-ci, on s&rsquo;envole pour&#8230; &nbsp;<\/p>\n","protected":false},"author":1,"featured_media":0,"comment_status":"open","ping_status":"open","sticky":false,"template":"","format":"video","meta":{"ngg_post_thumbnail":0,"footnotes":""},"categories":[2,619,756],"tags":[92,91,191,52],"class_list":["post-5051","post","type-post","status-publish","format-video","hentry","category-actu-et-infos","category-chili","category-panama","tag-aeroport","tag-avion","tag-passeport","tag-visa","post_format-post-format-video"],"_links":{"self":[{"href":"https:\/\/www.sans-avion.net\/tdm\/wp-json\/wp\/v2\/posts\/5051","targetHints":{"allow":["GET"]}}],"collection":[{"href":"https:\/\/www.sans-avion.net\/tdm\/wp-json\/wp\/v2\/posts"}],"about":[{"href":"https:\/\/www.sans-avion.net\/tdm\/wp-json\/wp\/v2\/types\/post"}],"author":[{"embeddable":true,"href":"https:\/\/www.sans-avion.net\/tdm\/wp-json\/wp\/v2\/users\/1"}],"replies":[{"embeddable":true,"href":"https:\/\/www.sans-avion.net\/tdm\/wp-json\/wp\/v2\/comments?post=5051"}],"version-history":[{"count":4,"href":"https:\/\/www.sans-avion.net\/tdm\/wp-json\/wp\/v2\/posts\/5051\/revisions"}],"predecessor-version":[{"id":5057,"href":"https:\/\/www.sans-avion.net\/tdm\/wp-json\/wp\/v2\/posts\/5051\/revisions\/5057"}],"wp:attachment":[{"href":"https:\/\/www.sans-avion.net\/tdm\/wp-json\/wp\/v2\/media?parent=5051"}],"wp:term":[{"taxonomy":"category","embeddable":true,"href":"https:\/\/www.sans-avion.net\/tdm\/wp-json\/wp\/v2\/categories?post=5051"},{"taxonomy":"post_tag","embeddable":true,"href":"https:\/\/www.sans-avion.net\/tdm\/wp-json\/wp\/v2\/tags?post=5051"}],"curies":[{"name":"wp","href":"https:\/\/api.w.org\/{rel}","templated":true}]}}