{"id":5169,"date":"2018-04-05T16:46:40","date_gmt":"2018-04-05T14:46:40","guid":{"rendered":"http:\/\/www.sans-avion.net\/tdm\/?p=5169"},"modified":"2018-04-05T17:05:35","modified_gmt":"2018-04-05T15:05:35","slug":"quelques-images-de-puerto-viejo","status":"publish","type":"post","link":"https:\/\/www.sans-avion.net\/tdm\/quelques-images-de-puerto-viejo\/","title":{"rendered":"Quelques images de Puerto Viejo"},"content":{"rendered":"<p>Une baie immense, une plage et la mer des Cara\u00efbes&#8230; Temp\u00e9rature de l&rsquo;eau 29\u00b0C, temp\u00e9rature de l&rsquo;air 34\u00b0C. Une ancienne barge rappelle l&rsquo;\u00e9poque d&rsquo;une exploitation des bananes. Aujourd&rsquo;hui ici, c&rsquo;est plut\u00f4t le touriste qu&rsquo;on exploite \ud83d\ude42<\/p>\n<figure id=\"attachment_5170\" aria-describedby=\"caption-attachment-5170\" style=\"width: 640px\" class=\"wp-caption aligncenter\"><a href=\"http:\/\/www.sans-avion.net\/tdm\/wp-content\/uploads\/trajet-au-Panama-vers-la-fronti\u00e8re-38.jpg\"><img loading=\"lazy\" decoding=\"async\" class=\"size-large wp-image-5170\" src=\"http:\/\/www.sans-avion.net\/tdm\/wp-content\/uploads\/trajet-au-Panama-vers-la-fronti\u00e8re-38-1024x768.jpg\" alt=\"la plage et la barge\" width=\"640\" height=\"480\" srcset=\"https:\/\/www.sans-avion.net\/tdm\/wp-content\/uploads\/trajet-au-Panama-vers-la-fronti\u00e8re-38-1024x768.jpg 1024w, https:\/\/www.sans-avion.net\/tdm\/wp-content\/uploads\/trajet-au-Panama-vers-la-fronti\u00e8re-38-300x225.jpg 300w, https:\/\/www.sans-avion.net\/tdm\/wp-content\/uploads\/trajet-au-Panama-vers-la-fronti\u00e8re-38-768x576.jpg 768w, https:\/\/www.sans-avion.net\/tdm\/wp-content\/uploads\/trajet-au-Panama-vers-la-fronti\u00e8re-38-360x270.jpg 360w\" sizes=\"auto, (max-width: 640px) 100vw, 640px\" \/><\/a><figcaption id=\"caption-attachment-5170\" class=\"wp-caption-text\">la plage et la barge<\/figcaption><\/figure>\n<figure id=\"attachment_5171\" aria-describedby=\"caption-attachment-5171\" style=\"width: 640px\" class=\"wp-caption aligncenter\"><a href=\"http:\/\/www.sans-avion.net\/tdm\/wp-content\/uploads\/trajet-au-Panama-vers-la-fronti\u00e8re-42.jpg\"><img loading=\"lazy\" decoding=\"async\" class=\"size-large wp-image-5171\" src=\"http:\/\/www.sans-avion.net\/tdm\/wp-content\/uploads\/trajet-au-Panama-vers-la-fronti\u00e8re-42-1024x768.jpg\" alt=\"deux kiddos sur la barge\" width=\"640\" height=\"480\" srcset=\"https:\/\/www.sans-avion.net\/tdm\/wp-content\/uploads\/trajet-au-Panama-vers-la-fronti\u00e8re-42-1024x768.jpg 1024w, https:\/\/www.sans-avion.net\/tdm\/wp-content\/uploads\/trajet-au-Panama-vers-la-fronti\u00e8re-42-300x225.jpg 300w, https:\/\/www.sans-avion.net\/tdm\/wp-content\/uploads\/trajet-au-Panama-vers-la-fronti\u00e8re-42-768x576.jpg 768w, https:\/\/www.sans-avion.net\/tdm\/wp-content\/uploads\/trajet-au-Panama-vers-la-fronti\u00e8re-42-360x270.jpg 360w\" sizes=\"auto, (max-width: 640px) 100vw, 640px\" \/><\/a><figcaption id=\"caption-attachment-5171\" class=\"wp-caption-text\">deux kiddos sur la barge<\/figcaption><\/figure>\n<figure id=\"attachment_5172\" aria-describedby=\"caption-attachment-5172\" style=\"width: 640px\" class=\"wp-caption aligncenter\"><a href=\"http:\/\/www.sans-avion.net\/tdm\/wp-content\/uploads\/trajet-au-Panama-vers-la-fronti\u00e8re-44.jpg\"><img loading=\"lazy\" decoding=\"async\" class=\"size-large wp-image-5172\" src=\"http:\/\/www.sans-avion.net\/tdm\/wp-content\/uploads\/trajet-au-Panama-vers-la-fronti\u00e8re-44-1024x768.jpg\" alt=\"l'ancienne barge \u00e0 bananes\" width=\"640\" height=\"480\" srcset=\"https:\/\/www.sans-avion.net\/tdm\/wp-content\/uploads\/trajet-au-Panama-vers-la-fronti\u00e8re-44-1024x768.jpg 1024w, https:\/\/www.sans-avion.net\/tdm\/wp-content\/uploads\/trajet-au-Panama-vers-la-fronti\u00e8re-44-300x225.jpg 300w, https:\/\/www.sans-avion.net\/tdm\/wp-content\/uploads\/trajet-au-Panama-vers-la-fronti\u00e8re-44-768x576.jpg 768w, https:\/\/www.sans-avion.net\/tdm\/wp-content\/uploads\/trajet-au-Panama-vers-la-fronti\u00e8re-44-360x270.jpg 360w\" sizes=\"auto, (max-width: 640px) 100vw, 640px\" \/><\/a><figcaption id=\"caption-attachment-5172\" class=\"wp-caption-text\">l&rsquo;ancienne barge \u00e0 bananes, un arbre y pousse maintenant (j&rsquo;ai explor\u00e9 l&rsquo;int\u00e9rieur)<\/figcaption><\/figure>\n<figure id=\"attachment_5173\" aria-describedby=\"caption-attachment-5173\" style=\"width: 640px\" class=\"wp-caption aligncenter\"><a href=\"http:\/\/www.sans-avion.net\/tdm\/wp-content\/uploads\/trajet-au-Panama-vers-la-fronti\u00e8re-46.jpg\"><img loading=\"lazy\" decoding=\"async\" class=\"size-large wp-image-5173\" src=\"http:\/\/www.sans-avion.net\/tdm\/wp-content\/uploads\/trajet-au-Panama-vers-la-fronti\u00e8re-46-1024x768.jpg\" alt=\"vue de la baie de Puerto Viejo\" width=\"640\" height=\"480\" srcset=\"https:\/\/www.sans-avion.net\/tdm\/wp-content\/uploads\/trajet-au-Panama-vers-la-fronti\u00e8re-46-1024x768.jpg 1024w, https:\/\/www.sans-avion.net\/tdm\/wp-content\/uploads\/trajet-au-Panama-vers-la-fronti\u00e8re-46-300x225.jpg 300w, https:\/\/www.sans-avion.net\/tdm\/wp-content\/uploads\/trajet-au-Panama-vers-la-fronti\u00e8re-46-768x576.jpg 768w, https:\/\/www.sans-avion.net\/tdm\/wp-content\/uploads\/trajet-au-Panama-vers-la-fronti\u00e8re-46-360x270.jpg 360w\" sizes=\"auto, (max-width: 640px) 100vw, 640px\" \/><\/a><figcaption id=\"caption-attachment-5173\" class=\"wp-caption-text\">vue de la baie de Puerto Viejo<\/figcaption><\/figure>\n<figure id=\"attachment_5174\" aria-describedby=\"caption-attachment-5174\" style=\"width: 640px\" class=\"wp-caption aligncenter\"><a href=\"http:\/\/www.sans-avion.net\/tdm\/wp-content\/uploads\/trajet-au-Panama-vers-la-fronti\u00e8re-51.jpg\"><img loading=\"lazy\" decoding=\"async\" class=\"wp-image-5174 size-large\" src=\"http:\/\/www.sans-avion.net\/tdm\/wp-content\/uploads\/trajet-au-Panama-vers-la-fronti\u00e8re-51-1024x768.jpg\" alt=\"fleur des cara\u00efbes\" width=\"640\" height=\"480\" srcset=\"https:\/\/www.sans-avion.net\/tdm\/wp-content\/uploads\/trajet-au-Panama-vers-la-fronti\u00e8re-51-1024x768.jpg 1024w, https:\/\/www.sans-avion.net\/tdm\/wp-content\/uploads\/trajet-au-Panama-vers-la-fronti\u00e8re-51-300x225.jpg 300w, https:\/\/www.sans-avion.net\/tdm\/wp-content\/uploads\/trajet-au-Panama-vers-la-fronti\u00e8re-51-768x576.jpg 768w, https:\/\/www.sans-avion.net\/tdm\/wp-content\/uploads\/trajet-au-Panama-vers-la-fronti\u00e8re-51-360x270.jpg 360w\" sizes=\"auto, (max-width: 640px) 100vw, 640px\" \/><\/a><figcaption id=\"caption-attachment-5174\" class=\"wp-caption-text\">fleur des cara\u00efbes<\/figcaption><\/figure>\n","protected":false},"excerpt":{"rendered":"<p>Une baie immense, une plage et la mer des Cara\u00efbes&#8230; Temp\u00e9rature de l&rsquo;eau 29\u00b0C, temp\u00e9rature de l&rsquo;air 34\u00b0C. Une ancienne barge rappelle l&rsquo;\u00e9poque d&rsquo;une exploitation des bananes. Aujourd&rsquo;hui ici, c&rsquo;est plut\u00f4t le touriste qu&rsquo;on exploite \ud83d\ude42<\/p>\n","protected":false},"author":1,"featured_media":0,"comment_status":"open","ping_status":"open","sticky":false,"template":"","format":"image","meta":{"ngg_post_thumbnail":0,"footnotes":""},"categories":[771],"tags":[777,776,775],"class_list":["post-5169","post","type-post","status-publish","format-image","hentry","category-costa-rica","tag-barge","tag-mer-des-caraibes","tag-puerto-viejo","post_format-post-format-image"],"_links":{"self":[{"href":"https:\/\/www.sans-avion.net\/tdm\/wp-json\/wp\/v2\/posts\/5169","targetHints":{"allow":["GET"]}}],"collection":[{"href":"https:\/\/www.sans-avion.net\/tdm\/wp-json\/wp\/v2\/posts"}],"about":[{"href":"https:\/\/www.sans-avion.net\/tdm\/wp-json\/wp\/v2\/types\/post"}],"author":[{"embeddable":true,"href":"https:\/\/www.sans-avion.net\/tdm\/wp-json\/wp\/v2\/users\/1"}],"replies":[{"embeddable":true,"href":"https:\/\/www.sans-avion.net\/tdm\/wp-json\/wp\/v2\/comments?post=5169"}],"version-history":[{"count":2,"href":"https:\/\/www.sans-avion.net\/tdm\/wp-json\/wp\/v2\/posts\/5169\/revisions"}],"predecessor-version":[{"id":5176,"href":"https:\/\/www.sans-avion.net\/tdm\/wp-json\/wp\/v2\/posts\/5169\/revisions\/5176"}],"wp:attachment":[{"href":"https:\/\/www.sans-avion.net\/tdm\/wp-json\/wp\/v2\/media?parent=5169"}],"wp:term":[{"taxonomy":"category","embeddable":true,"href":"https:\/\/www.sans-avion.net\/tdm\/wp-json\/wp\/v2\/categories?post=5169"},{"taxonomy":"post_tag","embeddable":true,"href":"https:\/\/www.sans-avion.net\/tdm\/wp-json\/wp\/v2\/tags?post=5169"}],"curies":[{"name":"wp","href":"https:\/\/api.w.org\/{rel}","templated":true}]}}