{"id":5263,"date":"2018-04-12T13:31:56","date_gmt":"2018-04-12T11:31:56","guid":{"rendered":"http:\/\/www.sans-avion.net\/tdm\/?p=5263"},"modified":"2018-04-12T04:30:48","modified_gmt":"2018-04-12T02:30:48","slug":"balade-dans-le-parc-national-de-tortuguero","status":"publish","type":"post","link":"https:\/\/www.sans-avion.net\/tdm\/balade-dans-le-parc-national-de-tortuguero\/","title":{"rendered":"Balade dans le parc national de Tortuguero"},"content":{"rendered":"<figure id=\"attachment_5264\" aria-describedby=\"caption-attachment-5264\" style=\"width: 300px\" class=\"wp-caption alignright\"><a href=\"http:\/\/www.sans-avion.net\/tdm\/wp-content\/uploads\/dans-le-parc-National-5.jpg\"><img loading=\"lazy\" decoding=\"async\" class=\"size-medium wp-image-5264\" src=\"http:\/\/www.sans-avion.net\/tdm\/wp-content\/uploads\/dans-le-parc-National-5-300x225.jpg\" alt=\"dans le parc National...\" width=\"300\" height=\"225\" srcset=\"https:\/\/www.sans-avion.net\/tdm\/wp-content\/uploads\/dans-le-parc-National-5-300x225.jpg 300w, https:\/\/www.sans-avion.net\/tdm\/wp-content\/uploads\/dans-le-parc-National-5-768x576.jpg 768w, https:\/\/www.sans-avion.net\/tdm\/wp-content\/uploads\/dans-le-parc-National-5-1024x768.jpg 1024w, https:\/\/www.sans-avion.net\/tdm\/wp-content\/uploads\/dans-le-parc-National-5-360x270.jpg 360w\" sizes=\"auto, (max-width: 300px) 100vw, 300px\" \/><\/a><figcaption id=\"caption-attachment-5264\" class=\"wp-caption-text\">dans le parc National&#8230;<\/figcaption><\/figure>\n<p>Juste \u00e0 c\u00f4t\u00e9 de Tortuguero, il y a la jungle dans toutes les directions. Et si on va vers le Sud, c&rsquo;est le parc national. Aujourd&rsquo;hui, nous allons donc de ce c\u00f4t\u00e9, malgr\u00e9 la taxe touristique (15 $US par personne, je trouve que c&rsquo;est vraiment tr\u00e8s cher) et on est accompagn\u00e9s par notre cher Victor qui nous aide \u00e0 d\u00e9busquer de jolies choses. L&rsquo;endroit est tr\u00e8s beau, fourni en faune et en flore. On regrettera juste d&rsquo;avoir \u00e0 payer pour voir, en fait, la m\u00eame chose que ce qu&rsquo;on aurait trouv\u00e9 de l&rsquo;autre c\u00f4t\u00e9&#8230; Victor avait sugg\u00e9r\u00e9 la chose, mais pour y aller il allait prendre une pirogue ou un kayak, et la pr\u00e9sence de nombreux ca\u00efmans a calm\u00e9 nos ardeurs !<\/p>\n<p>&nbsp;<\/p>\n<figure id=\"attachment_5270\" aria-describedby=\"caption-attachment-5270\" style=\"width: 640px\" class=\"wp-caption aligncenter\"><a href=\"http:\/\/www.sans-avion.net\/tdm\/wp-content\/uploads\/dans-le-parc-National-20.jpg\"><img loading=\"lazy\" decoding=\"async\" class=\"size-large wp-image-5270\" src=\"http:\/\/www.sans-avion.net\/tdm\/wp-content\/uploads\/dans-le-parc-National-20-1024x768.jpg\" alt=\"la canop\u00e9e est bien haute au-dessus de nous\" width=\"640\" height=\"480\" srcset=\"https:\/\/www.sans-avion.net\/tdm\/wp-content\/uploads\/dans-le-parc-National-20-1024x768.jpg 1024w, https:\/\/www.sans-avion.net\/tdm\/wp-content\/uploads\/dans-le-parc-National-20-300x225.jpg 300w, https:\/\/www.sans-avion.net\/tdm\/wp-content\/uploads\/dans-le-parc-National-20-768x576.jpg 768w, https:\/\/www.sans-avion.net\/tdm\/wp-content\/uploads\/dans-le-parc-National-20-360x270.jpg 360w\" sizes=\"auto, (max-width: 640px) 100vw, 640px\" \/><\/a><figcaption id=\"caption-attachment-5270\" class=\"wp-caption-text\">la canop\u00e9e est bien haute au-dessus de nous<\/figcaption><\/figure>\n<figure id=\"attachment_5269\" aria-describedby=\"caption-attachment-5269\" style=\"width: 640px\" class=\"wp-caption aligncenter\"><a href=\"http:\/\/www.sans-avion.net\/tdm\/wp-content\/uploads\/dans-le-parc-National-19.jpg\"><img loading=\"lazy\" decoding=\"async\" class=\"size-large wp-image-5269\" src=\"http:\/\/www.sans-avion.net\/tdm\/wp-content\/uploads\/dans-le-parc-National-19-1024x768.jpg\" alt=\"une autre fleur orange !\" width=\"640\" height=\"480\" srcset=\"https:\/\/www.sans-avion.net\/tdm\/wp-content\/uploads\/dans-le-parc-National-19-1024x768.jpg 1024w, https:\/\/www.sans-avion.net\/tdm\/wp-content\/uploads\/dans-le-parc-National-19-300x225.jpg 300w, https:\/\/www.sans-avion.net\/tdm\/wp-content\/uploads\/dans-le-parc-National-19-768x576.jpg 768w, https:\/\/www.sans-avion.net\/tdm\/wp-content\/uploads\/dans-le-parc-National-19-360x270.jpg 360w\" sizes=\"auto, (max-width: 640px) 100vw, 640px\" \/><\/a><figcaption id=\"caption-attachment-5269\" class=\"wp-caption-text\">une autre fleur orange !<\/figcaption><\/figure>\n<figure id=\"attachment_5268\" aria-describedby=\"caption-attachment-5268\" style=\"width: 640px\" class=\"wp-caption aligncenter\"><a href=\"http:\/\/www.sans-avion.net\/tdm\/wp-content\/uploads\/dans-le-parc-National-17.jpg\"><img loading=\"lazy\" decoding=\"async\" class=\"size-large wp-image-5268\" src=\"http:\/\/www.sans-avion.net\/tdm\/wp-content\/uploads\/dans-le-parc-National-17-1024x768.jpg\" alt=\"une petite fleur orange\" width=\"640\" height=\"480\" srcset=\"https:\/\/www.sans-avion.net\/tdm\/wp-content\/uploads\/dans-le-parc-National-17-1024x768.jpg 1024w, https:\/\/www.sans-avion.net\/tdm\/wp-content\/uploads\/dans-le-parc-National-17-300x225.jpg 300w, https:\/\/www.sans-avion.net\/tdm\/wp-content\/uploads\/dans-le-parc-National-17-768x576.jpg 768w, https:\/\/www.sans-avion.net\/tdm\/wp-content\/uploads\/dans-le-parc-National-17-360x270.jpg 360w\" sizes=\"auto, (max-width: 640px) 100vw, 640px\" \/><\/a><figcaption id=\"caption-attachment-5268\" class=\"wp-caption-text\">une petite fleur orange<\/figcaption><\/figure>\n<figure id=\"attachment_5267\" aria-describedby=\"caption-attachment-5267\" style=\"width: 640px\" class=\"wp-caption aligncenter\"><a href=\"http:\/\/www.sans-avion.net\/tdm\/wp-content\/uploads\/dans-le-parc-National-16.jpg\"><img loading=\"lazy\" decoding=\"async\" class=\"size-large wp-image-5267\" src=\"http:\/\/www.sans-avion.net\/tdm\/wp-content\/uploads\/dans-le-parc-National-16-1024x768.jpg\" alt=\"dans le Parc National !\" width=\"640\" height=\"480\" srcset=\"https:\/\/www.sans-avion.net\/tdm\/wp-content\/uploads\/dans-le-parc-National-16-1024x768.jpg 1024w, https:\/\/www.sans-avion.net\/tdm\/wp-content\/uploads\/dans-le-parc-National-16-300x225.jpg 300w, https:\/\/www.sans-avion.net\/tdm\/wp-content\/uploads\/dans-le-parc-National-16-768x576.jpg 768w, https:\/\/www.sans-avion.net\/tdm\/wp-content\/uploads\/dans-le-parc-National-16-360x270.jpg 360w\" sizes=\"auto, (max-width: 640px) 100vw, 640px\" \/><\/a><figcaption id=\"caption-attachment-5267\" class=\"wp-caption-text\">dans le Parc National !<\/figcaption><\/figure>\n<figure id=\"attachment_5266\" aria-describedby=\"caption-attachment-5266\" style=\"width: 300px\" class=\"wp-caption alignleft\"><a href=\"http:\/\/www.sans-avion.net\/tdm\/wp-content\/uploads\/dans-le-parc-National-8.jpg\"><img loading=\"lazy\" decoding=\"async\" class=\"wp-image-5266 size-medium\" src=\"http:\/\/www.sans-avion.net\/tdm\/wp-content\/uploads\/dans-le-parc-National-8-300x225.jpg\" alt=\"en pleine jungle\" width=\"300\" height=\"225\" srcset=\"https:\/\/www.sans-avion.net\/tdm\/wp-content\/uploads\/dans-le-parc-National-8-300x225.jpg 300w, https:\/\/www.sans-avion.net\/tdm\/wp-content\/uploads\/dans-le-parc-National-8-768x576.jpg 768w, https:\/\/www.sans-avion.net\/tdm\/wp-content\/uploads\/dans-le-parc-National-8-1024x768.jpg 1024w, https:\/\/www.sans-avion.net\/tdm\/wp-content\/uploads\/dans-le-parc-National-8-360x270.jpg 360w\" sizes=\"auto, (max-width: 300px) 100vw, 300px\" \/><\/a><figcaption id=\"caption-attachment-5266\" class=\"wp-caption-text\">en pleine jungle<\/figcaption><\/figure>\n<p>Mais Victor est un bon connaisseur de sa for\u00eat, et il nous emm\u00e8ne voir de magnifiques endroits. Voici par exemple un peigne de singe : c&rsquo;est le nom qu&rsquo;on donne ici \u00e0 ce fruit \u00e0 picots, dont les singes mangent l&rsquo;int\u00e9rieur et utilisent l&rsquo;ext\u00e9rieur pour se peigner, mais oui !<\/p>\n<figure id=\"attachment_5272\" aria-describedby=\"caption-attachment-5272\" style=\"width: 640px\" class=\"wp-caption aligncenter\"><a href=\"http:\/\/www.sans-avion.net\/tdm\/wp-content\/uploads\/dans-le-parc-National-22.jpg\"><img loading=\"lazy\" decoding=\"async\" class=\"size-large wp-image-5272\" src=\"http:\/\/www.sans-avion.net\/tdm\/wp-content\/uploads\/dans-le-parc-National-22-1024x768.jpg\" alt=\"Ceci est un peigne de singe\" width=\"640\" height=\"480\" srcset=\"https:\/\/www.sans-avion.net\/tdm\/wp-content\/uploads\/dans-le-parc-National-22-1024x768.jpg 1024w, https:\/\/www.sans-avion.net\/tdm\/wp-content\/uploads\/dans-le-parc-National-22-300x225.jpg 300w, https:\/\/www.sans-avion.net\/tdm\/wp-content\/uploads\/dans-le-parc-National-22-768x576.jpg 768w, https:\/\/www.sans-avion.net\/tdm\/wp-content\/uploads\/dans-le-parc-National-22-360x270.jpg 360w\" sizes=\"auto, (max-width: 640px) 100vw, 640px\" \/><\/a><figcaption id=\"caption-attachment-5272\" class=\"wp-caption-text\">Ceci est un peigne de singe<\/figcaption><\/figure>\n<figure id=\"attachment_5274\" aria-describedby=\"caption-attachment-5274\" style=\"width: 640px\" class=\"wp-caption aligncenter\"><a href=\"http:\/\/www.sans-avion.net\/tdm\/wp-content\/uploads\/dans-le-parc-National-25.jpg\"><img loading=\"lazy\" decoding=\"async\" class=\"size-large wp-image-5274\" src=\"http:\/\/www.sans-avion.net\/tdm\/wp-content\/uploads\/dans-le-parc-National-25-1024x768.jpg\" alt=\"Grenouille en blue jeans !\" width=\"640\" height=\"480\" srcset=\"https:\/\/www.sans-avion.net\/tdm\/wp-content\/uploads\/dans-le-parc-National-25-1024x768.jpg 1024w, https:\/\/www.sans-avion.net\/tdm\/wp-content\/uploads\/dans-le-parc-National-25-300x225.jpg 300w, https:\/\/www.sans-avion.net\/tdm\/wp-content\/uploads\/dans-le-parc-National-25-768x576.jpg 768w, https:\/\/www.sans-avion.net\/tdm\/wp-content\/uploads\/dans-le-parc-National-25-360x270.jpg 360w\" sizes=\"auto, (max-width: 640px) 100vw, 640px\" \/><\/a><figcaption id=\"caption-attachment-5274\" class=\"wp-caption-text\">Grenouille en blue jeans !<\/figcaption><\/figure>\n<figure id=\"attachment_5277\" aria-describedby=\"caption-attachment-5277\" style=\"width: 640px\" class=\"wp-caption aligncenter\"><a href=\"http:\/\/www.sans-avion.net\/tdm\/wp-content\/uploads\/dans-la-jungle-avec-Victor-3.jpg\"><img loading=\"lazy\" decoding=\"async\" class=\"size-large wp-image-5277\" src=\"http:\/\/www.sans-avion.net\/tdm\/wp-content\/uploads\/dans-la-jungle-avec-Victor-3-1024x768.jpg\" alt=\"vue de la lagune depuis la for\u00eat\" width=\"640\" height=\"480\" srcset=\"https:\/\/www.sans-avion.net\/tdm\/wp-content\/uploads\/dans-la-jungle-avec-Victor-3-1024x768.jpg 1024w, https:\/\/www.sans-avion.net\/tdm\/wp-content\/uploads\/dans-la-jungle-avec-Victor-3-300x225.jpg 300w, https:\/\/www.sans-avion.net\/tdm\/wp-content\/uploads\/dans-la-jungle-avec-Victor-3-768x576.jpg 768w, https:\/\/www.sans-avion.net\/tdm\/wp-content\/uploads\/dans-la-jungle-avec-Victor-3-360x270.jpg 360w, https:\/\/www.sans-avion.net\/tdm\/wp-content\/uploads\/dans-la-jungle-avec-Victor-3.jpg 1280w\" sizes=\"auto, (max-width: 640px) 100vw, 640px\" \/><\/a><figcaption id=\"caption-attachment-5277\" class=\"wp-caption-text\">vue de la lagune depuis la for\u00eat<\/figcaption><\/figure>\n<figure id=\"attachment_5275\" aria-describedby=\"caption-attachment-5275\" style=\"width: 640px\" class=\"wp-caption aligncenter\"><a href=\"http:\/\/www.sans-avion.net\/tdm\/wp-content\/uploads\/dans-le-parc-National-26.jpg\"><img loading=\"lazy\" decoding=\"async\" class=\"size-large wp-image-5275\" src=\"http:\/\/www.sans-avion.net\/tdm\/wp-content\/uploads\/dans-le-parc-National-26-1024x768.jpg\" alt=\"Une autre grenouille (toxique parait-il)\" width=\"640\" height=\"480\" srcset=\"https:\/\/www.sans-avion.net\/tdm\/wp-content\/uploads\/dans-le-parc-National-26-1024x768.jpg 1024w, https:\/\/www.sans-avion.net\/tdm\/wp-content\/uploads\/dans-le-parc-National-26-300x225.jpg 300w, https:\/\/www.sans-avion.net\/tdm\/wp-content\/uploads\/dans-le-parc-National-26-768x576.jpg 768w, https:\/\/www.sans-avion.net\/tdm\/wp-content\/uploads\/dans-le-parc-National-26-360x270.jpg 360w\" sizes=\"auto, (max-width: 640px) 100vw, 640px\" \/><\/a><figcaption id=\"caption-attachment-5275\" class=\"wp-caption-text\">Une autre grenouille (toxique parait-il)<\/figcaption><\/figure>\n<figure id=\"attachment_5276\" aria-describedby=\"caption-attachment-5276\" style=\"width: 640px\" class=\"wp-caption aligncenter\"><a href=\"http:\/\/www.sans-avion.net\/tdm\/wp-content\/uploads\/dans-le-parc-National-30.jpg\"><img loading=\"lazy\" decoding=\"async\" class=\"size-large wp-image-5276\" src=\"http:\/\/www.sans-avion.net\/tdm\/wp-content\/uploads\/dans-le-parc-National-30-1024x768.jpg\" alt=\"Des singes nous surveillent depuis les arbres\" width=\"640\" height=\"480\" srcset=\"https:\/\/www.sans-avion.net\/tdm\/wp-content\/uploads\/dans-le-parc-National-30-1024x768.jpg 1024w, https:\/\/www.sans-avion.net\/tdm\/wp-content\/uploads\/dans-le-parc-National-30-300x225.jpg 300w, https:\/\/www.sans-avion.net\/tdm\/wp-content\/uploads\/dans-le-parc-National-30-768x576.jpg 768w, https:\/\/www.sans-avion.net\/tdm\/wp-content\/uploads\/dans-le-parc-National-30-360x270.jpg 360w\" sizes=\"auto, (max-width: 640px) 100vw, 640px\" \/><\/a><figcaption id=\"caption-attachment-5276\" class=\"wp-caption-text\">Des singes nous surveillent depuis les arbres<\/figcaption><\/figure>\n<figure id=\"attachment_5278\" aria-describedby=\"caption-attachment-5278\" style=\"width: 640px\" class=\"wp-caption aligncenter\"><a href=\"http:\/\/www.sans-avion.net\/tdm\/wp-content\/uploads\/dans-la-jungle-avec-Victor-4.jpg\"><img loading=\"lazy\" decoding=\"async\" class=\"size-large wp-image-5278\" src=\"http:\/\/www.sans-avion.net\/tdm\/wp-content\/uploads\/dans-la-jungle-avec-Victor-4-1024x768.jpg\" alt=\"une autre vue depuis un autre endroit\" width=\"640\" height=\"480\" srcset=\"https:\/\/www.sans-avion.net\/tdm\/wp-content\/uploads\/dans-la-jungle-avec-Victor-4-1024x768.jpg 1024w, https:\/\/www.sans-avion.net\/tdm\/wp-content\/uploads\/dans-la-jungle-avec-Victor-4-300x225.jpg 300w, https:\/\/www.sans-avion.net\/tdm\/wp-content\/uploads\/dans-la-jungle-avec-Victor-4-768x576.jpg 768w, https:\/\/www.sans-avion.net\/tdm\/wp-content\/uploads\/dans-la-jungle-avec-Victor-4-360x270.jpg 360w, https:\/\/www.sans-avion.net\/tdm\/wp-content\/uploads\/dans-la-jungle-avec-Victor-4.jpg 1280w\" sizes=\"auto, (max-width: 640px) 100vw, 640px\" \/><\/a><figcaption id=\"caption-attachment-5278\" class=\"wp-caption-text\">une autre vue depuis un autre endroit<\/figcaption><\/figure>\n<figure id=\"attachment_5280\" aria-describedby=\"caption-attachment-5280\" style=\"width: 640px\" class=\"wp-caption aligncenter\"><a href=\"http:\/\/www.sans-avion.net\/tdm\/wp-content\/uploads\/dans-la-jungle-avec-Victor-1.jpg\"><img loading=\"lazy\" decoding=\"async\" class=\"size-large wp-image-5280\" src=\"http:\/\/www.sans-avion.net\/tdm\/wp-content\/uploads\/dans-la-jungle-avec-Victor-1-1024x768.jpg\" alt=\"sur la plage au bord de la mer des Cara\u00efbes : traces de pattes d'un jaguar\" width=\"640\" height=\"480\" srcset=\"https:\/\/www.sans-avion.net\/tdm\/wp-content\/uploads\/dans-la-jungle-avec-Victor-1-1024x768.jpg 1024w, https:\/\/www.sans-avion.net\/tdm\/wp-content\/uploads\/dans-la-jungle-avec-Victor-1-300x225.jpg 300w, https:\/\/www.sans-avion.net\/tdm\/wp-content\/uploads\/dans-la-jungle-avec-Victor-1-768x576.jpg 768w, https:\/\/www.sans-avion.net\/tdm\/wp-content\/uploads\/dans-la-jungle-avec-Victor-1-360x270.jpg 360w, https:\/\/www.sans-avion.net\/tdm\/wp-content\/uploads\/dans-la-jungle-avec-Victor-1.jpg 1280w\" sizes=\"auto, (max-width: 640px) 100vw, 640px\" \/><\/a><figcaption id=\"caption-attachment-5280\" class=\"wp-caption-text\">sur la plage au bord de la mer des Cara\u00efbes : traces de pattes d&rsquo;un jaguar<\/figcaption><\/figure>\n<p><a href=\"http:\/\/www.sans-avion.net\/tdm\/wp-content\/uploads\/dans-la-jungle-avec-Victor-2.jpg\"><img loading=\"lazy\" decoding=\"async\" class=\"aligncenter size-large wp-image-5281\" src=\"http:\/\/www.sans-avion.net\/tdm\/wp-content\/uploads\/dans-la-jungle-avec-Victor-2-1024x768.jpg\" alt=\"\" width=\"640\" height=\"480\" srcset=\"https:\/\/www.sans-avion.net\/tdm\/wp-content\/uploads\/dans-la-jungle-avec-Victor-2-1024x768.jpg 1024w, https:\/\/www.sans-avion.net\/tdm\/wp-content\/uploads\/dans-la-jungle-avec-Victor-2-300x225.jpg 300w, https:\/\/www.sans-avion.net\/tdm\/wp-content\/uploads\/dans-la-jungle-avec-Victor-2-768x576.jpg 768w, https:\/\/www.sans-avion.net\/tdm\/wp-content\/uploads\/dans-la-jungle-avec-Victor-2-360x270.jpg 360w, https:\/\/www.sans-avion.net\/tdm\/wp-content\/uploads\/dans-la-jungle-avec-Victor-2.jpg 1280w\" sizes=\"auto, (max-width: 640px) 100vw, 640px\" \/><\/a><\/p>\n<figure id=\"attachment_5279\" aria-describedby=\"caption-attachment-5279\" style=\"width: 640px\" class=\"wp-caption aligncenter\"><a href=\"http:\/\/www.sans-avion.net\/tdm\/wp-content\/uploads\/dans-la-jungle-avec-Victor-5.jpg\"><img loading=\"lazy\" decoding=\"async\" class=\"size-large wp-image-5279\" src=\"http:\/\/www.sans-avion.net\/tdm\/wp-content\/uploads\/dans-la-jungle-avec-Victor-5-1024x768.jpg\" alt=\"le ciel se d\u00e9gage de ses quelques nuages, \u00e7a devient tr\u00e8s joli\" width=\"640\" height=\"480\" srcset=\"https:\/\/www.sans-avion.net\/tdm\/wp-content\/uploads\/dans-la-jungle-avec-Victor-5-1024x768.jpg 1024w, https:\/\/www.sans-avion.net\/tdm\/wp-content\/uploads\/dans-la-jungle-avec-Victor-5-300x225.jpg 300w, https:\/\/www.sans-avion.net\/tdm\/wp-content\/uploads\/dans-la-jungle-avec-Victor-5-768x576.jpg 768w, https:\/\/www.sans-avion.net\/tdm\/wp-content\/uploads\/dans-la-jungle-avec-Victor-5-360x270.jpg 360w, https:\/\/www.sans-avion.net\/tdm\/wp-content\/uploads\/dans-la-jungle-avec-Victor-5.jpg 1280w\" sizes=\"auto, (max-width: 640px) 100vw, 640px\" \/><\/a><figcaption id=\"caption-attachment-5279\" class=\"wp-caption-text\">le ciel se d\u00e9gage de ses quelques nuages, \u00e7a devient tr\u00e8s joli (et chaud)<\/figcaption><\/figure>\n<figure id=\"attachment_5283\" aria-describedby=\"caption-attachment-5283\" style=\"width: 640px\" class=\"wp-caption aligncenter\"><a href=\"http:\/\/www.sans-avion.net\/tdm\/wp-content\/uploads\/dans-le-parc-National-35.jpg\"><img loading=\"lazy\" decoding=\"async\" class=\"size-large wp-image-5283\" src=\"http:\/\/www.sans-avion.net\/tdm\/wp-content\/uploads\/dans-le-parc-National-35-1024x768.jpg\" alt=\"on avait un insecte \u00e9quivalent cette nuit, mais en pleine lumi\u00e8re c'est encore plus joli\" width=\"640\" height=\"480\" srcset=\"https:\/\/www.sans-avion.net\/tdm\/wp-content\/uploads\/dans-le-parc-National-35-1024x768.jpg 1024w, https:\/\/www.sans-avion.net\/tdm\/wp-content\/uploads\/dans-le-parc-National-35-300x225.jpg 300w, https:\/\/www.sans-avion.net\/tdm\/wp-content\/uploads\/dans-le-parc-National-35-768x576.jpg 768w, https:\/\/www.sans-avion.net\/tdm\/wp-content\/uploads\/dans-le-parc-National-35-360x270.jpg 360w\" sizes=\"auto, (max-width: 640px) 100vw, 640px\" \/><\/a><figcaption id=\"caption-attachment-5283\" class=\"wp-caption-text\">on avait un insecte \u00e9quivalent cette nuit, mais en pleine lumi\u00e8re c&rsquo;est encore plus impressionnant<\/figcaption><\/figure>\n<figure id=\"attachment_5284\" aria-describedby=\"caption-attachment-5284\" style=\"width: 640px\" class=\"wp-caption aligncenter\"><a href=\"http:\/\/www.sans-avion.net\/tdm\/wp-content\/uploads\/dans-le-parc-National-38.jpg\"><img loading=\"lazy\" decoding=\"async\" class=\"size-large wp-image-5284\" src=\"http:\/\/www.sans-avion.net\/tdm\/wp-content\/uploads\/dans-le-parc-National-38-1024x768.jpg\" alt=\"on dirait un \u00e9cureuil ? mais que fait-il ici ??\" width=\"640\" height=\"480\" srcset=\"https:\/\/www.sans-avion.net\/tdm\/wp-content\/uploads\/dans-le-parc-National-38-1024x768.jpg 1024w, https:\/\/www.sans-avion.net\/tdm\/wp-content\/uploads\/dans-le-parc-National-38-300x225.jpg 300w, https:\/\/www.sans-avion.net\/tdm\/wp-content\/uploads\/dans-le-parc-National-38-768x576.jpg 768w, https:\/\/www.sans-avion.net\/tdm\/wp-content\/uploads\/dans-le-parc-National-38-360x270.jpg 360w\" sizes=\"auto, (max-width: 640px) 100vw, 640px\" \/><\/a><figcaption id=\"caption-attachment-5284\" class=\"wp-caption-text\">on dirait un \u00e9cureuil ? mais que fait-il ici ??<\/figcaption><\/figure>\n<figure id=\"attachment_5285\" aria-describedby=\"caption-attachment-5285\" style=\"width: 640px\" class=\"wp-caption aligncenter\"><a href=\"http:\/\/www.sans-avion.net\/tdm\/wp-content\/uploads\/dans-le-parc-National-44.jpg\"><img loading=\"lazy\" decoding=\"async\" class=\"size-large wp-image-5285\" src=\"http:\/\/www.sans-avion.net\/tdm\/wp-content\/uploads\/dans-le-parc-National-44-1024x768.jpg\" alt=\"vue de la plage depuis la lisi\u00e8re de la for\u00eat\" width=\"640\" height=\"480\" srcset=\"https:\/\/www.sans-avion.net\/tdm\/wp-content\/uploads\/dans-le-parc-National-44-1024x768.jpg 1024w, https:\/\/www.sans-avion.net\/tdm\/wp-content\/uploads\/dans-le-parc-National-44-300x225.jpg 300w, https:\/\/www.sans-avion.net\/tdm\/wp-content\/uploads\/dans-le-parc-National-44-768x576.jpg 768w, https:\/\/www.sans-avion.net\/tdm\/wp-content\/uploads\/dans-le-parc-National-44-360x270.jpg 360w\" sizes=\"auto, (max-width: 640px) 100vw, 640px\" \/><\/a><figcaption id=\"caption-attachment-5285\" class=\"wp-caption-text\">vue de la plage depuis la lisi\u00e8re de la for\u00eat<\/figcaption><\/figure>\n<figure id=\"attachment_5288\" aria-describedby=\"caption-attachment-5288\" style=\"width: 640px\" class=\"wp-caption aligncenter\"><a href=\"http:\/\/www.sans-avion.net\/tdm\/wp-content\/uploads\/dans-le-parc-National-52.jpg\"><img loading=\"lazy\" decoding=\"async\" class=\"size-large wp-image-5288\" src=\"http:\/\/www.sans-avion.net\/tdm\/wp-content\/uploads\/dans-le-parc-National-52-1024x768.jpg\" alt=\"d'autres traces de pas de jaguar dans le sable\" width=\"640\" height=\"480\" srcset=\"https:\/\/www.sans-avion.net\/tdm\/wp-content\/uploads\/dans-le-parc-National-52-1024x768.jpg 1024w, https:\/\/www.sans-avion.net\/tdm\/wp-content\/uploads\/dans-le-parc-National-52-300x225.jpg 300w, https:\/\/www.sans-avion.net\/tdm\/wp-content\/uploads\/dans-le-parc-National-52-768x576.jpg 768w, https:\/\/www.sans-avion.net\/tdm\/wp-content\/uploads\/dans-le-parc-National-52-360x270.jpg 360w\" sizes=\"auto, (max-width: 640px) 100vw, 640px\" \/><\/a><figcaption id=\"caption-attachment-5288\" class=\"wp-caption-text\">d&rsquo;autres traces fra\u00eeches de jaguar dans le sable, mais Victor reste serein<\/figcaption><\/figure>\n<figure id=\"attachment_5289\" aria-describedby=\"caption-attachment-5289\" style=\"width: 640px\" class=\"wp-caption aligncenter\"><a href=\"http:\/\/www.sans-avion.net\/tdm\/wp-content\/uploads\/dans-le-parc-National-61.jpg\"><img loading=\"lazy\" decoding=\"async\" class=\"size-large wp-image-5289\" src=\"http:\/\/www.sans-avion.net\/tdm\/wp-content\/uploads\/dans-le-parc-National-61-1024x768.jpg\" alt=\"camouflage naturel\" width=\"640\" height=\"480\" srcset=\"https:\/\/www.sans-avion.net\/tdm\/wp-content\/uploads\/dans-le-parc-National-61-1024x768.jpg 1024w, https:\/\/www.sans-avion.net\/tdm\/wp-content\/uploads\/dans-le-parc-National-61-300x225.jpg 300w, https:\/\/www.sans-avion.net\/tdm\/wp-content\/uploads\/dans-le-parc-National-61-768x576.jpg 768w, https:\/\/www.sans-avion.net\/tdm\/wp-content\/uploads\/dans-le-parc-National-61-360x270.jpg 360w\" sizes=\"auto, (max-width: 640px) 100vw, 640px\" \/><\/a><figcaption id=\"caption-attachment-5289\" class=\"wp-caption-text\">camouflage naturel<\/figcaption><\/figure>\n<figure id=\"attachment_5290\" aria-describedby=\"caption-attachment-5290\" style=\"width: 640px\" class=\"wp-caption aligncenter\"><a href=\"http:\/\/www.sans-avion.net\/tdm\/wp-content\/uploads\/dans-le-parc-National-62.jpg\"><img loading=\"lazy\" decoding=\"async\" class=\"size-large wp-image-5290\" src=\"http:\/\/www.sans-avion.net\/tdm\/wp-content\/uploads\/dans-le-parc-National-62-1024x768.jpg\" alt=\"les oiseaux nous \u00e9patent toujours avec leurs couleurs spectaculaires\" width=\"640\" height=\"480\" srcset=\"https:\/\/www.sans-avion.net\/tdm\/wp-content\/uploads\/dans-le-parc-National-62-1024x768.jpg 1024w, https:\/\/www.sans-avion.net\/tdm\/wp-content\/uploads\/dans-le-parc-National-62-300x225.jpg 300w, https:\/\/www.sans-avion.net\/tdm\/wp-content\/uploads\/dans-le-parc-National-62-768x576.jpg 768w, https:\/\/www.sans-avion.net\/tdm\/wp-content\/uploads\/dans-le-parc-National-62-360x270.jpg 360w\" sizes=\"auto, (max-width: 640px) 100vw, 640px\" \/><\/a><figcaption id=\"caption-attachment-5290\" class=\"wp-caption-text\">les oiseaux tropicaux nous \u00e9patent toujours avec leurs couleurs spectaculaires<\/figcaption><\/figure>\n<figure id=\"attachment_5293\" aria-describedby=\"caption-attachment-5293\" style=\"width: 640px\" class=\"wp-caption aligncenter\"><a href=\"http:\/\/www.sans-avion.net\/tdm\/wp-content\/uploads\/dans-le-parc-National-47.jpg\"><img loading=\"lazy\" decoding=\"async\" class=\"size-large wp-image-5293\" src=\"http:\/\/www.sans-avion.net\/tdm\/wp-content\/uploads\/dans-le-parc-National-47-1024x768.jpg\" alt=\"l\u00e9zard g\u00e9ant dans les feuilles\" width=\"640\" height=\"480\" srcset=\"https:\/\/www.sans-avion.net\/tdm\/wp-content\/uploads\/dans-le-parc-National-47-1024x768.jpg 1024w, https:\/\/www.sans-avion.net\/tdm\/wp-content\/uploads\/dans-le-parc-National-47-300x225.jpg 300w, https:\/\/www.sans-avion.net\/tdm\/wp-content\/uploads\/dans-le-parc-National-47-768x576.jpg 768w, https:\/\/www.sans-avion.net\/tdm\/wp-content\/uploads\/dans-le-parc-National-47-360x270.jpg 360w\" sizes=\"auto, (max-width: 640px) 100vw, 640px\" \/><\/a><figcaption id=\"caption-attachment-5293\" class=\"wp-caption-text\">l\u00e9zard g\u00e9ant dans les feuilles<\/figcaption><\/figure>\n<figure id=\"attachment_5294\" aria-describedby=\"caption-attachment-5294\" style=\"width: 640px\" class=\"wp-caption aligncenter\"><a href=\"http:\/\/www.sans-avion.net\/tdm\/wp-content\/uploads\/dans-le-parc-National-50.jpg\"><img loading=\"lazy\" decoding=\"async\" class=\"size-large wp-image-5294\" src=\"http:\/\/www.sans-avion.net\/tdm\/wp-content\/uploads\/dans-le-parc-National-50-1024x768.jpg\" alt=\"les ados n'ont peur de rien (vraiment ?)\" width=\"640\" height=\"480\" srcset=\"https:\/\/www.sans-avion.net\/tdm\/wp-content\/uploads\/dans-le-parc-National-50-1024x768.jpg 1024w, https:\/\/www.sans-avion.net\/tdm\/wp-content\/uploads\/dans-le-parc-National-50-300x225.jpg 300w, https:\/\/www.sans-avion.net\/tdm\/wp-content\/uploads\/dans-le-parc-National-50-768x576.jpg 768w, https:\/\/www.sans-avion.net\/tdm\/wp-content\/uploads\/dans-le-parc-National-50-360x270.jpg 360w\" sizes=\"auto, (max-width: 640px) 100vw, 640px\" \/><\/a><figcaption id=\"caption-attachment-5294\" class=\"wp-caption-text\">les ados n&rsquo;ont peur de rien (vraiment ?) &#8212; on appelle \u00e7a \u00ab\u00a0\u00eatre en mode <em>skull<\/em>\u00ab\u00a0<\/figcaption><\/figure>\n<figure id=\"attachment_5295\" aria-describedby=\"caption-attachment-5295\" style=\"width: 640px\" class=\"wp-caption aligncenter\"><a href=\"http:\/\/www.sans-avion.net\/tdm\/wp-content\/uploads\/dans-le-parc-National-53.jpg\"><img loading=\"lazy\" decoding=\"async\" class=\"size-large wp-image-5295\" src=\"http:\/\/www.sans-avion.net\/tdm\/wp-content\/uploads\/dans-le-parc-National-53-1024x768.jpg\" alt=\"dans le parc il y a aussi des bananiers bien s\u00fbr\" width=\"640\" height=\"480\" srcset=\"https:\/\/www.sans-avion.net\/tdm\/wp-content\/uploads\/dans-le-parc-National-53-1024x768.jpg 1024w, https:\/\/www.sans-avion.net\/tdm\/wp-content\/uploads\/dans-le-parc-National-53-300x225.jpg 300w, https:\/\/www.sans-avion.net\/tdm\/wp-content\/uploads\/dans-le-parc-National-53-768x576.jpg 768w, https:\/\/www.sans-avion.net\/tdm\/wp-content\/uploads\/dans-le-parc-National-53-360x270.jpg 360w\" sizes=\"auto, (max-width: 640px) 100vw, 640px\" \/><\/a><figcaption id=\"caption-attachment-5295\" class=\"wp-caption-text\">dans le parc il y a aussi des bananiers bien s\u00fbr<\/figcaption><\/figure>\n<figure id=\"attachment_5296\" aria-describedby=\"caption-attachment-5296\" style=\"width: 640px\" class=\"wp-caption aligncenter\"><a href=\"http:\/\/www.sans-avion.net\/tdm\/wp-content\/uploads\/dans-le-parc-National-54.jpg\"><img loading=\"lazy\" decoding=\"async\" class=\"size-large wp-image-5296\" src=\"http:\/\/www.sans-avion.net\/tdm\/wp-content\/uploads\/dans-le-parc-National-54-1024x768.jpg\" alt=\"et des fleurs bizarres\" width=\"640\" height=\"480\" srcset=\"https:\/\/www.sans-avion.net\/tdm\/wp-content\/uploads\/dans-le-parc-National-54-1024x768.jpg 1024w, https:\/\/www.sans-avion.net\/tdm\/wp-content\/uploads\/dans-le-parc-National-54-300x225.jpg 300w, https:\/\/www.sans-avion.net\/tdm\/wp-content\/uploads\/dans-le-parc-National-54-768x576.jpg 768w, https:\/\/www.sans-avion.net\/tdm\/wp-content\/uploads\/dans-le-parc-National-54-360x270.jpg 360w\" sizes=\"auto, (max-width: 640px) 100vw, 640px\" \/><\/a><figcaption id=\"caption-attachment-5296\" class=\"wp-caption-text\">et des fleurs bizarres<\/figcaption><\/figure>\n<h3>Dr\u00f4le de surprise pour des ados<\/h3>\n<p>On prend le chemin du retour. Pour cela, on va suivre le sentier officiel du parc (comme sur la photo des deux ados plus haut). Et alors, \u00e0 ce moment, les ados prennent un peu d&rsquo;avance sur le chemin, puisque c&rsquo;est bien connu, un ado n&rsquo;acc\u00e9l\u00e8re en rando que sur le chemin du retour&#8230; Sauf que tout \u00e0 coup, on les voit revenir vers nous avec un air pas rassur\u00e9 !<\/p>\n<figure id=\"attachment_5297\" aria-describedby=\"caption-attachment-5297\" style=\"width: 242px\" class=\"wp-caption alignright\"><a href=\"http:\/\/www.sans-avion.net\/tdm\/wp-content\/uploads\/Croquis.jpg\"><img loading=\"lazy\" decoding=\"async\" class=\"size-medium wp-image-5297\" src=\"http:\/\/www.sans-avion.net\/tdm\/wp-content\/uploads\/Croquis-242x300.jpg\" alt=\"Croquis\" width=\"242\" height=\"300\" srcset=\"https:\/\/www.sans-avion.net\/tdm\/wp-content\/uploads\/Croquis-242x300.jpg 242w, https:\/\/www.sans-avion.net\/tdm\/wp-content\/uploads\/Croquis-768x953.jpg 768w, https:\/\/www.sans-avion.net\/tdm\/wp-content\/uploads\/Croquis-825x1024.jpg 825w, https:\/\/www.sans-avion.net\/tdm\/wp-content\/uploads\/Croquis-217x270.jpg 217w, https:\/\/www.sans-avion.net\/tdm\/wp-content\/uploads\/Croquis.jpg 1793w\" sizes=\"auto, (max-width: 242px) 100vw, 242px\" \/><\/a><figcaption id=\"caption-attachment-5297\" class=\"wp-caption-text\">Croquis<\/figcaption><\/figure>\n<p>Bien s\u00fbr, nous n&rsquo;avons pas les photos de la surprise qu&rsquo;elles viennent de rencontrer, mais il semblerait que c&rsquo;\u00e9tait un iguane \u00e9norme ! Deux autres touristes, qui venaient en face, confirment la rencontre.<\/p>\n<p>Audrey nous a dessin\u00e9 un croquis de la sc\u00e8ne ! Je conseille de cliquer pour le voir en grand et observer les d\u00e9tails. Les textes en bleu c&rsquo;est moi qui les ai ajout\u00e9s.<\/p>\n<p>Forc\u00e9ment, le retour \u00e0 l&rsquo;auberge a \u00e9t\u00e9 acc\u00e9l\u00e9r\u00e9&#8230;<\/p>\n<figure id=\"attachment_5300\" aria-describedby=\"caption-attachment-5300\" style=\"width: 300px\" class=\"wp-caption alignleft\"><a href=\"http:\/\/www.sans-avion.net\/tdm\/wp-content\/uploads\/DSC08770.jpg\"><img loading=\"lazy\" decoding=\"async\" class=\"size-medium wp-image-5300\" src=\"http:\/\/www.sans-avion.net\/tdm\/wp-content\/uploads\/DSC08770-300x225.jpg\" alt=\"Un grand oiseau sur le ponton de l'auberge\" width=\"300\" height=\"225\" srcset=\"https:\/\/www.sans-avion.net\/tdm\/wp-content\/uploads\/DSC08770-300x225.jpg 300w, https:\/\/www.sans-avion.net\/tdm\/wp-content\/uploads\/DSC08770-768x576.jpg 768w, https:\/\/www.sans-avion.net\/tdm\/wp-content\/uploads\/DSC08770-1024x768.jpg 1024w, https:\/\/www.sans-avion.net\/tdm\/wp-content\/uploads\/DSC08770-360x270.jpg 360w\" sizes=\"auto, (max-width: 300px) 100vw, 300px\" \/><\/a><figcaption id=\"caption-attachment-5300\" class=\"wp-caption-text\">Un grand oiseau sur le ponton de l&rsquo;auberge<\/figcaption><\/figure>\n<figure id=\"attachment_5301\" aria-describedby=\"caption-attachment-5301\" style=\"width: 300px\" class=\"wp-caption alignright\"><a href=\"http:\/\/www.sans-avion.net\/tdm\/wp-content\/uploads\/DSC08777.jpg\"><img loading=\"lazy\" decoding=\"async\" class=\"size-medium wp-image-5301\" src=\"http:\/\/www.sans-avion.net\/tdm\/wp-content\/uploads\/DSC08777-300x225.jpg\" alt=\"Du coup, on va se baigner dans la mer des Cara\u00efbes\" width=\"300\" height=\"225\" srcset=\"https:\/\/www.sans-avion.net\/tdm\/wp-content\/uploads\/DSC08777-300x225.jpg 300w, https:\/\/www.sans-avion.net\/tdm\/wp-content\/uploads\/DSC08777-768x576.jpg 768w, https:\/\/www.sans-avion.net\/tdm\/wp-content\/uploads\/DSC08777-1024x768.jpg 1024w, https:\/\/www.sans-avion.net\/tdm\/wp-content\/uploads\/DSC08777-360x270.jpg 360w\" sizes=\"auto, (max-width: 300px) 100vw, 300px\" \/><\/a><figcaption id=\"caption-attachment-5301\" class=\"wp-caption-text\">Du coup, on va se baigner dans la mer des Cara\u00efbes<\/figcaption><\/figure>\n<p>&nbsp;<\/p>\n<p>&nbsp;<\/p>\n","protected":false},"excerpt":{"rendered":"<p>Juste \u00e0 c\u00f4t\u00e9 de Tortuguero, il y a la jungle dans toutes les directions. Et si on va vers le Sud, c&rsquo;est le parc national. Aujourd&rsquo;hui, nous allons donc de ce c\u00f4t\u00e9, malgr\u00e9 la taxe touristique (15 $US par personne, je trouve que c&rsquo;est vraiment tr\u00e8s cher) et on est accompagn\u00e9s par notre cher Victor qui nous aide \u00e0 d\u00e9busquer de jolies choses. L&rsquo;endroit est tr\u00e8s beau, fourni en faune et en flore. On regrettera juste d&rsquo;avoir \u00e0 payer pour&#8230;<\/p>\n<p class=\"read-more\"><a class=\"btn btn-default\" href=\"https:\/\/www.sans-avion.net\/tdm\/balade-dans-le-parc-national-de-tortuguero\/\">Lire la suite<span class=\"screen-reader-text\"> Lire la suite<\/span><\/a><\/p>\n","protected":false},"author":1,"featured_media":515,"comment_status":"open","ping_status":"open","sticky":false,"template":"","format":"standard","meta":{"ngg_post_thumbnail":0,"footnotes":""},"categories":[2,114,771],"tags":[801,779,796,797,71,798,800,799,496,498,795,268,802,719],"class_list":["post-5263","post","type-post","status-publish","format-standard","has-post-thumbnail","hentry","category-actu-et-infos","category-aventure","category-costa-rica","tag-ados","tag-animaux","tag-faune","tag-flore","tag-foret","tag-grenouille","tag-iguane","tag-jaguar","tag-jungle","tag-lezard","tag-park-fee","tag-singe","tag-skull","tag-taxe"],"_links":{"self":[{"href":"https:\/\/www.sans-avion.net\/tdm\/wp-json\/wp\/v2\/posts\/5263","targetHints":{"allow":["GET"]}}],"collection":[{"href":"https:\/\/www.sans-avion.net\/tdm\/wp-json\/wp\/v2\/posts"}],"about":[{"href":"https:\/\/www.sans-avion.net\/tdm\/wp-json\/wp\/v2\/types\/post"}],"author":[{"embeddable":true,"href":"https:\/\/www.sans-avion.net\/tdm\/wp-json\/wp\/v2\/users\/1"}],"replies":[{"embeddable":true,"href":"https:\/\/www.sans-avion.net\/tdm\/wp-json\/wp\/v2\/comments?post=5263"}],"version-history":[{"count":5,"href":"https:\/\/www.sans-avion.net\/tdm\/wp-json\/wp\/v2\/posts\/5263\/revisions"}],"predecessor-version":[{"id":5302,"href":"https:\/\/www.sans-avion.net\/tdm\/wp-json\/wp\/v2\/posts\/5263\/revisions\/5302"}],"wp:featuredmedia":[{"embeddable":true,"href":"https:\/\/www.sans-avion.net\/tdm\/wp-json\/wp\/v2\/media\/515"}],"wp:attachment":[{"href":"https:\/\/www.sans-avion.net\/tdm\/wp-json\/wp\/v2\/media?parent=5263"}],"wp:term":[{"taxonomy":"category","embeddable":true,"href":"https:\/\/www.sans-avion.net\/tdm\/wp-json\/wp\/v2\/categories?post=5263"},{"taxonomy":"post_tag","embeddable":true,"href":"https:\/\/www.sans-avion.net\/tdm\/wp-json\/wp\/v2\/tags?post=5263"}],"curies":[{"name":"wp","href":"https:\/\/api.w.org\/{rel}","templated":true}]}}