{"id":5351,"date":"2018-04-16T08:07:47","date_gmt":"2018-04-16T06:07:47","guid":{"rendered":"http:\/\/www.sans-avion.net\/tdm\/?p=5351"},"modified":"2018-04-16T08:42:57","modified_gmt":"2018-04-16T06:42:57","slug":"granada-la-bombe-du-nicaragua","status":"publish","type":"post","link":"https:\/\/www.sans-avion.net\/tdm\/granada-la-bombe-du-nicaragua\/","title":{"rendered":"Granada, la bombe du Nicaragua"},"content":{"rendered":"<h3>Granada, la bombe du Nicaragua<\/h3>\n<p>Jeu de mots pas tr\u00e8s fin j&rsquo;admets, mais je n&rsquo;avais rien en t\u00eate au moment d&rsquo;\u00e9crire ce titre. Car on ne pond pas du titre au kilom\u00e8tre, ou alors il faut accepter de rester dans le \u00ab\u00a0<a href=\"https:\/\/fr.wikipedia.org\/wiki\/Pi%C3%A8ge_%C3%A0_clics\">titre-\u00e0-clics<\/a>\u00a0\u00bb (en vulgaire : pute-\u00e0-clics) qui n&rsquo;est franchement pas toujours rigolo quand on est l&rsquo;auteur. Bin oui, parce que \u00e7a consiste \u00e0 manipuler le lecteur pour qu&rsquo;il clique.<\/p>\n<figure id=\"attachment_5353\" aria-describedby=\"caption-attachment-5353\" style=\"width: 300px\" class=\"wp-caption alignright\"><a href=\"http:\/\/www.sans-avion.net\/tdm\/wp-content\/uploads\/d\u00e9couverte-Hotel-La-Gran-Sultana-16.jpg\"><img loading=\"lazy\" decoding=\"async\" class=\"wp-image-5353 size-medium\" src=\"http:\/\/www.sans-avion.net\/tdm\/wp-content\/uploads\/d\u00e9couverte-Hotel-La-Gran-Sultana-16-300x225.jpg\" alt=\"d\u00e9couverte Hotel La Gran Sultana (arriv\u00e9e de nuit)\" width=\"300\" height=\"225\" srcset=\"https:\/\/www.sans-avion.net\/tdm\/wp-content\/uploads\/d\u00e9couverte-Hotel-La-Gran-Sultana-16-300x225.jpg 300w, https:\/\/www.sans-avion.net\/tdm\/wp-content\/uploads\/d\u00e9couverte-Hotel-La-Gran-Sultana-16-768x576.jpg 768w, https:\/\/www.sans-avion.net\/tdm\/wp-content\/uploads\/d\u00e9couverte-Hotel-La-Gran-Sultana-16-1024x768.jpg 1024w, https:\/\/www.sans-avion.net\/tdm\/wp-content\/uploads\/d\u00e9couverte-Hotel-La-Gran-Sultana-16-360x270.jpg 360w\" sizes=\"auto, (max-width: 300px) 100vw, 300px\" \/><\/a><figcaption id=\"caption-attachment-5353\" class=\"wp-caption-text\">d\u00e9couverte Hotel La Gran Sultana (arriv\u00e9e de nuit)<\/figcaption><\/figure>\n<p>Alors que l\u00e0, je n&rsquo;ai rien \u00e0 vendre, donc aucune raison de \u00ab\u00a0tricher\u00a0\u00bb vis-\u00e0-vis du lecteur.<\/p>\n<p>En m\u00eame temps, quand on d\u00e9couvre Granada, on a vraiment envie de vous le faire partager. Le Nicaragua, comme vous le savez, n&rsquo;est pas un pays riche. Donc les prix sont tr\u00e8s raisonnables, et donc on a pu se payer un petit luxe, un h\u00f4tel haut-de-gamme (traduction : 3 \u00e9toiles, faut pas d\u00e9conner) et franchement la qualit\u00e9 et le service sont au top !<\/p>\n<h3>Visite en vid\u00e9o de <em>La Gran Sultana<\/em>, h\u00f4tel au c\u0153ur de la ville.<\/h3>\n<p><iframe loading=\"lazy\" src=\"https:\/\/www.youtube.com\/embed\/FL7JIcKmMEY?rel=0\" width=\"640\" height=\"360\" frameborder=\"0\" allowfullscreen=\"allowfullscreen\"><\/iframe>&nbsp;<\/p>\n<h3>Le march\u00e9 : contact avec la vie r\u00e9elle<\/h3>\n<p>&nbsp;<\/p>\n<figure id=\"attachment_5357\" aria-describedby=\"caption-attachment-5357\" style=\"width: 300px\" class=\"wp-caption alignright\"><a href=\"http:\/\/www.sans-avion.net\/tdm\/wp-content\/uploads\/le-march\u00e9-\u00e0-Granada-2.jpg\"><img loading=\"lazy\" decoding=\"async\" class=\"size-medium wp-image-5357\" src=\"http:\/\/www.sans-avion.net\/tdm\/wp-content\/uploads\/le-march\u00e9-\u00e0-Granada-2-300x225.jpg\" alt=\"la file de taxis arrivant au march\u00e9\" width=\"300\" height=\"225\" srcset=\"https:\/\/www.sans-avion.net\/tdm\/wp-content\/uploads\/le-march\u00e9-\u00e0-Granada-2-300x225.jpg 300w, https:\/\/www.sans-avion.net\/tdm\/wp-content\/uploads\/le-march\u00e9-\u00e0-Granada-2-768x576.jpg 768w, https:\/\/www.sans-avion.net\/tdm\/wp-content\/uploads\/le-march\u00e9-\u00e0-Granada-2-1024x768.jpg 1024w, https:\/\/www.sans-avion.net\/tdm\/wp-content\/uploads\/le-march\u00e9-\u00e0-Granada-2-360x270.jpg 360w\" sizes=\"auto, (max-width: 300px) 100vw, 300px\" \/><\/a><figcaption id=\"caption-attachment-5357\" class=\"wp-caption-text\">la file de taxis arrivant au march\u00e9<\/figcaption><\/figure>\n<p>Comme \u00e0 notre habitude avec Chrystel, rien de tel pour d\u00e9couvrir la \u00ab\u00a0vraie\u00a0\u00bb vie locale que d&rsquo;aller au march\u00e9. Oui je sais, \u00e7a n&rsquo;est pas recommand\u00e9 par les guides pour gentils touristes bien dress\u00e9s, mais puisque notre h\u00f4tel est \u00e0 moins de 100 m\u00e8tres, on y va quand m\u00eame. La rue est envahie par une file permanente de taxis qui am\u00e8nent et emportent des clients du march\u00e9. Oui, dans ce pays, on vient au march\u00e9 en taxi ! Il faut dire que les tarifs sont terriblement raisonnables : moins de 1\u20ac la course pour traverser la ville, \u00e0 partager par les occupants, on comprend mieux !<\/p>\n<figure id=\"attachment_5366\" aria-describedby=\"caption-attachment-5366\" style=\"width: 300px\" class=\"wp-caption alignleft\"><a href=\"http:\/\/www.sans-avion.net\/tdm\/wp-content\/uploads\/le-march\u00e9-\u00e0-Granada-10.jpg\"><img loading=\"lazy\" decoding=\"async\" class=\"size-medium wp-image-5366\" src=\"http:\/\/www.sans-avion.net\/tdm\/wp-content\/uploads\/le-march\u00e9-\u00e0-Granada-10-300x225.jpg\" alt=\"Les prix sont tr\u00e8s bas, ici on paye en Cordobas\" width=\"300\" height=\"225\" srcset=\"https:\/\/www.sans-avion.net\/tdm\/wp-content\/uploads\/le-march\u00e9-\u00e0-Granada-10-300x225.jpg 300w, https:\/\/www.sans-avion.net\/tdm\/wp-content\/uploads\/le-march\u00e9-\u00e0-Granada-10-768x576.jpg 768w, https:\/\/www.sans-avion.net\/tdm\/wp-content\/uploads\/le-march\u00e9-\u00e0-Granada-10-1024x768.jpg 1024w, https:\/\/www.sans-avion.net\/tdm\/wp-content\/uploads\/le-march\u00e9-\u00e0-Granada-10-360x270.jpg 360w\" sizes=\"auto, (max-width: 300px) 100vw, 300px\" \/><\/a><figcaption id=\"caption-attachment-5366\" class=\"wp-caption-text\">Les prix sont tr\u00e8s bas, ici on paye en Cordobas<\/figcaption><\/figure>\n<p>C&rsquo;est un joyeux concert de klaxons qui cr\u00e9e un fond sonore pour le march\u00e9. On y trouve comme toujours des stands aussi divers qu&rsquo;int\u00e9ressants : de la belle viande et des poissons ruisselants (pr\u00e9par\u00e9s devant vous bien s\u00fbr, tout est bon pour attirer le client), superbes fruits et l\u00e9gumes frais, v\u00eatements en tout genre, accessoires de t\u00e9l\u00e9phonie, dizaines de sortes de riz, chaussures par cartons \u00e9normes, et m\u00eame ici et l\u00e0 quelques gargotes \u00e0 barbecue en plein march\u00e9 pour vous remplir l&rsquo;estomac \u00e0 toute heure, pour un prix d\u00e9fiant toute concurrence.<\/p>\n<figure id=\"attachment_5365\" aria-describedby=\"caption-attachment-5365\" style=\"width: 300px\" class=\"wp-caption alignright\"><a href=\"http:\/\/www.sans-avion.net\/tdm\/wp-content\/uploads\/le-march\u00e9-\u00e0-Granada-9.jpg\"><img loading=\"lazy\" decoding=\"async\" class=\"size-medium wp-image-5365\" src=\"http:\/\/www.sans-avion.net\/tdm\/wp-content\/uploads\/le-march\u00e9-\u00e0-Granada-9-300x225.jpg\" alt=\"le march\u00e9 \u00e0 Granada, Nicaragua\" width=\"300\" height=\"225\" srcset=\"https:\/\/www.sans-avion.net\/tdm\/wp-content\/uploads\/le-march\u00e9-\u00e0-Granada-9-300x225.jpg 300w, https:\/\/www.sans-avion.net\/tdm\/wp-content\/uploads\/le-march\u00e9-\u00e0-Granada-9-768x576.jpg 768w, https:\/\/www.sans-avion.net\/tdm\/wp-content\/uploads\/le-march\u00e9-\u00e0-Granada-9-1024x768.jpg 1024w, https:\/\/www.sans-avion.net\/tdm\/wp-content\/uploads\/le-march\u00e9-\u00e0-Granada-9-360x270.jpg 360w\" sizes=\"auto, (max-width: 300px) 100vw, 300px\" \/><\/a><figcaption id=\"caption-attachment-5365\" class=\"wp-caption-text\">le march\u00e9 \u00e0 Granada, Nicaragua<\/figcaption><\/figure>\n<p>On a go\u00fbt\u00e9 des <em>Nipero<\/em> (en fran\u00e7ais des n\u00e8fles) pour 0,10\u20ac pi\u00e8ce : ce sont des fruits doux qui sont utilis\u00e9s pour faire des g\u00e2teaux ici.<\/p>\n<p>Ambiance r\u00e9elle \u00e0 son maximum ! On est vraiment dans le vrai Nicaragua.<\/p>\n<figure id=\"attachment_5364\" aria-describedby=\"caption-attachment-5364\" style=\"width: 640px\" class=\"wp-caption aligncenter\"><a href=\"http:\/\/www.sans-avion.net\/tdm\/wp-content\/uploads\/le-march\u00e9-\u00e0-Granada-8.jpg\"><img loading=\"lazy\" decoding=\"async\" class=\"wp-image-5364 size-large\" src=\"http:\/\/www.sans-avion.net\/tdm\/wp-content\/uploads\/le-march\u00e9-\u00e0-Granada-8-1024x768.jpg\" alt=\"Du riz de toutes les sortes\" width=\"640\" height=\"480\" srcset=\"https:\/\/www.sans-avion.net\/tdm\/wp-content\/uploads\/le-march\u00e9-\u00e0-Granada-8-1024x768.jpg 1024w, https:\/\/www.sans-avion.net\/tdm\/wp-content\/uploads\/le-march\u00e9-\u00e0-Granada-8-300x225.jpg 300w, https:\/\/www.sans-avion.net\/tdm\/wp-content\/uploads\/le-march\u00e9-\u00e0-Granada-8-768x576.jpg 768w, https:\/\/www.sans-avion.net\/tdm\/wp-content\/uploads\/le-march\u00e9-\u00e0-Granada-8-360x270.jpg 360w\" sizes=\"auto, (max-width: 640px) 100vw, 640px\" \/><\/a><figcaption id=\"caption-attachment-5364\" class=\"wp-caption-text\">Du riz de toutes les sortes<\/figcaption><\/figure>\n<figure id=\"attachment_5363\" aria-describedby=\"caption-attachment-5363\" style=\"width: 300px\" class=\"wp-caption alignright\"><a href=\"http:\/\/www.sans-avion.net\/tdm\/wp-content\/uploads\/le-march\u00e9-\u00e0-Granada-7.jpg\"><img loading=\"lazy\" decoding=\"async\" class=\"size-medium wp-image-5363\" src=\"http:\/\/www.sans-avion.net\/tdm\/wp-content\/uploads\/le-march\u00e9-\u00e0-Granada-7-300x225.jpg\" alt=\"alors Charlie, \u00e7a arrive ces saucisses ?\" width=\"300\" height=\"225\" srcset=\"https:\/\/www.sans-avion.net\/tdm\/wp-content\/uploads\/le-march\u00e9-\u00e0-Granada-7-300x225.jpg 300w, https:\/\/www.sans-avion.net\/tdm\/wp-content\/uploads\/le-march\u00e9-\u00e0-Granada-7-768x576.jpg 768w, https:\/\/www.sans-avion.net\/tdm\/wp-content\/uploads\/le-march\u00e9-\u00e0-Granada-7-1024x768.jpg 1024w, https:\/\/www.sans-avion.net\/tdm\/wp-content\/uploads\/le-march\u00e9-\u00e0-Granada-7-360x270.jpg 360w\" sizes=\"auto, (max-width: 300px) 100vw, 300px\" \/><\/a><figcaption id=\"caption-attachment-5363\" class=\"wp-caption-text\">alors Charlie, \u00e7a arrive ces saucisses ?*<\/figcaption><\/figure>\n<p>Et contrairement \u00e0 ce qu&rsquo;on a pu nous dire ici ou l\u00e0, on se sent en s\u00e9curit\u00e9. Bien s\u00fbr il ne faut pas \u00e9taler ses billets \u00e0 tous les regards, mais franchement il ne faut faire \u00e7a nulle part de toute fa\u00e7on. On reste sur nos gardes, c&rsquo;est l&rsquo;aventure mais restons attentifs. En fait, la plupart du temps, ce sont les locaux qui sont \u00e9tonn\u00e9s de nous voir ici. Les touristes ne viennent pas par l\u00e0 habituellement !<\/p>\n<figure id=\"attachment_5362\" aria-describedby=\"caption-attachment-5362\" style=\"width: 300px\" class=\"wp-caption alignleft\"><a href=\"http:\/\/www.sans-avion.net\/tdm\/wp-content\/uploads\/le-march\u00e9-\u00e0-Granada-6.jpg\"><img loading=\"lazy\" decoding=\"async\" class=\"size-medium wp-image-5362\" src=\"http:\/\/www.sans-avion.net\/tdm\/wp-content\/uploads\/le-march\u00e9-\u00e0-Granada-6-300x225.jpg\" alt=\"On passe des l\u00e9gumes aux v\u00eatements en passant par les accessoires pour portables\" width=\"300\" height=\"225\" srcset=\"https:\/\/www.sans-avion.net\/tdm\/wp-content\/uploads\/le-march\u00e9-\u00e0-Granada-6-300x225.jpg 300w, https:\/\/www.sans-avion.net\/tdm\/wp-content\/uploads\/le-march\u00e9-\u00e0-Granada-6-768x576.jpg 768w, https:\/\/www.sans-avion.net\/tdm\/wp-content\/uploads\/le-march\u00e9-\u00e0-Granada-6-1024x768.jpg 1024w, https:\/\/www.sans-avion.net\/tdm\/wp-content\/uploads\/le-march\u00e9-\u00e0-Granada-6-360x270.jpg 360w\" sizes=\"auto, (max-width: 300px) 100vw, 300px\" \/><\/a><figcaption id=\"caption-attachment-5362\" class=\"wp-caption-text\">On passe des l\u00e9gumes aux v\u00eatements en passant par les accessoires pour portables<\/figcaption><\/figure>\n<p>Les gens rigolent, ils sont souriants, et pourtant ils travaillent dur pour gagner leur vie. Le march\u00e9 est actif tous les jours, de tr\u00e8s t\u00f4t le matin jusqu&rsquo;\u00e0 la tomb\u00e9e de la nuit&#8230; Qui a lieu vers 18 h, eh oui ici il fait nuit t\u00f4t.<\/p>\n<figure id=\"attachment_5361\" aria-describedby=\"caption-attachment-5361\" style=\"width: 640px\" class=\"wp-caption aligncenter\"><a href=\"http:\/\/www.sans-avion.net\/tdm\/wp-content\/uploads\/le-march\u00e9-\u00e0-Granada-5.jpg\"><img loading=\"lazy\" decoding=\"async\" class=\"wp-image-5361 size-large\" src=\"http:\/\/www.sans-avion.net\/tdm\/wp-content\/uploads\/le-march\u00e9-\u00e0-Granada-5-1024x768.jpg\" alt=\"On trouve de tout au march\u00e9 de Granada\" width=\"640\" height=\"480\" srcset=\"https:\/\/www.sans-avion.net\/tdm\/wp-content\/uploads\/le-march\u00e9-\u00e0-Granada-5-1024x768.jpg 1024w, https:\/\/www.sans-avion.net\/tdm\/wp-content\/uploads\/le-march\u00e9-\u00e0-Granada-5-300x225.jpg 300w, https:\/\/www.sans-avion.net\/tdm\/wp-content\/uploads\/le-march\u00e9-\u00e0-Granada-5-768x576.jpg 768w, https:\/\/www.sans-avion.net\/tdm\/wp-content\/uploads\/le-march\u00e9-\u00e0-Granada-5-360x270.jpg 360w\" sizes=\"auto, (max-width: 640px) 100vw, 640px\" \/><\/a><figcaption id=\"caption-attachment-5361\" class=\"wp-caption-text\">On trouve de tout au march\u00e9 de Granada<\/figcaption><\/figure>\n\t<audio id=\"wp_mep_1\"      controls=\"controls\" preload=\"auto\"  >\r\n\t\t\r\n\t\t<source src=\"http:\/\/www.sans-avion.net\/tdm\/wp-content\/uploads\/Ambiance-du-march\u00e9.mp3\" type=\"audio\/mp3\" \/>\r\n\t\t\r\n\t\t\r\n\t\t\r\n\t\t\r\n\t\t\r\n\t<\/audio>\r\n<script type=\"text\/javascript\">\r\njQuery(document).ready(function($) {\r\n\t$('#wp_mep_1').mediaelementplayer({\r\n\t\tm:1\r\n\t\t\r\n\t\t,features: ['playpause','current','progress','duration','volume','tracks','fullscreen']\r\n\t\t,audioWidth:400,audioHeight:30\r\n\t});\r\n});\r\n<\/script>\r\n\n<figure id=\"attachment_5360\" aria-describedby=\"caption-attachment-5360\" style=\"width: 304px\" class=\"wp-caption alignleft\"><a href=\"http:\/\/www.sans-avion.net\/tdm\/wp-content\/uploads\/le-march\u00e9-\u00e0-Granada-4.jpg\"><img loading=\"lazy\" decoding=\"async\" class=\" wp-image-5360\" src=\"http:\/\/www.sans-avion.net\/tdm\/wp-content\/uploads\/le-march\u00e9-\u00e0-Granada-4-225x300.jpg\" alt=\"Le boucher n'est pas commode ?\" width=\"304\" height=\"405\" srcset=\"https:\/\/www.sans-avion.net\/tdm\/wp-content\/uploads\/le-march\u00e9-\u00e0-Granada-4-225x300.jpg 225w, https:\/\/www.sans-avion.net\/tdm\/wp-content\/uploads\/le-march\u00e9-\u00e0-Granada-4-768x1024.jpg 768w, https:\/\/www.sans-avion.net\/tdm\/wp-content\/uploads\/le-march\u00e9-\u00e0-Granada-4-203x270.jpg 203w\" sizes=\"auto, (max-width: 304px) 100vw, 304px\" \/><\/a><figcaption id=\"caption-attachment-5360\" class=\"wp-caption-text\">Le boucher n&rsquo;est pas commode ?<\/figcaption><\/figure>\n<figure id=\"attachment_5371\" aria-describedby=\"caption-attachment-5371\" style=\"width: 303px\" class=\"wp-caption alignleft\"><a href=\"http:\/\/www.sans-avion.net\/tdm\/wp-content\/uploads\/le-march\u00e9-\u00e0-Granada-18.jpg\"><img loading=\"lazy\" decoding=\"async\" class=\" wp-image-5371\" src=\"http:\/\/www.sans-avion.net\/tdm\/wp-content\/uploads\/le-march\u00e9-\u00e0-Granada-18-225x300.jpg\" alt=\"Le k\u00e9ros\u00e8ne en vente en station service ?\" width=\"303\" height=\"404\" srcset=\"https:\/\/www.sans-avion.net\/tdm\/wp-content\/uploads\/le-march\u00e9-\u00e0-Granada-18-225x300.jpg 225w, https:\/\/www.sans-avion.net\/tdm\/wp-content\/uploads\/le-march\u00e9-\u00e0-Granada-18-768x1024.jpg 768w, https:\/\/www.sans-avion.net\/tdm\/wp-content\/uploads\/le-march\u00e9-\u00e0-Granada-18-203x270.jpg 203w\" sizes=\"auto, (max-width: 303px) 100vw, 303px\" \/><\/a><figcaption id=\"caption-attachment-5371\" class=\"wp-caption-text\">Le k\u00e9ros\u00e8ne en vente en station service ? On fournit m\u00eame les bidons !<\/figcaption><\/figure>\n<figure id=\"attachment_5359\" aria-describedby=\"caption-attachment-5359\" style=\"width: 640px\" class=\"wp-caption aligncenter\"><a href=\"http:\/\/www.sans-avion.net\/tdm\/wp-content\/uploads\/le-march\u00e9-\u00e0-Granada-3.jpg\"><img loading=\"lazy\" decoding=\"async\" class=\"wp-image-5359 size-large\" src=\"http:\/\/www.sans-avion.net\/tdm\/wp-content\/uploads\/le-march\u00e9-\u00e0-Granada-3-1024x768.jpg\" alt=\"T\u00fbt t\u00fbt\" width=\"640\" height=\"480\" srcset=\"https:\/\/www.sans-avion.net\/tdm\/wp-content\/uploads\/le-march\u00e9-\u00e0-Granada-3-1024x768.jpg 1024w, https:\/\/www.sans-avion.net\/tdm\/wp-content\/uploads\/le-march\u00e9-\u00e0-Granada-3-300x225.jpg 300w, https:\/\/www.sans-avion.net\/tdm\/wp-content\/uploads\/le-march\u00e9-\u00e0-Granada-3-768x576.jpg 768w, https:\/\/www.sans-avion.net\/tdm\/wp-content\/uploads\/le-march\u00e9-\u00e0-Granada-3-360x270.jpg 360w\" sizes=\"auto, (max-width: 640px) 100vw, 640px\" \/><\/a><figcaption id=\"caption-attachment-5359\" class=\"wp-caption-text\">T\u00fbt t\u00fbt<\/figcaption><\/figure>\n<figure id=\"attachment_5369\" aria-describedby=\"caption-attachment-5369\" style=\"width: 300px\" class=\"wp-caption alignleft\"><a href=\"http:\/\/www.sans-avion.net\/tdm\/wp-content\/uploads\/le-march\u00e9-\u00e0-Granada-17.jpg\"><img loading=\"lazy\" decoding=\"async\" class=\"size-medium wp-image-5369\" src=\"http:\/\/www.sans-avion.net\/tdm\/wp-content\/uploads\/le-march\u00e9-\u00e0-Granada-17-300x225.jpg\" alt=\"La vendeuse de n\u00e8fles\" width=\"300\" height=\"225\" srcset=\"https:\/\/www.sans-avion.net\/tdm\/wp-content\/uploads\/le-march\u00e9-\u00e0-Granada-17-300x225.jpg 300w, https:\/\/www.sans-avion.net\/tdm\/wp-content\/uploads\/le-march\u00e9-\u00e0-Granada-17-768x576.jpg 768w, https:\/\/www.sans-avion.net\/tdm\/wp-content\/uploads\/le-march\u00e9-\u00e0-Granada-17-1024x768.jpg 1024w, https:\/\/www.sans-avion.net\/tdm\/wp-content\/uploads\/le-march\u00e9-\u00e0-Granada-17-360x270.jpg 360w\" sizes=\"auto, (max-width: 300px) 100vw, 300px\" \/><\/a><figcaption id=\"caption-attachment-5369\" class=\"wp-caption-text\">La vendeuse de n\u00e8fles<\/figcaption><\/figure>\n<figure id=\"attachment_5373\" aria-describedby=\"caption-attachment-5373\" style=\"width: 300px\" class=\"wp-caption alignleft\"><a href=\"http:\/\/www.sans-avion.net\/tdm\/wp-content\/uploads\/le-march\u00e9-\u00e0-Granada-24.jpg\"><img loading=\"lazy\" decoding=\"async\" class=\"size-medium wp-image-5373\" src=\"http:\/\/www.sans-avion.net\/tdm\/wp-content\/uploads\/le-march\u00e9-\u00e0-Granada-24-300x225.jpg\" alt=\"petit stand de fromage\" width=\"300\" height=\"225\" srcset=\"https:\/\/www.sans-avion.net\/tdm\/wp-content\/uploads\/le-march\u00e9-\u00e0-Granada-24-300x225.jpg 300w, https:\/\/www.sans-avion.net\/tdm\/wp-content\/uploads\/le-march\u00e9-\u00e0-Granada-24-768x576.jpg 768w, https:\/\/www.sans-avion.net\/tdm\/wp-content\/uploads\/le-march\u00e9-\u00e0-Granada-24-1024x768.jpg 1024w, https:\/\/www.sans-avion.net\/tdm\/wp-content\/uploads\/le-march\u00e9-\u00e0-Granada-24-360x270.jpg 360w\" sizes=\"auto, (max-width: 300px) 100vw, 300px\" \/><\/a><figcaption id=\"caption-attachment-5373\" class=\"wp-caption-text\">petit stand de fromage et d&rsquo;oeufs<\/figcaption><\/figure>\n<figure id=\"attachment_5372\" aria-describedby=\"caption-attachment-5372\" style=\"width: 640px\" class=\"wp-caption aligncenter\"><a href=\"http:\/\/www.sans-avion.net\/tdm\/wp-content\/uploads\/le-march\u00e9-\u00e0-Granada-20.jpg\"><img loading=\"lazy\" decoding=\"async\" class=\"wp-image-5372 size-large\" src=\"http:\/\/www.sans-avion.net\/tdm\/wp-content\/uploads\/le-march\u00e9-\u00e0-Granada-20-1024x768.jpg\" alt=\"Au moins les choses sont claires...\" width=\"640\" height=\"480\" srcset=\"https:\/\/www.sans-avion.net\/tdm\/wp-content\/uploads\/le-march\u00e9-\u00e0-Granada-20-1024x768.jpg 1024w, https:\/\/www.sans-avion.net\/tdm\/wp-content\/uploads\/le-march\u00e9-\u00e0-Granada-20-300x225.jpg 300w, https:\/\/www.sans-avion.net\/tdm\/wp-content\/uploads\/le-march\u00e9-\u00e0-Granada-20-768x576.jpg 768w, https:\/\/www.sans-avion.net\/tdm\/wp-content\/uploads\/le-march\u00e9-\u00e0-Granada-20-360x270.jpg 360w\" sizes=\"auto, (max-width: 640px) 100vw, 640px\" \/><\/a><figcaption id=\"caption-attachment-5372\" class=\"wp-caption-text\">Au moins les choses sont claires&#8230; Ici, ils ne sont pas copains avec le pr\u00e9sident des USA<\/figcaption><\/figure>\n<figure id=\"attachment_5393\" aria-describedby=\"caption-attachment-5393\" style=\"width: 640px\" class=\"wp-caption aligncenter\"><a href=\"http:\/\/www.sans-avion.net\/tdm\/wp-content\/uploads\/le-march\u00e9-\u00e0-Granada-14.jpg\"><img loading=\"lazy\" decoding=\"async\" class=\"size-large wp-image-5393\" src=\"http:\/\/www.sans-avion.net\/tdm\/wp-content\/uploads\/le-march\u00e9-\u00e0-Granada-14-1024x768.jpg\" alt=\"le bus passe en plein milieu du march\u00e9, les stands s'\u00e9cartent et les passagers ach\u00e8tent par la fen\u00eatre\" width=\"640\" height=\"480\" srcset=\"https:\/\/www.sans-avion.net\/tdm\/wp-content\/uploads\/le-march\u00e9-\u00e0-Granada-14-1024x768.jpg 1024w, https:\/\/www.sans-avion.net\/tdm\/wp-content\/uploads\/le-march\u00e9-\u00e0-Granada-14-300x225.jpg 300w, https:\/\/www.sans-avion.net\/tdm\/wp-content\/uploads\/le-march\u00e9-\u00e0-Granada-14-768x576.jpg 768w, https:\/\/www.sans-avion.net\/tdm\/wp-content\/uploads\/le-march\u00e9-\u00e0-Granada-14-360x270.jpg 360w\" sizes=\"auto, (max-width: 640px) 100vw, 640px\" \/><\/a><figcaption id=\"caption-attachment-5393\" class=\"wp-caption-text\">le bus passe en plein milieu du march\u00e9, les stands s&rsquo;\u00e9cartent et les passagers ach\u00e8tent par la fen\u00eatre<\/figcaption><\/figure>\n<figure id=\"attachment_5374\" aria-describedby=\"caption-attachment-5374\" style=\"width: 640px\" class=\"wp-caption aligncenter\"><a href=\"http:\/\/www.sans-avion.net\/tdm\/wp-content\/uploads\/le-march\u00e9-\u00e0-Granada-25.jpg\"><img loading=\"lazy\" decoding=\"async\" class=\"wp-image-5374 size-large\" src=\"http:\/\/www.sans-avion.net\/tdm\/wp-content\/uploads\/le-march\u00e9-\u00e0-Granada-25-1024x768.jpg\" alt=\"le march\u00e9 \u00e0 Granada\" width=\"640\" height=\"480\" srcset=\"https:\/\/www.sans-avion.net\/tdm\/wp-content\/uploads\/le-march\u00e9-\u00e0-Granada-25-1024x768.jpg 1024w, https:\/\/www.sans-avion.net\/tdm\/wp-content\/uploads\/le-march\u00e9-\u00e0-Granada-25-300x225.jpg 300w, https:\/\/www.sans-avion.net\/tdm\/wp-content\/uploads\/le-march\u00e9-\u00e0-Granada-25-768x576.jpg 768w, https:\/\/www.sans-avion.net\/tdm\/wp-content\/uploads\/le-march\u00e9-\u00e0-Granada-25-360x270.jpg 360w\" sizes=\"auto, (max-width: 640px) 100vw, 640px\" \/><\/a><figcaption id=\"caption-attachment-5374\" class=\"wp-caption-text\">le march\u00e9 \u00e0 Granada, sur fond d&rsquo;\u00e9glise coloniale<\/figcaption><\/figure>\n<p>&nbsp;<\/p>\n<p>(*) r\u00e9f\u00e9rence \u00e9vidente \u00e0 une r\u00e9plique bien connue de <a href=\"https:\/\/fr.wikipedia.org\/wiki\/Snatch_:_Tu_braques_ou_tu_raques\"><em>Snatch<\/em><\/a><\/p>\n<h3>Visite en couleurs de Granada<\/h3>\n<p>En dehors de \u00e7a, la ville est tr\u00e8s color\u00e9e, et massivement impr\u00e9gn\u00e9e d&rsquo;ambiance coloniale. On passe d&rsquo;un quartier riche \u00e0 un quartier pauvre en une rue. D\u00e9monstration en photos : comptez le nombre de couleurs diff\u00e9rentes pour les b\u00e2timents !<\/p>\n<figure id=\"attachment_5378\" aria-describedby=\"caption-attachment-5378\" style=\"width: 300px\" class=\"wp-caption alignleft\"><a href=\"http:\/\/www.sans-avion.net\/tdm\/wp-content\/uploads\/visite-de-la-ville-5.jpg\"><img loading=\"lazy\" decoding=\"async\" class=\"size-medium wp-image-5378\" src=\"http:\/\/www.sans-avion.net\/tdm\/wp-content\/uploads\/visite-de-la-ville-5-300x225.jpg\" alt=\"fleuriste\" width=\"300\" height=\"225\" srcset=\"https:\/\/www.sans-avion.net\/tdm\/wp-content\/uploads\/visite-de-la-ville-5-300x225.jpg 300w, https:\/\/www.sans-avion.net\/tdm\/wp-content\/uploads\/visite-de-la-ville-5-768x576.jpg 768w, https:\/\/www.sans-avion.net\/tdm\/wp-content\/uploads\/visite-de-la-ville-5-1024x768.jpg 1024w, https:\/\/www.sans-avion.net\/tdm\/wp-content\/uploads\/visite-de-la-ville-5-360x270.jpg 360w\" sizes=\"auto, (max-width: 300px) 100vw, 300px\" \/><\/a><figcaption id=\"caption-attachment-5378\" class=\"wp-caption-text\">le stand d&rsquo;une fleuriste \u00e0 la sortie du march\u00e9<\/figcaption><\/figure>\n<figure id=\"attachment_5377\" aria-describedby=\"caption-attachment-5377\" style=\"width: 300px\" class=\"wp-caption alignleft\"><a href=\"http:\/\/www.sans-avion.net\/tdm\/wp-content\/uploads\/visite-de-la-ville-4.jpg\"><img loading=\"lazy\" decoding=\"async\" class=\"size-medium wp-image-5377\" src=\"http:\/\/www.sans-avion.net\/tdm\/wp-content\/uploads\/visite-de-la-ville-4-300x225.jpg\" alt=\"il y a beaucoup de charrettes \u00e0 cheval ici\" width=\"300\" height=\"225\" srcset=\"https:\/\/www.sans-avion.net\/tdm\/wp-content\/uploads\/visite-de-la-ville-4-300x225.jpg 300w, https:\/\/www.sans-avion.net\/tdm\/wp-content\/uploads\/visite-de-la-ville-4-768x576.jpg 768w, https:\/\/www.sans-avion.net\/tdm\/wp-content\/uploads\/visite-de-la-ville-4-1024x768.jpg 1024w, https:\/\/www.sans-avion.net\/tdm\/wp-content\/uploads\/visite-de-la-ville-4-360x270.jpg 360w\" sizes=\"auto, (max-width: 300px) 100vw, 300px\" \/><\/a><figcaption id=\"caption-attachment-5377\" class=\"wp-caption-text\">il y a beaucoup de charrettes \u00e0 cheval ici<\/figcaption><\/figure>\n<hr>\n<p>&nbsp;<\/p>\n<p>La visite de la ville continue avec son incontournable place centrale, en face de la grande cath\u00e9drale.<\/p>\n<figure id=\"attachment_5392\" aria-describedby=\"caption-attachment-5392\" style=\"width: 640px\" class=\"wp-caption aligncenter\"><a href=\"http:\/\/www.sans-avion.net\/tdm\/wp-content\/uploads\/visite-de-la-ville-38.jpg\"><img loading=\"lazy\" decoding=\"async\" class=\"size-large wp-image-5392\" src=\"http:\/\/www.sans-avion.net\/tdm\/wp-content\/uploads\/visite-de-la-ville-38-1024x768.jpg\" alt=\"le parc central\" width=\"640\" height=\"480\" srcset=\"https:\/\/www.sans-avion.net\/tdm\/wp-content\/uploads\/visite-de-la-ville-38-1024x768.jpg 1024w, https:\/\/www.sans-avion.net\/tdm\/wp-content\/uploads\/visite-de-la-ville-38-300x225.jpg 300w, https:\/\/www.sans-avion.net\/tdm\/wp-content\/uploads\/visite-de-la-ville-38-768x576.jpg 768w, https:\/\/www.sans-avion.net\/tdm\/wp-content\/uploads\/visite-de-la-ville-38-360x270.jpg 360w\" sizes=\"auto, (max-width: 640px) 100vw, 640px\" \/><\/a><figcaption id=\"caption-attachment-5392\" class=\"wp-caption-text\">le parc central, avec palmiers, fontaine, kiosque et oiseaux<\/figcaption><\/figure>\n<figure id=\"attachment_5391\" aria-describedby=\"caption-attachment-5391\" style=\"width: 640px\" class=\"wp-caption aligncenter\"><a href=\"http:\/\/www.sans-avion.net\/tdm\/wp-content\/uploads\/visite-de-la-ville-34.jpg\"><img loading=\"lazy\" decoding=\"async\" class=\"size-large wp-image-5391\" src=\"http:\/\/www.sans-avion.net\/tdm\/wp-content\/uploads\/visite-de-la-ville-34-1024x768.jpg\" alt=\"il y a bien s\u00fbr des \u00e9glises partout\" width=\"640\" height=\"480\" srcset=\"https:\/\/www.sans-avion.net\/tdm\/wp-content\/uploads\/visite-de-la-ville-34-1024x768.jpg 1024w, https:\/\/www.sans-avion.net\/tdm\/wp-content\/uploads\/visite-de-la-ville-34-300x225.jpg 300w, https:\/\/www.sans-avion.net\/tdm\/wp-content\/uploads\/visite-de-la-ville-34-768x576.jpg 768w, https:\/\/www.sans-avion.net\/tdm\/wp-content\/uploads\/visite-de-la-ville-34-360x270.jpg 360w\" sizes=\"auto, (max-width: 640px) 100vw, 640px\" \/><\/a><figcaption id=\"caption-attachment-5391\" class=\"wp-caption-text\">il y a bien s\u00fbr des \u00e9glises partout<\/figcaption><\/figure>\n<figure id=\"attachment_5390\" aria-describedby=\"caption-attachment-5390\" style=\"width: 640px\" class=\"wp-caption aligncenter\"><a href=\"http:\/\/www.sans-avion.net\/tdm\/wp-content\/uploads\/visite-de-la-ville-30.jpg\"><img loading=\"lazy\" decoding=\"async\" class=\"size-large wp-image-5390\" src=\"http:\/\/www.sans-avion.net\/tdm\/wp-content\/uploads\/visite-de-la-ville-30-1024x768.jpg\" alt=\"\u00e0 l\u2019extr\u00e9mit\u00e9 Est de la ville, il y a le grand Lac Nicaragua\" width=\"640\" height=\"480\" srcset=\"https:\/\/www.sans-avion.net\/tdm\/wp-content\/uploads\/visite-de-la-ville-30-1024x768.jpg 1024w, https:\/\/www.sans-avion.net\/tdm\/wp-content\/uploads\/visite-de-la-ville-30-300x225.jpg 300w, https:\/\/www.sans-avion.net\/tdm\/wp-content\/uploads\/visite-de-la-ville-30-768x576.jpg 768w, https:\/\/www.sans-avion.net\/tdm\/wp-content\/uploads\/visite-de-la-ville-30-360x270.jpg 360w\" sizes=\"auto, (max-width: 640px) 100vw, 640px\" \/><\/a><figcaption id=\"caption-attachment-5390\" class=\"wp-caption-text\">\u00e0 l\u2019extr\u00e9mit\u00e9 Est de la ville, il y a le grand Lac Nicaragua<\/figcaption><\/figure>\n<figure id=\"attachment_5389\" aria-describedby=\"caption-attachment-5389\" style=\"width: 640px\" class=\"wp-caption aligncenter\"><a href=\"http:\/\/www.sans-avion.net\/tdm\/wp-content\/uploads\/visite-de-la-ville-27.jpg\"><img loading=\"lazy\" decoding=\"async\" class=\"size-large wp-image-5389\" src=\"http:\/\/www.sans-avion.net\/tdm\/wp-content\/uploads\/visite-de-la-ville-27-1024x768.jpg\" alt=\"je continue ma visite de la ville, le soir commence \u00e0 arriver\" width=\"640\" height=\"480\" srcset=\"https:\/\/www.sans-avion.net\/tdm\/wp-content\/uploads\/visite-de-la-ville-27-1024x768.jpg 1024w, https:\/\/www.sans-avion.net\/tdm\/wp-content\/uploads\/visite-de-la-ville-27-300x225.jpg 300w, https:\/\/www.sans-avion.net\/tdm\/wp-content\/uploads\/visite-de-la-ville-27-768x576.jpg 768w, https:\/\/www.sans-avion.net\/tdm\/wp-content\/uploads\/visite-de-la-ville-27-360x270.jpg 360w\" sizes=\"auto, (max-width: 640px) 100vw, 640px\" \/><\/a><figcaption id=\"caption-attachment-5389\" class=\"wp-caption-text\">je continue ma visite de la ville, le soir commence \u00e0 arriver<\/figcaption><\/figure>\n<figure id=\"attachment_5388\" aria-describedby=\"caption-attachment-5388\" style=\"width: 640px\" class=\"wp-caption aligncenter\"><a href=\"http:\/\/www.sans-avion.net\/tdm\/wp-content\/uploads\/visite-de-la-ville-21.jpg\"><img loading=\"lazy\" decoding=\"async\" class=\"size-large wp-image-5388\" src=\"http:\/\/www.sans-avion.net\/tdm\/wp-content\/uploads\/visite-de-la-ville-21-1024x768.jpg\" alt=\"La police est tr\u00e8s occup\u00e9e\" width=\"640\" height=\"480\" srcset=\"https:\/\/www.sans-avion.net\/tdm\/wp-content\/uploads\/visite-de-la-ville-21-1024x768.jpg 1024w, https:\/\/www.sans-avion.net\/tdm\/wp-content\/uploads\/visite-de-la-ville-21-300x225.jpg 300w, https:\/\/www.sans-avion.net\/tdm\/wp-content\/uploads\/visite-de-la-ville-21-768x576.jpg 768w, https:\/\/www.sans-avion.net\/tdm\/wp-content\/uploads\/visite-de-la-ville-21-360x270.jpg 360w\" sizes=\"auto, (max-width: 640px) 100vw, 640px\" \/><\/a><figcaption id=\"caption-attachment-5388\" class=\"wp-caption-text\">La police est tr\u00e8s occup\u00e9e<\/figcaption><\/figure>\n<figure id=\"attachment_5387\" aria-describedby=\"caption-attachment-5387\" style=\"width: 640px\" class=\"wp-caption aligncenter\"><a href=\"http:\/\/www.sans-avion.net\/tdm\/wp-content\/uploads\/visite-de-la-ville-18.jpg\"><img loading=\"lazy\" decoding=\"async\" class=\"size-large wp-image-5387\" src=\"http:\/\/www.sans-avion.net\/tdm\/wp-content\/uploads\/visite-de-la-ville-18-1024x768.jpg\" alt=\"Fa\u00e7ade de la grande cath\u00e9drale de Granada\" width=\"640\" height=\"480\" srcset=\"https:\/\/www.sans-avion.net\/tdm\/wp-content\/uploads\/visite-de-la-ville-18-1024x768.jpg 1024w, https:\/\/www.sans-avion.net\/tdm\/wp-content\/uploads\/visite-de-la-ville-18-300x225.jpg 300w, https:\/\/www.sans-avion.net\/tdm\/wp-content\/uploads\/visite-de-la-ville-18-768x576.jpg 768w, https:\/\/www.sans-avion.net\/tdm\/wp-content\/uploads\/visite-de-la-ville-18-360x270.jpg 360w\" sizes=\"auto, (max-width: 640px) 100vw, 640px\" \/><\/a><figcaption id=\"caption-attachment-5387\" class=\"wp-caption-text\">Fa\u00e7ade de la grande cath\u00e9drale de Granada<\/figcaption><\/figure>\n<figure id=\"attachment_5386\" aria-describedby=\"caption-attachment-5386\" style=\"width: 640px\" class=\"wp-caption aligncenter\"><a href=\"http:\/\/www.sans-avion.net\/tdm\/wp-content\/uploads\/visite-de-la-ville-17.jpg\"><img loading=\"lazy\" decoding=\"async\" class=\"size-large wp-image-5386\" src=\"http:\/\/www.sans-avion.net\/tdm\/wp-content\/uploads\/visite-de-la-ville-17-1024x768.jpg\" alt=\"du vert, du jaune, du bleu, du rouge...\" width=\"640\" height=\"480\" srcset=\"https:\/\/www.sans-avion.net\/tdm\/wp-content\/uploads\/visite-de-la-ville-17-1024x768.jpg 1024w, https:\/\/www.sans-avion.net\/tdm\/wp-content\/uploads\/visite-de-la-ville-17-300x225.jpg 300w, https:\/\/www.sans-avion.net\/tdm\/wp-content\/uploads\/visite-de-la-ville-17-768x576.jpg 768w, https:\/\/www.sans-avion.net\/tdm\/wp-content\/uploads\/visite-de-la-ville-17-360x270.jpg 360w\" sizes=\"auto, (max-width: 640px) 100vw, 640px\" \/><\/a><figcaption id=\"caption-attachment-5386\" class=\"wp-caption-text\">du vert, du jaune, du bleu, du rouge&#8230;<\/figcaption><\/figure>\n<figure id=\"attachment_5384\" aria-describedby=\"caption-attachment-5384\" style=\"width: 640px\" class=\"wp-caption aligncenter\"><a href=\"http:\/\/www.sans-avion.net\/tdm\/wp-content\/uploads\/visite-de-la-ville-7.jpg\"><img loading=\"lazy\" decoding=\"async\" class=\"size-large wp-image-5384\" src=\"http:\/\/www.sans-avion.net\/tdm\/wp-content\/uploads\/visite-de-la-ville-7-1024x768.jpg\" alt=\"Test d'un plat local : du manioc et du chou \u00e0 la couenne de porc (frite)\" width=\"640\" height=\"480\" srcset=\"https:\/\/www.sans-avion.net\/tdm\/wp-content\/uploads\/visite-de-la-ville-7-1024x768.jpg 1024w, https:\/\/www.sans-avion.net\/tdm\/wp-content\/uploads\/visite-de-la-ville-7-300x225.jpg 300w, https:\/\/www.sans-avion.net\/tdm\/wp-content\/uploads\/visite-de-la-ville-7-768x576.jpg 768w, https:\/\/www.sans-avion.net\/tdm\/wp-content\/uploads\/visite-de-la-ville-7-360x270.jpg 360w\" sizes=\"auto, (max-width: 640px) 100vw, 640px\" \/><\/a><figcaption id=\"caption-attachment-5384\" class=\"wp-caption-text\">J&rsquo;ai test\u00e9 pour vous le Vigoron, un plat local : du manioc et du chou \u00e0 la couenne de porc (frite)<\/figcaption><\/figure>\n<figure id=\"attachment_5394\" aria-describedby=\"caption-attachment-5394\" style=\"width: 225px\" class=\"wp-caption alignleft\"><a href=\"http:\/\/www.sans-avion.net\/tdm\/wp-content\/uploads\/visite-de-la-ville-25.jpg\"><img loading=\"lazy\" decoding=\"async\" class=\"size-medium wp-image-5394\" src=\"http:\/\/www.sans-avion.net\/tdm\/wp-content\/uploads\/visite-de-la-ville-25-225x300.jpg\" alt=\"il y a des palais o\u00f9 on peut regarder :)\" width=\"225\" height=\"300\" srcset=\"https:\/\/www.sans-avion.net\/tdm\/wp-content\/uploads\/visite-de-la-ville-25-225x300.jpg 225w, https:\/\/www.sans-avion.net\/tdm\/wp-content\/uploads\/visite-de-la-ville-25-768x1024.jpg 768w, https:\/\/www.sans-avion.net\/tdm\/wp-content\/uploads\/visite-de-la-ville-25-203x270.jpg 203w\" sizes=\"auto, (max-width: 225px) 100vw, 225px\" \/><\/a><figcaption id=\"caption-attachment-5394\" class=\"wp-caption-text\">il y a des palais o\u00f9 on peut regarder \ud83d\ude42<\/figcaption><\/figure>\n<p>Et autant vous le dire, il faut avoir le c\u0153ur bien accroch\u00e9. C&rsquo;est pas mauvais, mais franchement j&rsquo;ai mang\u00e9 meilleur !<\/p>\n<p>Un peu plus loin, en se baladant, on tombe devant l&rsquo;entr\u00e9e d&rsquo;un palais. La porte est ouverte, j&rsquo;en profite pour jeter un \u0153il et faire une photo. C&rsquo;est super joli !<\/p>\n<p>Mais le temps passe et l&rsquo;apr\u00e8s-midi va bient\u00f4t se terminer. J&rsquo;en profite pour faire quelques derni\u00e8res photos, dont celle du volcan o\u00f9 nous irons cette nuit.<\/p>\n<figure id=\"attachment_5395\" aria-describedby=\"caption-attachment-5395\" style=\"width: 640px\" class=\"wp-caption aligncenter\"><a href=\"http:\/\/www.sans-avion.net\/tdm\/wp-content\/uploads\/visite-de-la-ville-41.jpg\"><img loading=\"lazy\" decoding=\"async\" class=\"size-large wp-image-5395\" src=\"http:\/\/www.sans-avion.net\/tdm\/wp-content\/uploads\/visite-de-la-ville-41-1024x768.jpg\" alt=\"Le volcan qui domine Granada\" width=\"640\" height=\"480\" srcset=\"https:\/\/www.sans-avion.net\/tdm\/wp-content\/uploads\/visite-de-la-ville-41-1024x768.jpg 1024w, https:\/\/www.sans-avion.net\/tdm\/wp-content\/uploads\/visite-de-la-ville-41-300x225.jpg 300w, https:\/\/www.sans-avion.net\/tdm\/wp-content\/uploads\/visite-de-la-ville-41-768x576.jpg 768w, https:\/\/www.sans-avion.net\/tdm\/wp-content\/uploads\/visite-de-la-ville-41-360x270.jpg 360w\" sizes=\"auto, (max-width: 640px) 100vw, 640px\" \/><\/a><figcaption id=\"caption-attachment-5395\" class=\"wp-caption-text\">Le volcan qui domine Granada<\/figcaption><\/figure>\n<figure id=\"attachment_5396\" aria-describedby=\"caption-attachment-5396\" style=\"width: 640px\" class=\"wp-caption aligncenter\"><a href=\"http:\/\/www.sans-avion.net\/tdm\/wp-content\/uploads\/visite-de-la-ville-43.jpg\"><img loading=\"lazy\" decoding=\"async\" class=\"size-large wp-image-5396\" src=\"http:\/\/www.sans-avion.net\/tdm\/wp-content\/uploads\/visite-de-la-ville-43-1024x768.jpg\" alt=\"vue sur la ville depuis la terrasse\" width=\"640\" height=\"480\" srcset=\"https:\/\/www.sans-avion.net\/tdm\/wp-content\/uploads\/visite-de-la-ville-43-1024x768.jpg 1024w, https:\/\/www.sans-avion.net\/tdm\/wp-content\/uploads\/visite-de-la-ville-43-300x225.jpg 300w, https:\/\/www.sans-avion.net\/tdm\/wp-content\/uploads\/visite-de-la-ville-43-768x576.jpg 768w, https:\/\/www.sans-avion.net\/tdm\/wp-content\/uploads\/visite-de-la-ville-43-360x270.jpg 360w\" sizes=\"auto, (max-width: 640px) 100vw, 640px\" \/><\/a><figcaption id=\"caption-attachment-5396\" class=\"wp-caption-text\">vue sur la ville depuis la terrasse<\/figcaption><\/figure>\n<p>On va manger, ce soir, l&rsquo;aventure nous attend !<\/p>\n","protected":false},"excerpt":{"rendered":"<p>Granada, la bombe du Nicaragua Jeu de mots pas tr\u00e8s fin j&rsquo;admets, mais je n&rsquo;avais rien en t\u00eate au moment d&rsquo;\u00e9crire ce titre. Car on ne pond pas du titre au kilom\u00e8tre, ou alors il faut accepter de rester dans le \u00ab\u00a0titre-\u00e0-clics\u00a0\u00bb (en vulgaire : pute-\u00e0-clics) qui n&rsquo;est franchement pas toujours rigolo quand on est l&rsquo;auteur. Bin oui, parce que \u00e7a consiste \u00e0 manipuler le lecteur pour qu&rsquo;il clique. Alors que l\u00e0, je n&rsquo;ai rien \u00e0 vendre, donc aucune raison&#8230;<\/p>\n<p class=\"read-more\"><a class=\"btn btn-default\" href=\"https:\/\/www.sans-avion.net\/tdm\/granada-la-bombe-du-nicaragua\/\">Lire la suite<span class=\"screen-reader-text\"> Lire la suite<\/span><\/a><\/p>\n","protected":false},"author":1,"featured_media":5354,"comment_status":"open","ping_status":"open","sticky":false,"template":"","format":"standard","meta":{"ngg_post_thumbnail":0,"footnotes":""},"categories":[2,114,808],"tags":[276,723,809,676,221,88,811,724,810],"class_list":["post-5351","post","type-post","status-publish","format-standard","has-post-thumbnail","hentry","category-actu-et-infos","category-aventure","category-nicaragua","tag-bus","tag-cathedrale","tag-charlie","tag-fontaine","tag-gargote","tag-marche","tag-nefles","tag-place","tag-trump"],"_links":{"self":[{"href":"https:\/\/www.sans-avion.net\/tdm\/wp-json\/wp\/v2\/posts\/5351","targetHints":{"allow":["GET"]}}],"collection":[{"href":"https:\/\/www.sans-avion.net\/tdm\/wp-json\/wp\/v2\/posts"}],"about":[{"href":"https:\/\/www.sans-avion.net\/tdm\/wp-json\/wp\/v2\/types\/post"}],"author":[{"embeddable":true,"href":"https:\/\/www.sans-avion.net\/tdm\/wp-json\/wp\/v2\/users\/1"}],"replies":[{"embeddable":true,"href":"https:\/\/www.sans-avion.net\/tdm\/wp-json\/wp\/v2\/comments?post=5351"}],"version-history":[{"count":14,"href":"https:\/\/www.sans-avion.net\/tdm\/wp-json\/wp\/v2\/posts\/5351\/revisions"}],"predecessor-version":[{"id":5403,"href":"https:\/\/www.sans-avion.net\/tdm\/wp-json\/wp\/v2\/posts\/5351\/revisions\/5403"}],"wp:featuredmedia":[{"embeddable":true,"href":"https:\/\/www.sans-avion.net\/tdm\/wp-json\/wp\/v2\/media\/5354"}],"wp:attachment":[{"href":"https:\/\/www.sans-avion.net\/tdm\/wp-json\/wp\/v2\/media?parent=5351"}],"wp:term":[{"taxonomy":"category","embeddable":true,"href":"https:\/\/www.sans-avion.net\/tdm\/wp-json\/wp\/v2\/categories?post=5351"},{"taxonomy":"post_tag","embeddable":true,"href":"https:\/\/www.sans-avion.net\/tdm\/wp-json\/wp\/v2\/tags?post=5351"}],"curies":[{"name":"wp","href":"https:\/\/api.w.org\/{rel}","templated":true}]}}