{"id":5482,"date":"2018-04-20T20:08:59","date_gmt":"2018-04-20T18:08:59","guid":{"rendered":"http:\/\/www.sans-avion.net\/tdm\/?p=5482"},"modified":"2018-04-20T06:39:12","modified_gmt":"2018-04-20T04:39:12","slug":"retour-au-costa-rica","status":"publish","type":"post","link":"https:\/\/www.sans-avion.net\/tdm\/retour-au-costa-rica\/","title":{"rendered":"Retour au Costa Rica"},"content":{"rendered":"<p>Notre s\u00e9jour au Nicaragua touche \u00e0 sa fin. On l&rsquo;a prolong\u00e9 d&rsquo;un jour de plus que pr\u00e9vu au d\u00e9part, mais voil\u00e0 il faut bien continuer notre voyage aussi ! Alors, en ce dernier jour avant de repartir pour le Costa Rica, j&rsquo;ai donn\u00e9 aux enfants un peu de travail \u00e0 faire.<\/p>\n<p>Pour Eve : (Arts Plastiques) \u00ab\u00a0r\u00e9aliser une planche botanique selon le style traditionnel\u00a0\u00bb (avec quelques exemples \u00e0 l&rsquo;appui). Facile \u00e0 mettre dans le th\u00e8me local : il y a des animaux, des fruits et des fleurs partout !<\/p>\n<p>Pour Chlo\u00e9 : (Histoire) la soci\u00e9t\u00e9 esclavagiste au XIXe si\u00e8cle, l&rsquo;abolition de l&rsquo;esclavage en France : vu o\u00f9 on est, le colonialisme est facile \u00e0 expliquer concr\u00e8tement.<\/p>\n<p>Pour Audrey : (Allemand) r\u00e9visions sur les conjugaisons au pr\u00e9sent pour haben, sein, k\u00f6nnen, wollen, et m\u00f6gen. Euh, l\u00e0 c&rsquo;est plus dur pour le th\u00e8me local \ud83d\ude09<\/p>\n<figure id=\"attachment_5488\" aria-describedby=\"caption-attachment-5488\" style=\"width: 640px\" class=\"wp-caption aligncenter\"><a href=\"http:\/\/www.sans-avion.net\/tdm\/wp-content\/uploads\/Eve-dessine-une-planche-botanique-3.jpg\"><img loading=\"lazy\" decoding=\"async\" class=\"size-large wp-image-5488\" src=\"http:\/\/www.sans-avion.net\/tdm\/wp-content\/uploads\/Eve-dessine-une-planche-botanique-3-1024x768.jpg\" alt=\"Eve est concentr\u00e9e\" width=\"640\" height=\"480\" srcset=\"https:\/\/www.sans-avion.net\/tdm\/wp-content\/uploads\/Eve-dessine-une-planche-botanique-3-1024x768.jpg 1024w, https:\/\/www.sans-avion.net\/tdm\/wp-content\/uploads\/Eve-dessine-une-planche-botanique-3-300x225.jpg 300w, https:\/\/www.sans-avion.net\/tdm\/wp-content\/uploads\/Eve-dessine-une-planche-botanique-3-768x576.jpg 768w, https:\/\/www.sans-avion.net\/tdm\/wp-content\/uploads\/Eve-dessine-une-planche-botanique-3-360x270.jpg 360w\" sizes=\"auto, (max-width: 640px) 100vw, 640px\" \/><\/a><figcaption id=\"caption-attachment-5488\" class=\"wp-caption-text\">Eve est concentr\u00e9e<\/figcaption><\/figure>\n<figure id=\"attachment_5483\" aria-describedby=\"caption-attachment-5483\" style=\"width: 640px\" class=\"wp-caption aligncenter\"><a href=\"http:\/\/www.sans-avion.net\/tdm\/wp-content\/uploads\/Eve-dessine-une-planche-botanique-1.jpg\"><img loading=\"lazy\" decoding=\"async\" class=\"size-large wp-image-5483\" src=\"http:\/\/www.sans-avion.net\/tdm\/wp-content\/uploads\/Eve-dessine-une-planche-botanique-1-1024x768.jpg\" alt=\"Eve dessine une planche botanique\" width=\"640\" height=\"480\" srcset=\"https:\/\/www.sans-avion.net\/tdm\/wp-content\/uploads\/Eve-dessine-une-planche-botanique-1-1024x768.jpg 1024w, https:\/\/www.sans-avion.net\/tdm\/wp-content\/uploads\/Eve-dessine-une-planche-botanique-1-300x225.jpg 300w, https:\/\/www.sans-avion.net\/tdm\/wp-content\/uploads\/Eve-dessine-une-planche-botanique-1-768x576.jpg 768w, https:\/\/www.sans-avion.net\/tdm\/wp-content\/uploads\/Eve-dessine-une-planche-botanique-1-360x270.jpg 360w\" sizes=\"auto, (max-width: 640px) 100vw, 640px\" \/><\/a><figcaption id=\"caption-attachment-5483\" class=\"wp-caption-text\">Eve dessine une planche botanique<\/figcaption><\/figure>\n<p>Et maintenant en route pour le Costa Rica ! Comment \u00e7a ? Eh oui, on y retourne. Tout b\u00eatement pour deux raisons :<\/p>\n<ol>\n<li>Il y a encore plein de choses l\u00e0-bas qu&rsquo;on n&rsquo;a pas eu le temps de voir<\/li>\n<li>Il n&rsquo;y a pas de vol United Airlines du Nicaragua aux USA, or on est oblig\u00e9s de passer par cette compagnie (<em>de merde<\/em>) pour continuer notre voyage.<\/li>\n<\/ol>\n<figure id=\"attachment_5484\" aria-describedby=\"caption-attachment-5484\" style=\"width: 640px\" class=\"wp-caption aligncenter\"><a href=\"http:\/\/www.sans-avion.net\/tdm\/wp-content\/uploads\/en-route-pour-le-Costa-Rica-2.jpg\"><img loading=\"lazy\" decoding=\"async\" class=\"size-large wp-image-5484\" src=\"http:\/\/www.sans-avion.net\/tdm\/wp-content\/uploads\/en-route-pour-le-Costa-Rica-2-1024x768.jpg\" alt=\"une barbapapa !!\" width=\"640\" height=\"480\" srcset=\"https:\/\/www.sans-avion.net\/tdm\/wp-content\/uploads\/en-route-pour-le-Costa-Rica-2-1024x768.jpg 1024w, https:\/\/www.sans-avion.net\/tdm\/wp-content\/uploads\/en-route-pour-le-Costa-Rica-2-300x225.jpg 300w, https:\/\/www.sans-avion.net\/tdm\/wp-content\/uploads\/en-route-pour-le-Costa-Rica-2-768x576.jpg 768w, https:\/\/www.sans-avion.net\/tdm\/wp-content\/uploads\/en-route-pour-le-Costa-Rica-2-360x270.jpg 360w\" sizes=\"auto, (max-width: 640px) 100vw, 640px\" \/><\/a><figcaption id=\"caption-attachment-5484\" class=\"wp-caption-text\">une barbapapa !! (vu les sourires, on ne dirait pas qu&rsquo;il fait 32\u00b0C \u00e0 l&rsquo;ombre)<\/figcaption><\/figure>\n<figure id=\"attachment_5485\" aria-describedby=\"caption-attachment-5485\" style=\"width: 640px\" class=\"wp-caption aligncenter\"><a href=\"http:\/\/www.sans-avion.net\/tdm\/wp-content\/uploads\/en-route-pour-le-Costa-Rica-4.jpg\"><img loading=\"lazy\" decoding=\"async\" class=\"size-large wp-image-5485\" src=\"http:\/\/www.sans-avion.net\/tdm\/wp-content\/uploads\/en-route-pour-le-Costa-Rica-4-1024x768.jpg\" alt=\"Ah tiens c'est con, j'aurais aim\u00e9 l'avoir quand on est arriv\u00e9e celle l\u00e0 de photo !\" width=\"640\" height=\"480\" srcset=\"https:\/\/www.sans-avion.net\/tdm\/wp-content\/uploads\/en-route-pour-le-Costa-Rica-4-1024x768.jpg 1024w, https:\/\/www.sans-avion.net\/tdm\/wp-content\/uploads\/en-route-pour-le-Costa-Rica-4-300x225.jpg 300w, https:\/\/www.sans-avion.net\/tdm\/wp-content\/uploads\/en-route-pour-le-Costa-Rica-4-768x576.jpg 768w, https:\/\/www.sans-avion.net\/tdm\/wp-content\/uploads\/en-route-pour-le-Costa-Rica-4-360x270.jpg 360w\" sizes=\"auto, (max-width: 640px) 100vw, 640px\" \/><\/a><figcaption id=\"caption-attachment-5485\" class=\"wp-caption-text\">Ah tiens c&rsquo;est con, j&rsquo;aurais aim\u00e9 l&rsquo;avoir quand on est arriv\u00e9e celle l\u00e0 de photo !<\/figcaption><\/figure>\n<figure id=\"attachment_5486\" aria-describedby=\"caption-attachment-5486\" style=\"width: 640px\" class=\"wp-caption aligncenter\"><a href=\"http:\/\/www.sans-avion.net\/tdm\/wp-content\/uploads\/en-route-pour-le-Costa-Rica-5.jpg\"><img loading=\"lazy\" decoding=\"async\" class=\"size-large wp-image-5486\" src=\"http:\/\/www.sans-avion.net\/tdm\/wp-content\/uploads\/en-route-pour-le-Costa-Rica-5-1024x768.jpg\" alt=\"la borne officielle de la fronti\u00e8re Nicaragua - Costa Rica\" width=\"640\" height=\"480\"><\/a><figcaption id=\"caption-attachment-5486\" class=\"wp-caption-text\">la borne officielle de la fronti\u00e8re Nicaragua &#8211; Costa Rica<\/figcaption><\/figure>\n<figure id=\"attachment_5487\" aria-describedby=\"caption-attachment-5487\" style=\"width: 640px\" class=\"wp-caption aligncenter\"><a href=\"http:\/\/www.sans-avion.net\/tdm\/wp-content\/uploads\/en-route-pour-le-Costa-Rica-6.jpg\"><img loading=\"lazy\" decoding=\"async\" class=\"size-large wp-image-5487\" src=\"http:\/\/www.sans-avion.net\/tdm\/wp-content\/uploads\/en-route-pour-le-Costa-Rica-6-1024x768.jpg\" alt=\"ouh l\u00e0, \u00e7a rigole pas au contr\u00f4le !\" width=\"640\" height=\"480\" srcset=\"https:\/\/www.sans-avion.net\/tdm\/wp-content\/uploads\/en-route-pour-le-Costa-Rica-6-1024x768.jpg 1024w, https:\/\/www.sans-avion.net\/tdm\/wp-content\/uploads\/en-route-pour-le-Costa-Rica-6-300x225.jpg 300w, https:\/\/www.sans-avion.net\/tdm\/wp-content\/uploads\/en-route-pour-le-Costa-Rica-6-768x576.jpg 768w, https:\/\/www.sans-avion.net\/tdm\/wp-content\/uploads\/en-route-pour-le-Costa-Rica-6-360x270.jpg 360w\" sizes=\"auto, (max-width: 640px) 100vw, 640px\" \/><\/a><figcaption id=\"caption-attachment-5487\" class=\"wp-caption-text\">ouh l\u00e0, \u00e7a rigole pas au contr\u00f4le !<\/figcaption><\/figure>\n<figure id=\"attachment_5495\" aria-describedby=\"caption-attachment-5495\" style=\"width: 640px\" class=\"wp-caption aligncenter\"><a href=\"http:\/\/www.sans-avion.net\/tdm\/wp-content\/uploads\/San-Jos\u00e9-matin-du-d\u00e9part-1.jpg\"><img loading=\"lazy\" decoding=\"async\" class=\"size-large wp-image-5495\" src=\"http:\/\/www.sans-avion.net\/tdm\/wp-content\/uploads\/San-Jos\u00e9-matin-du-d\u00e9part-1-1024x768.jpg\" alt=\"Audrey remplit consciencieusement ses formulaires de douane\" width=\"640\" height=\"480\" srcset=\"https:\/\/www.sans-avion.net\/tdm\/wp-content\/uploads\/San-Jos\u00e9-matin-du-d\u00e9part-1-1024x768.jpg 1024w, https:\/\/www.sans-avion.net\/tdm\/wp-content\/uploads\/San-Jos\u00e9-matin-du-d\u00e9part-1-300x225.jpg 300w, https:\/\/www.sans-avion.net\/tdm\/wp-content\/uploads\/San-Jos\u00e9-matin-du-d\u00e9part-1-768x576.jpg 768w, https:\/\/www.sans-avion.net\/tdm\/wp-content\/uploads\/San-Jos\u00e9-matin-du-d\u00e9part-1-360x270.jpg 360w\" sizes=\"auto, (max-width: 640px) 100vw, 640px\" \/><\/a><figcaption id=\"caption-attachment-5495\" class=\"wp-caption-text\">Audrey remplit consciencieusement ses formulaires de douane<\/figcaption><\/figure>\n<p>Et voil\u00e0, nous arrivons \u00e0 nouveau \u00e0 San Jos\u00e9 !<\/p>\n<figure id=\"attachment_5496\" aria-describedby=\"caption-attachment-5496\" style=\"width: 640px\" class=\"wp-caption aligncenter\"><a href=\"http:\/\/www.sans-avion.net\/tdm\/wp-content\/uploads\/\u00e0-la-poste-1.jpg\"><img loading=\"lazy\" decoding=\"async\" class=\"size-large wp-image-5496\" src=\"http:\/\/www.sans-avion.net\/tdm\/wp-content\/uploads\/\u00e0-la-poste-1-1024x768.jpg\" alt=\"La poste du Costa Rica\" width=\"640\" height=\"480\" srcset=\"https:\/\/www.sans-avion.net\/tdm\/wp-content\/uploads\/\u00e0-la-poste-1-1024x768.jpg 1024w, https:\/\/www.sans-avion.net\/tdm\/wp-content\/uploads\/\u00e0-la-poste-1-300x225.jpg 300w, https:\/\/www.sans-avion.net\/tdm\/wp-content\/uploads\/\u00e0-la-poste-1-768x576.jpg 768w, https:\/\/www.sans-avion.net\/tdm\/wp-content\/uploads\/\u00e0-la-poste-1-360x270.jpg 360w\" sizes=\"auto, (max-width: 640px) 100vw, 640px\" \/><\/a><figcaption id=\"caption-attachment-5496\" class=\"wp-caption-text\">La poste du Costa Rica<\/figcaption><\/figure>\n<p>Mais pas pour longtemps. Demain, on part faire un truc qui va vous \u00e9tonner si vous me connaissez : on va au caf\u00e9 !<\/p>\n","protected":false},"excerpt":{"rendered":"<p>Notre s\u00e9jour au Nicaragua touche \u00e0 sa fin. On l&rsquo;a prolong\u00e9 d&rsquo;un jour de plus que pr\u00e9vu au d\u00e9part, mais voil\u00e0 il faut bien continuer notre voyage aussi ! Alors, en ce dernier jour avant de repartir pour le Costa Rica, j&rsquo;ai donn\u00e9 aux enfants un peu de travail \u00e0 faire. Pour Eve : (Arts Plastiques) \u00ab\u00a0r\u00e9aliser une planche botanique selon le style traditionnel\u00a0\u00bb (avec quelques exemples \u00e0 l&rsquo;appui). Facile \u00e0 mettre dans le th\u00e8me local : il y a&#8230;<\/p>\n<p class=\"read-more\"><a class=\"btn btn-default\" href=\"https:\/\/www.sans-avion.net\/tdm\/retour-au-costa-rica\/\">Lire la suite<span class=\"screen-reader-text\"> Lire la suite<\/span><\/a><\/p>\n","protected":false},"author":1,"featured_media":5486,"comment_status":"open","ping_status":"open","sticky":false,"template":"","format":"standard","meta":{"ngg_post_thumbnail":0,"footnotes":""},"categories":[2,771,808],"tags":[829,736,831,830,828],"class_list":["post-5482","post","type-post","status-publish","format-standard","has-post-thumbnail","hentry","category-actu-et-infos","category-costa-rica","category-nicaragua","tag-barbapapa","tag-cafe","tag-esclavage","tag-planche-botanique","tag-united-airlines"],"_links":{"self":[{"href":"https:\/\/www.sans-avion.net\/tdm\/wp-json\/wp\/v2\/posts\/5482","targetHints":{"allow":["GET"]}}],"collection":[{"href":"https:\/\/www.sans-avion.net\/tdm\/wp-json\/wp\/v2\/posts"}],"about":[{"href":"https:\/\/www.sans-avion.net\/tdm\/wp-json\/wp\/v2\/types\/post"}],"author":[{"embeddable":true,"href":"https:\/\/www.sans-avion.net\/tdm\/wp-json\/wp\/v2\/users\/1"}],"replies":[{"embeddable":true,"href":"https:\/\/www.sans-avion.net\/tdm\/wp-json\/wp\/v2\/comments?post=5482"}],"version-history":[{"count":7,"href":"https:\/\/www.sans-avion.net\/tdm\/wp-json\/wp\/v2\/posts\/5482\/revisions"}],"predecessor-version":[{"id":5497,"href":"https:\/\/www.sans-avion.net\/tdm\/wp-json\/wp\/v2\/posts\/5482\/revisions\/5497"}],"wp:featuredmedia":[{"embeddable":true,"href":"https:\/\/www.sans-avion.net\/tdm\/wp-json\/wp\/v2\/media\/5486"}],"wp:attachment":[{"href":"https:\/\/www.sans-avion.net\/tdm\/wp-json\/wp\/v2\/media?parent=5482"}],"wp:term":[{"taxonomy":"category","embeddable":true,"href":"https:\/\/www.sans-avion.net\/tdm\/wp-json\/wp\/v2\/categories?post=5482"},{"taxonomy":"post_tag","embeddable":true,"href":"https:\/\/www.sans-avion.net\/tdm\/wp-json\/wp\/v2\/tags?post=5482"}],"curies":[{"name":"wp","href":"https:\/\/api.w.org\/{rel}","templated":true}]}}