{"id":5513,"date":"2018-04-23T12:44:36","date_gmt":"2018-04-23T10:44:36","guid":{"rendered":"http:\/\/www.sans-avion.net\/tdm\/?p=5513"},"modified":"2018-04-23T06:21:30","modified_gmt":"2018-04-23T04:21:30","slug":"au-revoir-lamerique-centrale","status":"publish","type":"post","link":"https:\/\/www.sans-avion.net\/tdm\/au-revoir-lamerique-centrale\/","title":{"rendered":"Au revoir l&rsquo;Am\u00e9rique Centrale !"},"content":{"rendered":"<h3>Toutes les bonnes choses ont une fin<\/h3>\n<p><iframe loading=\"lazy\" src=\"https:\/\/www.youtube.com\/embed\/I-SJ3-X0kSg?rel=0\" width=\"560\" height=\"315\" frameborder=\"0\" allowfullscreen=\"allowfullscreen\"><\/iframe>&nbsp;<\/p>\n<p>Nous avons pass\u00e9 de tr\u00e8s bons moments en Am\u00e9rique Centrale. Mais le tic-tac des jours qui passent (et des sous qui s&rsquo;envolent) nous poussent \u00e0 continuer notre voyage. Nous allons donc quitter le Costa Rica, et prendre l&rsquo;avion pour aller aux Etats-Unis.<\/p>\n<figure id=\"attachment_5516\" aria-describedby=\"caption-attachment-5516\" style=\"width: 300px\" class=\"wp-caption alignleft\"><a href=\"http:\/\/www.sans-avion.net\/tdm\/wp-content\/uploads\/P1180286.jpg\"><img loading=\"lazy\" decoding=\"async\" class=\"size-medium wp-image-5516\" src=\"http:\/\/www.sans-avion.net\/tdm\/wp-content\/uploads\/P1180286-300x225.jpg\" alt=\"Audrey travaille avant le d\u00e9part\" width=\"300\" height=\"225\" srcset=\"https:\/\/www.sans-avion.net\/tdm\/wp-content\/uploads\/P1180286-300x225.jpg 300w, https:\/\/www.sans-avion.net\/tdm\/wp-content\/uploads\/P1180286-768x576.jpg 768w, https:\/\/www.sans-avion.net\/tdm\/wp-content\/uploads\/P1180286-1024x768.jpg 1024w, https:\/\/www.sans-avion.net\/tdm\/wp-content\/uploads\/P1180286-360x270.jpg 360w\" sizes=\"auto, (max-width: 300px) 100vw, 300px\" \/><\/a><figcaption id=\"caption-attachment-5516\" class=\"wp-caption-text\">Audrey travaille avant le d\u00e9part<\/figcaption><\/figure>\n<p>Notre premier arr\u00eat aux USA sera le Texas, et plus pr\u00e9cis\u00e9ment Houston, ville c\u00e9l\u00e8bre pour son Space Center !<\/p>\n<p>&nbsp;<\/p>\n","protected":false},"excerpt":{"rendered":"<p>Toutes les bonnes choses ont une fin &nbsp; Nous avons pass\u00e9 de tr\u00e8s bons moments en Am\u00e9rique Centrale. Mais le tic-tac des jours qui passent (et des sous qui s&rsquo;envolent) nous poussent \u00e0 continuer notre voyage. Nous allons donc quitter le Costa Rica, et prendre l&rsquo;avion pour aller aux Etats-Unis. Notre premier arr\u00eat aux USA sera le Texas, et plus pr\u00e9cis\u00e9ment Houston, ville c\u00e9l\u00e8bre pour son Space Center ! &nbsp;<\/p>\n","protected":false},"author":1,"featured_media":0,"comment_status":"open","ping_status":"open","sticky":false,"template":"","format":"video","meta":{"ngg_post_thumbnail":0,"footnotes":""},"categories":[2,771,29],"tags":[91,167,807,837],"class_list":["post-5513","post","type-post","status-publish","format-video","hentry","category-actu-et-infos","category-costa-rica","category-usa","tag-avion","tag-ecole","tag-san-jose","tag-texas","post_format-post-format-video"],"_links":{"self":[{"href":"https:\/\/www.sans-avion.net\/tdm\/wp-json\/wp\/v2\/posts\/5513","targetHints":{"allow":["GET"]}}],"collection":[{"href":"https:\/\/www.sans-avion.net\/tdm\/wp-json\/wp\/v2\/posts"}],"about":[{"href":"https:\/\/www.sans-avion.net\/tdm\/wp-json\/wp\/v2\/types\/post"}],"author":[{"embeddable":true,"href":"https:\/\/www.sans-avion.net\/tdm\/wp-json\/wp\/v2\/users\/1"}],"replies":[{"embeddable":true,"href":"https:\/\/www.sans-avion.net\/tdm\/wp-json\/wp\/v2\/comments?post=5513"}],"version-history":[{"count":4,"href":"https:\/\/www.sans-avion.net\/tdm\/wp-json\/wp\/v2\/posts\/5513\/revisions"}],"predecessor-version":[{"id":5524,"href":"https:\/\/www.sans-avion.net\/tdm\/wp-json\/wp\/v2\/posts\/5513\/revisions\/5524"}],"wp:attachment":[{"href":"https:\/\/www.sans-avion.net\/tdm\/wp-json\/wp\/v2\/media?parent=5513"}],"wp:term":[{"taxonomy":"category","embeddable":true,"href":"https:\/\/www.sans-avion.net\/tdm\/wp-json\/wp\/v2\/categories?post=5513"},{"taxonomy":"post_tag","embeddable":true,"href":"https:\/\/www.sans-avion.net\/tdm\/wp-json\/wp\/v2\/tags?post=5513"}],"curies":[{"name":"wp","href":"https:\/\/api.w.org\/{rel}","templated":true}]}}