{"id":6047,"date":"2018-05-22T03:24:53","date_gmt":"2018-05-22T01:24:53","guid":{"rendered":"http:\/\/www.sans-avion.net\/tdm\/?p=6047"},"modified":"2018-05-22T03:24:53","modified_gmt":"2018-05-22T01:24:53","slug":"trans-canada-n1","status":"publish","type":"post","link":"https:\/\/www.sans-avion.net\/tdm\/trans-canada-n1\/","title":{"rendered":"Trans-Canada n\u00b01"},"content":{"rendered":"<figure id=\"attachment_6048\" aria-describedby=\"caption-attachment-6048\" style=\"width: 640px\" class=\"wp-caption aligncenter\"><a href=\"http:\/\/www.sans-avion.net\/tdm\/wp-content\/uploads\/Vancouver-2.jpg\"><img loading=\"lazy\" decoding=\"async\" class=\"size-large wp-image-6048\" src=\"http:\/\/www.sans-avion.net\/tdm\/wp-content\/uploads\/Vancouver-2-1024x768.jpg\" alt=\"Vancouver : le grand pont de la Trans-Canada n\u00b01\" width=\"640\" height=\"480\" srcset=\"https:\/\/www.sans-avion.net\/tdm\/wp-content\/uploads\/Vancouver-2-1024x768.jpg 1024w, https:\/\/www.sans-avion.net\/tdm\/wp-content\/uploads\/Vancouver-2-300x225.jpg 300w, https:\/\/www.sans-avion.net\/tdm\/wp-content\/uploads\/Vancouver-2-768x576.jpg 768w, https:\/\/www.sans-avion.net\/tdm\/wp-content\/uploads\/Vancouver-2-360x270.jpg 360w\" sizes=\"auto, (max-width: 640px) 100vw, 640px\" \/><\/a><figcaption id=\"caption-attachment-6048\" class=\"wp-caption-text\">Vancouver : le grand pont de la Trans-Canada n\u00b01<\/figcaption><\/figure>\n<h2>Bye bye Vancouver !<\/h2>\n<p>Et nous voil\u00e0 donc partis vers l&rsquo;Est. Oh, on n&rsquo;ira pas jusqu&rsquo;\u00e0 l&rsquo;autre bout du Canada, mais on va d\u00e9j\u00e0 bien avancer dans cette direction. Fini l&rsquo;oc\u00e9an Pacifique ! Je ne vous dis pas tout de suite o\u00f9 nous irons par la suite, mais je peux d\u00e9j\u00e0 vous r\u00e9v\u00e9ler une chose : <em>il y a de l&rsquo;espoir en Colombie Britannique<\/em>.<\/p>\n<h2>Premi\u00e8res impressions au Canada<\/h2>\n<p>On appr\u00e9cie d\u00e9j\u00e0 pour nos premiers jours au Canada : le syst\u00e8me m\u00e9trique ! Fini la terreur des conversions de t\u00eate quand le GPS vous dit \u00ab\u00a0dans un mile trois quarts, tournez \u00e0 gauche\u00a0\u00bb ou \u00ab\u00a0\u00e0 six cents pieds, prenez la route n\u00b05 vers le Nord\u00a0\u00bb. Oui, je sais faire les conversions, mais c&rsquo;est p\u00e9nible. Surtout au milieu d&rsquo;une autoroute \u00e0 2 x 5 voies (ou plus) bien charg\u00e9e.<\/p>\n<p>On appr\u00e9cie moins : le pourboire (obligatoire, comme aux USA, mais plus \u00e9lev\u00e9 de 5 points) et les taxes (12%, \u00e7a fait bizarre quand on a connu le <a href=\"http:\/\/www.sans-avion.net\/tdm\/tu-es-sur-quil-ny-a-pas-de-taxe-ici\/\">Montana<\/a> ou l&rsquo;Oregon), le tarif du carburant (presque le double des USA, mais heureusement c&rsquo;est juste \u00e0 Vancouver, d\u00e8s qu&rsquo;on en part \u00e7a redescend).<\/p>\n<p>A suivre !<\/p>\n","protected":false},"excerpt":{"rendered":"<p>Bye bye Vancouver ! Et nous voil\u00e0 donc partis vers l&rsquo;Est. Oh, on n&rsquo;ira pas jusqu&rsquo;\u00e0 l&rsquo;autre bout du Canada, mais on va d\u00e9j\u00e0 bien avancer dans cette direction. Fini l&rsquo;oc\u00e9an Pacifique ! Je ne vous dis pas tout de suite o\u00f9 nous irons par la suite, mais je peux d\u00e9j\u00e0 vous r\u00e9v\u00e9ler une chose : il y a de l&rsquo;espoir en Colombie Britannique. Premi\u00e8res impressions au Canada On appr\u00e9cie d\u00e9j\u00e0 pour nos premiers jours au Canada : le syst\u00e8me&#8230;<\/p>\n<p class=\"read-more\"><a class=\"btn btn-default\" href=\"https:\/\/www.sans-avion.net\/tdm\/trans-canada-n1\/\">Lire la suite<span class=\"screen-reader-text\"> Lire la suite<\/span><\/a><\/p>\n","protected":false},"author":1,"featured_media":0,"comment_status":"open","ping_status":"open","sticky":false,"template":"","format":"image","meta":{"ngg_post_thumbnail":0,"footnotes":""},"categories":[2,921],"tags":[923,349,226,924],"class_list":["post-6047","post","type-post","status-publish","format-image","hentry","category-actu-et-infos","category-canada","tag-colombie-britannique","tag-ocean","tag-pont","tag-vancouver","post_format-post-format-image"],"_links":{"self":[{"href":"https:\/\/www.sans-avion.net\/tdm\/wp-json\/wp\/v2\/posts\/6047","targetHints":{"allow":["GET"]}}],"collection":[{"href":"https:\/\/www.sans-avion.net\/tdm\/wp-json\/wp\/v2\/posts"}],"about":[{"href":"https:\/\/www.sans-avion.net\/tdm\/wp-json\/wp\/v2\/types\/post"}],"author":[{"embeddable":true,"href":"https:\/\/www.sans-avion.net\/tdm\/wp-json\/wp\/v2\/users\/1"}],"replies":[{"embeddable":true,"href":"https:\/\/www.sans-avion.net\/tdm\/wp-json\/wp\/v2\/comments?post=6047"}],"version-history":[{"count":2,"href":"https:\/\/www.sans-avion.net\/tdm\/wp-json\/wp\/v2\/posts\/6047\/revisions"}],"predecessor-version":[{"id":6058,"href":"https:\/\/www.sans-avion.net\/tdm\/wp-json\/wp\/v2\/posts\/6047\/revisions\/6058"}],"wp:attachment":[{"href":"https:\/\/www.sans-avion.net\/tdm\/wp-json\/wp\/v2\/media?parent=6047"}],"wp:term":[{"taxonomy":"category","embeddable":true,"href":"https:\/\/www.sans-avion.net\/tdm\/wp-json\/wp\/v2\/categories?post=6047"},{"taxonomy":"post_tag","embeddable":true,"href":"https:\/\/www.sans-avion.net\/tdm\/wp-json\/wp\/v2\/tags?post=6047"}],"curies":[{"name":"wp","href":"https:\/\/api.w.org\/{rel}","templated":true}]}}