{"id":6145,"date":"2018-05-27T20:56:44","date_gmt":"2018-05-27T18:56:44","guid":{"rendered":"http:\/\/www.sans-avion.net\/tdm\/?p=6145"},"modified":"2018-05-27T02:37:52","modified_gmt":"2018-05-27T00:37:52","slug":"encore-un-ferry","status":"publish","type":"post","link":"https:\/\/www.sans-avion.net\/tdm\/encore-un-ferry\/","title":{"rendered":"Encore un ferry ?"},"content":{"rendered":"<p>Oui, et celui-ci est gratuit (c&rsquo;est une des caract\u00e9ristiques des ferrys en Colombie Britannique, sauf vers les \u00eeles).<\/p>\n<p>Mais ce qui est top, c&rsquo;est qu&rsquo;on traverse justement la baie \u00ab\u00a0Galena\u00a0\u00bb, qui n&rsquo;est autre qu&rsquo;un virage du grand lac Arrow, lequel est pr\u00e9cis\u00e9ment travers\u00e9 par le fleuve Columbia, qui part ensuite vers les Etats-Unis. Ici, c&rsquo;est encore un gentil fleuve de montagne, aux eaux cristallines. Le tout est entour\u00e9 de petites montagnes et de millions de conif\u00e8res. et en plus, il fait vraiment beau. Waouh !<\/p>\n<figure id=\"attachment_6146\" aria-describedby=\"caption-attachment-6146\" style=\"width: 640px\" class=\"wp-caption aligncenter\"><a href=\"http:\/\/www.sans-avion.net\/tdm\/wp-content\/uploads\/ferry-Galena-Bay-3.jpg\"><img loading=\"lazy\" decoding=\"async\" class=\"size-large wp-image-6146\" src=\"http:\/\/www.sans-avion.net\/tdm\/wp-content\/uploads\/ferry-Galena-Bay-3-1024x768.jpg\" alt=\"l'arriv\u00e9e de la highway au ferry : tout droit !\" width=\"640\" height=\"480\" srcset=\"https:\/\/www.sans-avion.net\/tdm\/wp-content\/uploads\/ferry-Galena-Bay-3-1024x768.jpg 1024w, https:\/\/www.sans-avion.net\/tdm\/wp-content\/uploads\/ferry-Galena-Bay-3-300x225.jpg 300w, https:\/\/www.sans-avion.net\/tdm\/wp-content\/uploads\/ferry-Galena-Bay-3-768x576.jpg 768w, https:\/\/www.sans-avion.net\/tdm\/wp-content\/uploads\/ferry-Galena-Bay-3-360x270.jpg 360w\" sizes=\"auto, (max-width: 640px) 100vw, 640px\" \/><\/a><figcaption id=\"caption-attachment-6146\" class=\"wp-caption-text\">l&rsquo;arriv\u00e9e de la highway au ferry : tout droit !<\/figcaption><\/figure>\n<p>C&rsquo;est \u00e7a qui est \u00e9nervant ici : \u00e0 chaque virage, on voudrait s&rsquo;arr\u00eater pour prendre une nouvelle photo : une nouvelle montagne, un nouveau lac&#8230; A chaque fois, on croit avoir trouv\u00e9 <em>le<\/em> super lac, celui qui les battra tous. Et au tournant suivant, on en trouve encore des plus beaux ! Mais l\u00e0, on attend le ferry. Il y en a un toutes les heures dans chaque sens.<\/p>\n<figure id=\"attachment_6148\" aria-describedby=\"caption-attachment-6148\" style=\"width: 640px\" class=\"wp-caption aligncenter\"><a href=\"http:\/\/www.sans-avion.net\/tdm\/wp-content\/uploads\/ferry-Galena-Bay-12.jpg\"><img loading=\"lazy\" decoding=\"async\" class=\"size-large wp-image-6148\" src=\"http:\/\/www.sans-avion.net\/tdm\/wp-content\/uploads\/ferry-Galena-Bay-12-1024x768.jpg\" alt=\"file d'attente, bien sagement : nous, c'est la voiture blanche !\" width=\"640\" height=\"480\" srcset=\"https:\/\/www.sans-avion.net\/tdm\/wp-content\/uploads\/ferry-Galena-Bay-12-1024x768.jpg 1024w, https:\/\/www.sans-avion.net\/tdm\/wp-content\/uploads\/ferry-Galena-Bay-12-300x225.jpg 300w, https:\/\/www.sans-avion.net\/tdm\/wp-content\/uploads\/ferry-Galena-Bay-12-768x576.jpg 768w, https:\/\/www.sans-avion.net\/tdm\/wp-content\/uploads\/ferry-Galena-Bay-12-360x270.jpg 360w\" sizes=\"auto, (max-width: 640px) 100vw, 640px\" \/><\/a><figcaption id=\"caption-attachment-6148\" class=\"wp-caption-text\">file d&rsquo;attente, bien sagement : nous, c&rsquo;est la voiture blanche !<\/figcaption><\/figure>\n<figure id=\"attachment_6149\" aria-describedby=\"caption-attachment-6149\" style=\"width: 640px\" class=\"wp-caption aligncenter\"><a href=\"http:\/\/www.sans-avion.net\/tdm\/wp-content\/uploads\/ferry-Galena-Bay-18.jpg\"><img loading=\"lazy\" decoding=\"async\" class=\"size-large wp-image-6149\" src=\"http:\/\/www.sans-avion.net\/tdm\/wp-content\/uploads\/ferry-Galena-Bay-18-1024x768.jpg\" alt=\"Chrystel radieuse devant Galena Bay\" width=\"640\" height=\"480\" srcset=\"https:\/\/www.sans-avion.net\/tdm\/wp-content\/uploads\/ferry-Galena-Bay-18-1024x768.jpg 1024w, https:\/\/www.sans-avion.net\/tdm\/wp-content\/uploads\/ferry-Galena-Bay-18-300x225.jpg 300w, https:\/\/www.sans-avion.net\/tdm\/wp-content\/uploads\/ferry-Galena-Bay-18-768x576.jpg 768w, https:\/\/www.sans-avion.net\/tdm\/wp-content\/uploads\/ferry-Galena-Bay-18-360x270.jpg 360w\" sizes=\"auto, (max-width: 640px) 100vw, 640px\" \/><\/a><figcaption id=\"caption-attachment-6149\" class=\"wp-caption-text\">Chrystel radieuse devant Galena Bay<\/figcaption><\/figure>\n<p>On profite de l&rsquo;attente pour faire une mini-balade dans la for\u00eat juste \u00e0 c\u00f4t\u00e9. Un petit sentier est d\u00e9j\u00e0 pr\u00e9vu, c&rsquo;est une boucle de 20 minutes \u00e0 peine. Et il y a quelques jolis points de vue pour faire des photos, bien s\u00fbr !<\/p>\n<figure id=\"attachment_6153\" aria-describedby=\"caption-attachment-6153\" style=\"width: 640px\" class=\"wp-caption aligncenter\"><a href=\"http:\/\/www.sans-avion.net\/tdm\/wp-content\/uploads\/ferry-Galena-Bay-11.jpg\"><img loading=\"lazy\" decoding=\"async\" class=\"size-large wp-image-6153\" src=\"http:\/\/www.sans-avion.net\/tdm\/wp-content\/uploads\/ferry-Galena-Bay-11-1024x768.jpg\" alt=\"petite balade en attendant le ferry\" width=\"640\" height=\"480\" srcset=\"https:\/\/www.sans-avion.net\/tdm\/wp-content\/uploads\/ferry-Galena-Bay-11-1024x768.jpg 1024w, https:\/\/www.sans-avion.net\/tdm\/wp-content\/uploads\/ferry-Galena-Bay-11-300x225.jpg 300w, https:\/\/www.sans-avion.net\/tdm\/wp-content\/uploads\/ferry-Galena-Bay-11-768x576.jpg 768w, https:\/\/www.sans-avion.net\/tdm\/wp-content\/uploads\/ferry-Galena-Bay-11-360x270.jpg 360w\" sizes=\"auto, (max-width: 640px) 100vw, 640px\" \/><\/a><figcaption id=\"caption-attachment-6153\" class=\"wp-caption-text\">petite balade en attendant le ferry dans la for\u00eat canadienne<\/figcaption><\/figure>\n<figure id=\"attachment_6147\" aria-describedby=\"caption-attachment-6147\" style=\"width: 640px\" class=\"wp-caption aligncenter\"><a href=\"http:\/\/www.sans-avion.net\/tdm\/wp-content\/uploads\/ferry-Galena-Bay-10.jpg\"><img loading=\"lazy\" decoding=\"async\" class=\"size-large wp-image-6147\" src=\"http:\/\/www.sans-avion.net\/tdm\/wp-content\/uploads\/ferry-Galena-Bay-10-1024x768.jpg\" alt=\"Galena Bay, c'est vraiment un bel endroit\" width=\"640\" height=\"480\" srcset=\"https:\/\/www.sans-avion.net\/tdm\/wp-content\/uploads\/ferry-Galena-Bay-10-1024x768.jpg 1024w, https:\/\/www.sans-avion.net\/tdm\/wp-content\/uploads\/ferry-Galena-Bay-10-300x225.jpg 300w, https:\/\/www.sans-avion.net\/tdm\/wp-content\/uploads\/ferry-Galena-Bay-10-768x576.jpg 768w, https:\/\/www.sans-avion.net\/tdm\/wp-content\/uploads\/ferry-Galena-Bay-10-360x270.jpg 360w\" sizes=\"auto, (max-width: 640px) 100vw, 640px\" \/><\/a><figcaption id=\"caption-attachment-6147\" class=\"wp-caption-text\">Galena Bay, c&rsquo;est vraiment un bel endroit<\/figcaption><\/figure>\n<figure id=\"attachment_6150\" aria-describedby=\"caption-attachment-6150\" style=\"width: 640px\" class=\"wp-caption aligncenter\"><a href=\"http:\/\/www.sans-avion.net\/tdm\/wp-content\/uploads\/ferry-Galena-Bay-22.jpg\"><img loading=\"lazy\" decoding=\"async\" class=\"size-large wp-image-6150\" src=\"http:\/\/www.sans-avion.net\/tdm\/wp-content\/uploads\/ferry-Galena-Bay-22-1024x768.jpg\" alt=\"pas de vagues aujourd'hui\" width=\"640\" height=\"480\" srcset=\"https:\/\/www.sans-avion.net\/tdm\/wp-content\/uploads\/ferry-Galena-Bay-22-1024x768.jpg 1024w, https:\/\/www.sans-avion.net\/tdm\/wp-content\/uploads\/ferry-Galena-Bay-22-300x225.jpg 300w, https:\/\/www.sans-avion.net\/tdm\/wp-content\/uploads\/ferry-Galena-Bay-22-768x576.jpg 768w, https:\/\/www.sans-avion.net\/tdm\/wp-content\/uploads\/ferry-Galena-Bay-22-360x270.jpg 360w\" sizes=\"auto, (max-width: 640px) 100vw, 640px\" \/><\/a><figcaption id=\"caption-attachment-6150\" class=\"wp-caption-text\">pas de vagues aujourd&rsquo;hui : on commence la travers\u00e9e<\/figcaption><\/figure>\n<figure id=\"attachment_6151\" aria-describedby=\"caption-attachment-6151\" style=\"width: 640px\" class=\"wp-caption aligncenter\"><a href=\"http:\/\/www.sans-avion.net\/tdm\/wp-content\/uploads\/ferry-Galena-Bay-27.jpg\"><img loading=\"lazy\" decoding=\"async\" class=\"size-large wp-image-6151\" src=\"http:\/\/www.sans-avion.net\/tdm\/wp-content\/uploads\/ferry-Galena-Bay-27-1024x768.jpg\" alt=\"\u00e0 bord du ferry\" width=\"640\" height=\"480\" srcset=\"https:\/\/www.sans-avion.net\/tdm\/wp-content\/uploads\/ferry-Galena-Bay-27-1024x768.jpg 1024w, https:\/\/www.sans-avion.net\/tdm\/wp-content\/uploads\/ferry-Galena-Bay-27-300x225.jpg 300w, https:\/\/www.sans-avion.net\/tdm\/wp-content\/uploads\/ferry-Galena-Bay-27-768x576.jpg 768w, https:\/\/www.sans-avion.net\/tdm\/wp-content\/uploads\/ferry-Galena-Bay-27-360x270.jpg 360w\" sizes=\"auto, (max-width: 640px) 100vw, 640px\" \/><\/a><figcaption id=\"caption-attachment-6151\" class=\"wp-caption-text\">\u00e0 bord du ferry<\/figcaption><\/figure>\n<figure id=\"attachment_6152\" aria-describedby=\"caption-attachment-6152\" style=\"width: 640px\" class=\"wp-caption aligncenter\"><a href=\"http:\/\/www.sans-avion.net\/tdm\/wp-content\/uploads\/ferry-Galena-Bay-1.jpg\"><img loading=\"lazy\" decoding=\"async\" class=\"size-large wp-image-6152\" src=\"http:\/\/www.sans-avion.net\/tdm\/wp-content\/uploads\/ferry-Galena-Bay-1-1024x768.jpg\" alt=\"le lac est un petit peu en dessous de son niveau habituel\" width=\"640\" height=\"480\" srcset=\"https:\/\/www.sans-avion.net\/tdm\/wp-content\/uploads\/ferry-Galena-Bay-1-1024x768.jpg 1024w, https:\/\/www.sans-avion.net\/tdm\/wp-content\/uploads\/ferry-Galena-Bay-1-300x225.jpg 300w, https:\/\/www.sans-avion.net\/tdm\/wp-content\/uploads\/ferry-Galena-Bay-1-768x576.jpg 768w, https:\/\/www.sans-avion.net\/tdm\/wp-content\/uploads\/ferry-Galena-Bay-1-360x270.jpg 360w\" sizes=\"auto, (max-width: 640px) 100vw, 640px\" \/><\/a><figcaption id=\"caption-attachment-6152\" class=\"wp-caption-text\">l&rsquo;autre rive est un peu diff\u00e9rente, non ?<\/figcaption><\/figure>\n","protected":false},"excerpt":{"rendered":"<p>Oui, et celui-ci est gratuit (c&rsquo;est une des caract\u00e9ristiques des ferrys en Colombie Britannique, sauf vers les \u00eeles). Mais ce qui est top, c&rsquo;est qu&rsquo;on traverse justement la baie \u00ab\u00a0Galena\u00a0\u00bb, qui n&rsquo;est autre qu&rsquo;un virage du grand lac Arrow, lequel est pr\u00e9cis\u00e9ment travers\u00e9 par le fleuve Columbia, qui part ensuite vers les Etats-Unis. Ici, c&rsquo;est encore un gentil fleuve de montagne, aux eaux cristallines. Le tout est entour\u00e9 de petites montagnes et de millions de conif\u00e8res. et en plus, il&#8230;<\/p>\n<p class=\"read-more\"><a class=\"btn btn-default\" href=\"https:\/\/www.sans-avion.net\/tdm\/encore-un-ferry\/\">Lire la suite<span class=\"screen-reader-text\"> Lire la suite<\/span><\/a><\/p>\n","protected":false},"author":1,"featured_media":0,"comment_status":"open","ping_status":"open","sticky":false,"template":"","format":"standard","meta":{"ngg_post_thumbnail":0,"footnotes":""},"categories":[2,921],"tags":[462,949,213,565],"class_list":["post-6145","post","type-post","status-publish","format-standard","hentry","category-actu-et-infos","category-canada","tag-ferry","tag-fleuve","tag-lac","tag-montagne"],"_links":{"self":[{"href":"https:\/\/www.sans-avion.net\/tdm\/wp-json\/wp\/v2\/posts\/6145","targetHints":{"allow":["GET"]}}],"collection":[{"href":"https:\/\/www.sans-avion.net\/tdm\/wp-json\/wp\/v2\/posts"}],"about":[{"href":"https:\/\/www.sans-avion.net\/tdm\/wp-json\/wp\/v2\/types\/post"}],"author":[{"embeddable":true,"href":"https:\/\/www.sans-avion.net\/tdm\/wp-json\/wp\/v2\/users\/1"}],"replies":[{"embeddable":true,"href":"https:\/\/www.sans-avion.net\/tdm\/wp-json\/wp\/v2\/comments?post=6145"}],"version-history":[{"count":2,"href":"https:\/\/www.sans-avion.net\/tdm\/wp-json\/wp\/v2\/posts\/6145\/revisions"}],"predecessor-version":[{"id":6173,"href":"https:\/\/www.sans-avion.net\/tdm\/wp-json\/wp\/v2\/posts\/6145\/revisions\/6173"}],"wp:attachment":[{"href":"https:\/\/www.sans-avion.net\/tdm\/wp-json\/wp\/v2\/media?parent=6145"}],"wp:term":[{"taxonomy":"category","embeddable":true,"href":"https:\/\/www.sans-avion.net\/tdm\/wp-json\/wp\/v2\/categories?post=6145"},{"taxonomy":"post_tag","embeddable":true,"href":"https:\/\/www.sans-avion.net\/tdm\/wp-json\/wp\/v2\/tags?post=6145"}],"curies":[{"name":"wp","href":"https:\/\/api.w.org\/{rel}","templated":true}]}}