{"id":617,"date":"2017-07-24T15:56:07","date_gmt":"2017-07-24T13:56:07","guid":{"rendered":"http:\/\/www.sans-avion.net\/tdm\/?p=617"},"modified":"2017-07-24T15:56:07","modified_gmt":"2017-07-24T13:56:07","slug":"petit-dessin-avant-grand-depart","status":"publish","type":"post","link":"https:\/\/www.sans-avion.net\/tdm\/petit-dessin-avant-grand-depart\/","title":{"rendered":"Petit dessin avant Grand d\u00e9part"},"content":{"rendered":"<p>C&rsquo;est dans moins d&rsquo;une journ\u00e9e compl\u00e8te que les 5 membres de notre famille vont se retrouver le sac sur le dos et la t\u00eate sur les \u00e9paules \u00e0 d\u00e9marrer le voyage tant attendu de tous : Le tour du monde. Il arrive \u00e0 grands pas, presque en courant, et l&rsquo;ambiance g\u00e9n\u00e9rale qui r\u00e8gne dans la maison fait bien comprendre que tout le monde a h\u00e2te mais <em>essaie<\/em> de garder la t\u00eate froide.<\/p>\n<p>J&rsquo;ai bien dit <em>essaie<\/em>.<\/p>\n<p>Mais sommes nous tous vraiment conscients que c&rsquo;est <strong>Demain, d\u00e8s l&rsquo;aube<\/strong>,\u00a0 <em>[\u00e0 l&rsquo;heure ou blanchit la campagne] <\/em>que nous partirons pour de bon ?<\/p>\n<p>La r\u00e9ponse \u00e0 cette question est bien \u00e9videmment n\u00e9gative. Non ? Ma foi chacun son point de vue, n&rsquo;est-ce pas ?.<\/p>\n<p>L&rsquo;Aventure commence tr\u00e8s bient\u00f4t, chers lecteurs, restez connect\u00e9s ! \ud83d\ude00<\/p>\n<p>&nbsp;<\/p>\n<figure id=\"attachment_618\" aria-describedby=\"caption-attachment-618\" style=\"width: 300px\" class=\"wp-caption aligncenter\"><img loading=\"lazy\" decoding=\"async\" class=\"size-medium wp-image-618\" src=\"http:\/\/www.sans-avion.net\/tdm\/wp-content\/uploads\/2017\/07\/tdm-dessin-eve-300x225.jpg\" alt=\"dessin de la terre en noir et blanc\" width=\"300\" height=\"225\" srcset=\"https:\/\/www.sans-avion.net\/tdm\/wp-content\/uploads\/2017\/07\/tdm-dessin-eve-300x225.jpg 300w, https:\/\/www.sans-avion.net\/tdm\/wp-content\/uploads\/2017\/07\/tdm-dessin-eve-768x576.jpg 768w, https:\/\/www.sans-avion.net\/tdm\/wp-content\/uploads\/2017\/07\/tdm-dessin-eve-1024x768.jpg 1024w, https:\/\/www.sans-avion.net\/tdm\/wp-content\/uploads\/2017\/07\/tdm-dessin-eve-360x270.jpg 360w\" sizes=\"auto, (max-width: 300px) 100vw, 300px\" \/><figcaption id=\"caption-attachment-618\" class=\"wp-caption-text\">dessin de la terre en noir et blanc<\/figcaption><\/figure>\n<p><em>Eve<\/em><\/p>\n","protected":false},"excerpt":{"rendered":"<p>C&rsquo;est dans moins d&rsquo;une journ\u00e9e compl\u00e8te que les 5 membres de notre famille vont se retrouver le sac sur le dos et la t\u00eate sur les \u00e9paules \u00e0 d\u00e9marrer le voyage tant attendu de tous : Le tour du monde. Il arrive \u00e0 grands pas, presque en courant, et l&rsquo;ambiance g\u00e9n\u00e9rale qui r\u00e8gne dans la maison fait bien comprendre que tout le monde a h\u00e2te mais essaie de garder la t\u00eate froide. J&rsquo;ai bien dit essaie. Mais sommes nous tous&#8230;<\/p>\n<p class=\"read-more\"><a class=\"btn btn-default\" href=\"https:\/\/www.sans-avion.net\/tdm\/petit-dessin-avant-grand-depart\/\">Lire la suite<span class=\"screen-reader-text\"> Lire la suite<\/span><\/a><\/p>\n","protected":false},"author":2,"featured_media":0,"comment_status":"open","ping_status":"open","sticky":false,"template":"","format":"standard","meta":{"ngg_post_thumbnail":0,"footnotes":""},"categories":[2,3],"tags":[28,75,74],"class_list":["post-617","post","type-post","status-publish","format-standard","hentry","category-actu-et-infos","category-preparation","tag-depart","tag-preparation","tag-terre"],"_links":{"self":[{"href":"https:\/\/www.sans-avion.net\/tdm\/wp-json\/wp\/v2\/posts\/617","targetHints":{"allow":["GET"]}}],"collection":[{"href":"https:\/\/www.sans-avion.net\/tdm\/wp-json\/wp\/v2\/posts"}],"about":[{"href":"https:\/\/www.sans-avion.net\/tdm\/wp-json\/wp\/v2\/types\/post"}],"author":[{"embeddable":true,"href":"https:\/\/www.sans-avion.net\/tdm\/wp-json\/wp\/v2\/users\/2"}],"replies":[{"embeddable":true,"href":"https:\/\/www.sans-avion.net\/tdm\/wp-json\/wp\/v2\/comments?post=617"}],"version-history":[{"count":1,"href":"https:\/\/www.sans-avion.net\/tdm\/wp-json\/wp\/v2\/posts\/617\/revisions"}],"predecessor-version":[{"id":619,"href":"https:\/\/www.sans-avion.net\/tdm\/wp-json\/wp\/v2\/posts\/617\/revisions\/619"}],"wp:attachment":[{"href":"https:\/\/www.sans-avion.net\/tdm\/wp-json\/wp\/v2\/media?parent=617"}],"wp:term":[{"taxonomy":"category","embeddable":true,"href":"https:\/\/www.sans-avion.net\/tdm\/wp-json\/wp\/v2\/categories?post=617"},{"taxonomy":"post_tag","embeddable":true,"href":"https:\/\/www.sans-avion.net\/tdm\/wp-json\/wp\/v2\/tags?post=617"}],"curies":[{"name":"wp","href":"https:\/\/api.w.org\/{rel}","templated":true}]}}