{"id":6259,"date":"2018-05-31T19:07:08","date_gmt":"2018-05-31T17:07:08","guid":{"rendered":"http:\/\/www.sans-avion.net\/tdm\/?p=6259"},"modified":"2018-05-31T19:07:08","modified_gmt":"2018-05-31T17:07:08","slug":"cette-province-du-canada-nest-pas-connue-juste-parce-quelle-existe-dans-risk","status":"publish","type":"post","link":"https:\/\/www.sans-avion.net\/tdm\/cette-province-du-canada-nest-pas-connue-juste-parce-quelle-existe-dans-risk\/","title":{"rendered":"Cette province du Canada n&rsquo;est pas connue juste parce qu&rsquo;elle existe dans Risk"},"content":{"rendered":"<figure id=\"attachment_6263\" aria-describedby=\"caption-attachment-6263\" style=\"width: 300px\" class=\"wp-caption alignright\"><a href=\"http:\/\/www.sans-avion.net\/tdm\/wp-content\/uploads\/bienvenue-en-Alberta-7.jpg\"><img loading=\"lazy\" decoding=\"async\" class=\"size-medium wp-image-6263\" src=\"http:\/\/www.sans-avion.net\/tdm\/wp-content\/uploads\/bienvenue-en-Alberta-7-300x225.jpg\" alt=\"La famille Bourgeois en Alberta\" width=\"300\" height=\"225\" srcset=\"https:\/\/www.sans-avion.net\/tdm\/wp-content\/uploads\/bienvenue-en-Alberta-7-300x225.jpg 300w, https:\/\/www.sans-avion.net\/tdm\/wp-content\/uploads\/bienvenue-en-Alberta-7-768x576.jpg 768w, https:\/\/www.sans-avion.net\/tdm\/wp-content\/uploads\/bienvenue-en-Alberta-7-1024x768.jpg 1024w, https:\/\/www.sans-avion.net\/tdm\/wp-content\/uploads\/bienvenue-en-Alberta-7-360x270.jpg 360w\" sizes=\"auto, (max-width: 300px) 100vw, 300px\" \/><\/a><figcaption id=\"caption-attachment-6263\" class=\"wp-caption-text\">La famille Bourgeois en Alberta<\/figcaption><\/figure>\n<p>L&rsquo;Alberta, c&rsquo;est la province qui est juste apr\u00e8s la Colombie Britannique, quand on part du Pacifique comme nous pour aller droit \u00e0 l&rsquo;Est. C&rsquo;est aussi la province du Canada qui est la plus int\u00e9ressante \u00e9conomiquement parlant : jobs \u00e0 la pelle, pay\u00e9s royalement, meilleur syst\u00e8me de sant\u00e9 d&rsquo;Am\u00e9rique du Nord, revenu moyen sup\u00e9rieur de plus 20% \u00e0 celui des USA, immenses productions agricoles et industrielles, bref, l&rsquo;Alberta est la perle pour les immigrants. Mais nous, en tant que touristes, est ce que \u00e7a va nous plaire ?<\/p>\n<h2>On commence par un parc national ?<\/h2>\n<figure id=\"attachment_6264\" aria-describedby=\"caption-attachment-6264\" style=\"width: 300px\" class=\"wp-caption alignleft\"><a href=\"http:\/\/www.sans-avion.net\/tdm\/wp-content\/uploads\/Lake-Louise-2.jpg\"><img loading=\"lazy\" decoding=\"async\" class=\"size-medium wp-image-6264\" src=\"http:\/\/www.sans-avion.net\/tdm\/wp-content\/uploads\/Lake-Louise-2-300x225.jpg\" alt=\"l'entr\u00e9e \u00e0 Lake Louise\" width=\"300\" height=\"225\" srcset=\"https:\/\/www.sans-avion.net\/tdm\/wp-content\/uploads\/Lake-Louise-2-300x225.jpg 300w, https:\/\/www.sans-avion.net\/tdm\/wp-content\/uploads\/Lake-Louise-2-768x576.jpg 768w, https:\/\/www.sans-avion.net\/tdm\/wp-content\/uploads\/Lake-Louise-2-1024x768.jpg 1024w, https:\/\/www.sans-avion.net\/tdm\/wp-content\/uploads\/Lake-Louise-2-360x270.jpg 360w\" sizes=\"auto, (max-width: 300px) 100vw, 300px\" \/><\/a><figcaption id=\"caption-attachment-6264\" class=\"wp-caption-text\">l&rsquo;entr\u00e9e \u00e0 Lake Louise<\/figcaption><\/figure>\n<p>Je vous l&rsquo;ai dit, dans le coin, les parcs nationaux se marchent litt\u00e9ralement les uns sur les autres. Alors puisqu&rsquo;on passe la fronti\u00e8re, on passe en m\u00eame temps du parc de Yoho au parc de Banff, mais bon \u00e7a ne change rien : ce sont tous des parcs nationaux des rocheuses canadiennes. Il faut juste se mettre en t\u00eate qu&rsquo;ils sont tous immenses, et que bout \u00e0 bout \u00e7a fait plusieurs centaines de kilom\u00e8tres d&rsquo;une entr\u00e9e \u00e0 l&rsquo;autre. C&rsquo;est pas \u00e7a qui va nous faire peur, hein, on n&rsquo;est plus \u00e0 \u00e7a pr\u00e8s !<\/p>\n<figure id=\"attachment_6265\" aria-describedby=\"caption-attachment-6265\" style=\"width: 300px\" class=\"wp-caption alignright\"><a href=\"http:\/\/www.sans-avion.net\/tdm\/wp-content\/uploads\/Lake-Louise-4.jpg\"><img loading=\"lazy\" decoding=\"async\" class=\"size-medium wp-image-6265\" src=\"http:\/\/www.sans-avion.net\/tdm\/wp-content\/uploads\/Lake-Louise-4-300x225.jpg\" alt=\"le Ch\u00e2teau de lac Louise\" width=\"300\" height=\"225\" srcset=\"https:\/\/www.sans-avion.net\/tdm\/wp-content\/uploads\/Lake-Louise-4-300x225.jpg 300w, https:\/\/www.sans-avion.net\/tdm\/wp-content\/uploads\/Lake-Louise-4-768x576.jpg 768w, https:\/\/www.sans-avion.net\/tdm\/wp-content\/uploads\/Lake-Louise-4-1024x768.jpg 1024w, https:\/\/www.sans-avion.net\/tdm\/wp-content\/uploads\/Lake-Louise-4-360x270.jpg 360w\" sizes=\"auto, (max-width: 300px) 100vw, 300px\" \/><\/a><figcaption id=\"caption-attachment-6265\" class=\"wp-caption-text\">le Ch\u00e2teau de lac Louise<\/figcaption><\/figure>\n<p>Nous commen\u00e7ons par <em>lake Louise<\/em>. Vous avez l&rsquo;habitude des lacs n&rsquo;est ce pas ? Et bien pas de chance, \u00e0 lake Louise, <em>il n&rsquo;y a pas<\/em> de lac ! C&rsquo;est une destination phare de tous les touristes qui visitent les parcs, c&rsquo;est ultra-bobo et rempli de boutiques avec des bidules de luxe gluant. Meg\u00e8ve ou St Tropez, \u00e7a fait grise mine \u00e0 c\u00f4t\u00e9. Bon, je ne vous mens pas, on n&rsquo;a pas forc\u00e9ment \u00e9t\u00e9 convaincus, hein. Le <em>ch\u00e2teau<\/em> est un h\u00f4tel pour nababs. C&rsquo;est pas trop notre truc. Bon, franchement, oui il y a un petit lac pas loin (et qui ne s&rsquo;appelle pas lac Louise), mais il y e en a plein d&rsquo;autres partout, alors on va zapper celui-l\u00e0, je ne sais pas pourquoi, j&rsquo;ai de l&rsquo;urticaire tout \u00e0 coup. L&rsquo;hiver, l&rsquo;endroit semble \u00eatre un repaire de riches skieurs.<\/p>\n<figure id=\"attachment_6267\" aria-describedby=\"caption-attachment-6267\" style=\"width: 300px\" class=\"wp-caption alignleft\"><a href=\"http:\/\/www.sans-avion.net\/tdm\/wp-content\/uploads\/Lake-Louise-13.jpg\"><img loading=\"lazy\" decoding=\"async\" class=\"size-medium wp-image-6267\" src=\"http:\/\/www.sans-avion.net\/tdm\/wp-content\/uploads\/Lake-Louise-13-300x225.jpg\" alt=\"Lake Louise, l'oeuf et nous\" width=\"300\" height=\"225\" srcset=\"https:\/\/www.sans-avion.net\/tdm\/wp-content\/uploads\/Lake-Louise-13-300x225.jpg 300w, https:\/\/www.sans-avion.net\/tdm\/wp-content\/uploads\/Lake-Louise-13-768x576.jpg 768w, https:\/\/www.sans-avion.net\/tdm\/wp-content\/uploads\/Lake-Louise-13-1024x768.jpg 1024w, https:\/\/www.sans-avion.net\/tdm\/wp-content\/uploads\/Lake-Louise-13-360x270.jpg 360w\" sizes=\"auto, (max-width: 300px) 100vw, 300px\" \/><\/a><figcaption id=\"caption-attachment-6267\" class=\"wp-caption-text\">Lake Louise, l\u2019\u0153uf et nous<\/figcaption><\/figure>\n<p>On fait une photo pour rigoler au <em>visitor center<\/em> dans un vieil \u0153uf, et puis on est partis vers d&rsquo;autres endroits qu&rsquo;on esp\u00e8re plus jolis.<\/p>\n<figure id=\"attachment_6268\" aria-describedby=\"caption-attachment-6268\" style=\"width: 300px\" class=\"wp-caption alignright\"><a href=\"http:\/\/www.sans-avion.net\/tdm\/wp-content\/uploads\/Lake-Louise-16.jpg\"><img loading=\"lazy\" decoding=\"async\" class=\"size-medium wp-image-6268\" src=\"http:\/\/www.sans-avion.net\/tdm\/wp-content\/uploads\/Lake-Louise-16-300x225.jpg\" alt=\"On appelle \u00e7a une ch\u00e8vre de montagne\" width=\"300\" height=\"225\" srcset=\"https:\/\/www.sans-avion.net\/tdm\/wp-content\/uploads\/Lake-Louise-16-300x225.jpg 300w, https:\/\/www.sans-avion.net\/tdm\/wp-content\/uploads\/Lake-Louise-16-768x576.jpg 768w, https:\/\/www.sans-avion.net\/tdm\/wp-content\/uploads\/Lake-Louise-16-1024x768.jpg 1024w, https:\/\/www.sans-avion.net\/tdm\/wp-content\/uploads\/Lake-Louise-16-360x270.jpg 360w\" sizes=\"auto, (max-width: 300px) 100vw, 300px\" \/><\/a><figcaption id=\"caption-attachment-6268\" class=\"wp-caption-text\">On appelle \u00e7a une ch\u00e8vre de montagne<\/figcaption><\/figure>\n<p>Je prends une photo d&rsquo;un ch\u00e8vre de montagne, alors autant vous le dire c&rsquo;est une fausse dans le visitor center, on n&rsquo;en a pas vu de vraie (normalement on aurait pu, mais bon on a d\u00e9j\u00e0 vu un ours, un li\u00e8vre, un \u00e9lan, et plein d&rsquo;autres trucs, alors c&rsquo;est pas grave).<\/p>\n<h2>Icefield Parkway<\/h2>\n<figure id=\"attachment_6269\" aria-describedby=\"caption-attachment-6269\" style=\"width: 300px\" class=\"wp-caption alignleft\"><a href=\"http:\/\/www.sans-avion.net\/tdm\/wp-content\/uploads\/Lake-Louise-1.jpg\"><img loading=\"lazy\" decoding=\"async\" class=\"size-medium wp-image-6269\" src=\"http:\/\/www.sans-avion.net\/tdm\/wp-content\/uploads\/Lake-Louise-1-300x225.jpg\" alt=\"On passe de la Trans-Canada n\u00b01 \u00e0 la 93 &quot;Icefield Parkway&quot;\" width=\"300\" height=\"225\" srcset=\"https:\/\/www.sans-avion.net\/tdm\/wp-content\/uploads\/Lake-Louise-1-300x225.jpg 300w, https:\/\/www.sans-avion.net\/tdm\/wp-content\/uploads\/Lake-Louise-1-768x576.jpg 768w, https:\/\/www.sans-avion.net\/tdm\/wp-content\/uploads\/Lake-Louise-1-1024x768.jpg 1024w, https:\/\/www.sans-avion.net\/tdm\/wp-content\/uploads\/Lake-Louise-1-360x270.jpg 360w\" sizes=\"auto, (max-width: 300px) 100vw, 300px\" \/><\/a><figcaption id=\"caption-attachment-6269\" class=\"wp-caption-text\">On passe de la Trans-Canada n\u00b01 \u00e0 la 93 \u00ab\u00a0Icefield Parkway\u00a0\u00bb<\/figcaption><\/figure>\n<p>Bref, on quitte la Trans-Canada n\u00b01, et on prend maintenant plein Nord direction Jasper, via la Icefield Parkway, route Alberta 93 Nord de son petit nom, une route \u00ab\u00a0sc\u00e9nique\u00a0\u00bb (on dit comme \u00e7a en Am\u00e9rique) qui traverse deux parcs nationaux en un peu plus de 230 km et qui serpente entre les montagnes, les glaciers, les lacs et les for\u00eats. Le fait est que oui, c&rsquo;est joli.<\/p>\n<p>Oh, vous voulez des d\u00e9tails ? D&rsquo;accord, pas de probl\u00e8me !<\/p>\n<h2>Lac gel\u00e9<\/h2>\n<p>Notre premier arr\u00eat est un petit lac glac\u00e9 sur votre gauche. De son nom le lac Bow, il est \u00e0 presque 2000 m d&rsquo;altitude. Et il est encore gel\u00e9, bien qu&rsquo;on soit d\u00e9j\u00e0 fin mai !<\/p>\n<figure id=\"attachment_6271\" aria-describedby=\"caption-attachment-6271\" style=\"width: 640px\" class=\"wp-caption aligncenter\"><a href=\"http:\/\/www.sans-avion.net\/tdm\/wp-content\/uploads\/lake-Bow-1.jpg\"><img loading=\"lazy\" decoding=\"async\" class=\"size-large wp-image-6271\" src=\"http:\/\/www.sans-avion.net\/tdm\/wp-content\/uploads\/lake-Bow-1-1024x768.jpg\" alt=\"lake Bow en cours de d\u00e9gel\" width=\"640\" height=\"480\" srcset=\"https:\/\/www.sans-avion.net\/tdm\/wp-content\/uploads\/lake-Bow-1-1024x768.jpg 1024w, https:\/\/www.sans-avion.net\/tdm\/wp-content\/uploads\/lake-Bow-1-300x225.jpg 300w, https:\/\/www.sans-avion.net\/tdm\/wp-content\/uploads\/lake-Bow-1-768x576.jpg 768w, https:\/\/www.sans-avion.net\/tdm\/wp-content\/uploads\/lake-Bow-1-360x270.jpg 360w\" sizes=\"auto, (max-width: 640px) 100vw, 640px\" \/><\/a><figcaption id=\"caption-attachment-6271\" class=\"wp-caption-text\">lake Bow en cours de d\u00e9gel (on est fin mai !)<\/figcaption><\/figure>\n<p>Et nous roulons donc vers le Nord au milieu d&rsquo;un spectacle saisissant.<\/p>\n<h2>Vid\u00e9o maligne<\/h2>\n<p>Voici un r\u00e9sum\u00e9 vid\u00e9o de quelques-unes des nombreuses vues le long de ce corridor montagneux. A la fin, vous verrez les images d&rsquo;un canyon assez profond, le \u00ab\u00a0Maligne Canyon\u00a0\u00bb, juste \u00e0 quelques kilom\u00e8tres de Jasper.<\/p>\n<p><iframe loading=\"lazy\" src=\"https:\/\/www.youtube.com\/embed\/sv-ba4QL4Ts?rel=0\" width=\"853\" height=\"480\" frameborder=\"0\" allowfullscreen=\"allowfullscreen\"><\/iframe>&nbsp;<\/p>\n<p>La route jusqu&rsquo;\u00e0 Jasper est une succession de paysages changeants mais toujours impressionnants : montagnes toujours plus grandes, glaciers en pagaille, rivi\u00e8re Athabasca, lacs et conif\u00e8res par milliers, et&#8230; une cascade ! Alors, vu qu&rsquo;il fallait bien faire une pause pique-nique, on s&rsquo;est gar\u00e9s devant Les ados n&rsquo;ont presque pas hurl\u00e9. Et les parents n&rsquo;ont presque pas fait semblant de faire comme si de rien n&rsquo;\u00e9tait.<\/p>\n<figure id=\"attachment_6278\" aria-describedby=\"caption-attachment-6278\" style=\"width: 640px\" class=\"wp-caption aligncenter\"><a href=\"http:\/\/www.sans-avion.net\/tdm\/wp-content\/uploads\/parc-national-Banff-4.jpg\"><img loading=\"lazy\" decoding=\"async\" class=\"size-large wp-image-6278\" src=\"http:\/\/www.sans-avion.net\/tdm\/wp-content\/uploads\/parc-national-Banff-4-1024x768.jpg\" alt=\"parc national Banff\" width=\"640\" height=\"480\" srcset=\"https:\/\/www.sans-avion.net\/tdm\/wp-content\/uploads\/parc-national-Banff-4-1024x768.jpg 1024w, https:\/\/www.sans-avion.net\/tdm\/wp-content\/uploads\/parc-national-Banff-4-300x225.jpg 300w, https:\/\/www.sans-avion.net\/tdm\/wp-content\/uploads\/parc-national-Banff-4-768x576.jpg 768w, https:\/\/www.sans-avion.net\/tdm\/wp-content\/uploads\/parc-national-Banff-4-360x270.jpg 360w\" sizes=\"auto, (max-width: 640px) 100vw, 640px\" \/><\/a><figcaption id=\"caption-attachment-6278\" class=\"wp-caption-text\">parc national Banff<\/figcaption><\/figure>\n<figure id=\"attachment_6279\" aria-describedby=\"caption-attachment-6279\" style=\"width: 640px\" class=\"wp-caption aligncenter\"><a href=\"http:\/\/www.sans-avion.net\/tdm\/wp-content\/uploads\/Glacier-Athabaska-2.jpg\"><img loading=\"lazy\" decoding=\"async\" class=\"size-large wp-image-6279\" src=\"http:\/\/www.sans-avion.net\/tdm\/wp-content\/uploads\/Glacier-Athabaska-2-1024x768.jpg\" alt=\"Glacier Athabaska\" width=\"640\" height=\"480\" srcset=\"https:\/\/www.sans-avion.net\/tdm\/wp-content\/uploads\/Glacier-Athabaska-2-1024x768.jpg 1024w, https:\/\/www.sans-avion.net\/tdm\/wp-content\/uploads\/Glacier-Athabaska-2-300x225.jpg 300w, https:\/\/www.sans-avion.net\/tdm\/wp-content\/uploads\/Glacier-Athabaska-2-768x576.jpg 768w, https:\/\/www.sans-avion.net\/tdm\/wp-content\/uploads\/Glacier-Athabaska-2-360x270.jpg 360w\" sizes=\"auto, (max-width: 640px) 100vw, 640px\" \/><\/a><figcaption id=\"caption-attachment-6279\" class=\"wp-caption-text\">Glacier Athabaska<\/figcaption><\/figure>\n<figure id=\"attachment_6280\" aria-describedby=\"caption-attachment-6280\" style=\"width: 640px\" class=\"wp-caption aligncenter\"><a href=\"http:\/\/www.sans-avion.net\/tdm\/wp-content\/uploads\/pique-nique-\u00e0-la-cascade-4.jpg\"><img loading=\"lazy\" decoding=\"async\" class=\"size-large wp-image-6280\" src=\"http:\/\/www.sans-avion.net\/tdm\/wp-content\/uploads\/pique-nique-\u00e0-la-cascade-4-1024x768.jpg\" alt=\"pique nique \u00e0 la cascade\" width=\"640\" height=\"480\" srcset=\"https:\/\/www.sans-avion.net\/tdm\/wp-content\/uploads\/pique-nique-\u00e0-la-cascade-4-1024x768.jpg 1024w, https:\/\/www.sans-avion.net\/tdm\/wp-content\/uploads\/pique-nique-\u00e0-la-cascade-4-300x225.jpg 300w, https:\/\/www.sans-avion.net\/tdm\/wp-content\/uploads\/pique-nique-\u00e0-la-cascade-4-768x576.jpg 768w, https:\/\/www.sans-avion.net\/tdm\/wp-content\/uploads\/pique-nique-\u00e0-la-cascade-4-360x270.jpg 360w\" sizes=\"auto, (max-width: 640px) 100vw, 640px\" \/><\/a><figcaption id=\"caption-attachment-6280\" class=\"wp-caption-text\">pique nique \u00e0 la cascade<\/figcaption><\/figure>\n<h2>Jasper<\/h2>\n<figure id=\"attachment_6282\" aria-describedby=\"caption-attachment-6282\" style=\"width: 225px\" class=\"wp-caption alignright\"><a href=\"http:\/\/www.sans-avion.net\/tdm\/wp-content\/uploads\/Jasper-5.jpg\"><img loading=\"lazy\" decoding=\"async\" class=\"wp-image-6282 size-medium\" src=\"http:\/\/www.sans-avion.net\/tdm\/wp-content\/uploads\/Jasper-5-225x300.jpg\" alt=\"Jasper (totem)\" width=\"225\" height=\"300\" srcset=\"https:\/\/www.sans-avion.net\/tdm\/wp-content\/uploads\/Jasper-5-225x300.jpg 225w, https:\/\/www.sans-avion.net\/tdm\/wp-content\/uploads\/Jasper-5-768x1024.jpg 768w, https:\/\/www.sans-avion.net\/tdm\/wp-content\/uploads\/Jasper-5-203x270.jpg 203w\" sizes=\"auto, (max-width: 225px) 100vw, 225px\" \/><\/a><figcaption id=\"caption-attachment-6282\" class=\"wp-caption-text\">Jasper (totem)<\/figcaption><\/figure>\n<p>C&rsquo;est une petite ville qui marque la fin de la scenic drive. Un peu \u00e0 l&rsquo;image de Lake Louise, mais en moins sirupeux. Et l\u00e0 sont cach\u00e9s dans la for\u00eat deux tr\u00e8s jolis lacs. Face \u00e0 l&rsquo;office de tourisme, un totem (pas cach\u00e9, lui). Des photos ?<\/p>\n<figure id=\"attachment_6281\" aria-describedby=\"caption-attachment-6281\" style=\"width: 300px\" class=\"wp-caption alignleft\"><a href=\"http:\/\/www.sans-avion.net\/tdm\/wp-content\/uploads\/Jasper-2.jpg\"><img loading=\"lazy\" decoding=\"async\" class=\"wp-image-6281 size-medium\" src=\"http:\/\/www.sans-avion.net\/tdm\/wp-content\/uploads\/Jasper-2-300x225.jpg\" alt=\"Jasper (visitor center)\" width=\"300\" height=\"225\" srcset=\"https:\/\/www.sans-avion.net\/tdm\/wp-content\/uploads\/Jasper-2-300x225.jpg 300w, https:\/\/www.sans-avion.net\/tdm\/wp-content\/uploads\/Jasper-2-768x576.jpg 768w, https:\/\/www.sans-avion.net\/tdm\/wp-content\/uploads\/Jasper-2-1024x768.jpg 1024w, https:\/\/www.sans-avion.net\/tdm\/wp-content\/uploads\/Jasper-2-360x270.jpg 360w\" sizes=\"auto, (max-width: 300px) 100vw, 300px\" \/><\/a><figcaption id=\"caption-attachment-6281\" class=\"wp-caption-text\">Jasper (visitor center)<\/figcaption><\/figure>\n<figure id=\"attachment_6283\" aria-describedby=\"caption-attachment-6283\" style=\"width: 640px\" class=\"wp-caption aligncenter\"><a href=\"http:\/\/www.sans-avion.net\/tdm\/wp-content\/uploads\/Jasper-6.jpg\"><img loading=\"lazy\" decoding=\"async\" class=\"size-large wp-image-6283\" src=\"http:\/\/www.sans-avion.net\/tdm\/wp-content\/uploads\/Jasper-6-1024x768.jpg\" alt=\"Jasper, petite ville tranquille dans les montagnes\" width=\"640\" height=\"480\" srcset=\"https:\/\/www.sans-avion.net\/tdm\/wp-content\/uploads\/Jasper-6-1024x768.jpg 1024w, https:\/\/www.sans-avion.net\/tdm\/wp-content\/uploads\/Jasper-6-300x225.jpg 300w, https:\/\/www.sans-avion.net\/tdm\/wp-content\/uploads\/Jasper-6-768x576.jpg 768w, https:\/\/www.sans-avion.net\/tdm\/wp-content\/uploads\/Jasper-6-360x270.jpg 360w\" sizes=\"auto, (max-width: 640px) 100vw, 640px\" \/><\/a><figcaption id=\"caption-attachment-6283\" class=\"wp-caption-text\">Jasper, petite ville tranquille dans les montagnes<\/figcaption><\/figure>\n<figure id=\"attachment_6284\" aria-describedby=\"caption-attachment-6284\" style=\"width: 640px\" class=\"wp-caption aligncenter\"><a href=\"http:\/\/www.sans-avion.net\/tdm\/wp-content\/uploads\/lac-Pyramide-2.jpg\"><img loading=\"lazy\" decoding=\"async\" class=\"size-large wp-image-6284\" src=\"http:\/\/www.sans-avion.net\/tdm\/wp-content\/uploads\/lac-Pyramide-2-1024x768.jpg\" alt=\"Jasper : le lac Pyramide\" width=\"640\" height=\"480\" srcset=\"https:\/\/www.sans-avion.net\/tdm\/wp-content\/uploads\/lac-Pyramide-2-1024x768.jpg 1024w, https:\/\/www.sans-avion.net\/tdm\/wp-content\/uploads\/lac-Pyramide-2-300x225.jpg 300w, https:\/\/www.sans-avion.net\/tdm\/wp-content\/uploads\/lac-Pyramide-2-768x576.jpg 768w, https:\/\/www.sans-avion.net\/tdm\/wp-content\/uploads\/lac-Pyramide-2-360x270.jpg 360w\" sizes=\"auto, (max-width: 640px) 100vw, 640px\" \/><\/a><figcaption id=\"caption-attachment-6284\" class=\"wp-caption-text\">Jasper : le lac Pyramide, le ciel se voile un peu<\/figcaption><\/figure>\n<figure id=\"attachment_6285\" aria-describedby=\"caption-attachment-6285\" style=\"width: 640px\" class=\"wp-caption aligncenter\"><a href=\"http:\/\/www.sans-avion.net\/tdm\/wp-content\/uploads\/lac-Patricia-10.jpg\"><img loading=\"lazy\" decoding=\"async\" class=\"size-large wp-image-6285\" src=\"http:\/\/www.sans-avion.net\/tdm\/wp-content\/uploads\/lac-Patricia-10-1024x768.jpg\" alt=\"Jasper : le lac Patricia\" width=\"640\" height=\"480\" srcset=\"https:\/\/www.sans-avion.net\/tdm\/wp-content\/uploads\/lac-Patricia-10-1024x768.jpg 1024w, https:\/\/www.sans-avion.net\/tdm\/wp-content\/uploads\/lac-Patricia-10-300x225.jpg 300w, https:\/\/www.sans-avion.net\/tdm\/wp-content\/uploads\/lac-Patricia-10-768x576.jpg 768w, https:\/\/www.sans-avion.net\/tdm\/wp-content\/uploads\/lac-Patricia-10-360x270.jpg 360w\" sizes=\"auto, (max-width: 640px) 100vw, 640px\" \/><\/a><figcaption id=\"caption-attachment-6285\" class=\"wp-caption-text\">Jasper : le lac Patricia<\/figcaption><\/figure>\n<figure id=\"attachment_6287\" aria-describedby=\"caption-attachment-6287\" style=\"width: 640px\" class=\"wp-caption aligncenter\"><a href=\"http:\/\/www.sans-avion.net\/tdm\/wp-content\/uploads\/Maligne-canyon-5.jpg\"><img loading=\"lazy\" decoding=\"async\" class=\"size-large wp-image-6287\" src=\"http:\/\/www.sans-avion.net\/tdm\/wp-content\/uploads\/Maligne-canyon-5-1024x768.jpg\" alt=\"au bord du Maligne canyon\" width=\"640\" height=\"480\" srcset=\"https:\/\/www.sans-avion.net\/tdm\/wp-content\/uploads\/Maligne-canyon-5-1024x768.jpg 1024w, https:\/\/www.sans-avion.net\/tdm\/wp-content\/uploads\/Maligne-canyon-5-300x225.jpg 300w, https:\/\/www.sans-avion.net\/tdm\/wp-content\/uploads\/Maligne-canyon-5-768x576.jpg 768w, https:\/\/www.sans-avion.net\/tdm\/wp-content\/uploads\/Maligne-canyon-5-360x270.jpg 360w\" sizes=\"auto, (max-width: 640px) 100vw, 640px\" \/><\/a><figcaption id=\"caption-attachment-6287\" class=\"wp-caption-text\">au bord du Maligne canyon<\/figcaption><\/figure>\n<h2>Conclusion<\/h2>\n<p>Pour ce premier jour en Alberta, on en a pris plein les mirettes ! C&rsquo;est grand, c&rsquo;est beau, c&rsquo;est montagneux. Et \u00e7a va changer, parce qu&rsquo;\u00e0 partir du prochain article, je vous emm\u00e8ne dans les prairies. Et l\u00e0, \u00e7a va changer de relief croyez-moi !<\/p>\n<figure id=\"attachment_6289\" aria-describedby=\"caption-attachment-6289\" style=\"width: 640px\" class=\"wp-caption aligncenter\"><a href=\"http:\/\/www.sans-avion.net\/tdm\/wp-content\/uploads\/deer-4.jpg\"><img loading=\"lazy\" decoding=\"async\" class=\"size-large wp-image-6289\" src=\"http:\/\/www.sans-avion.net\/tdm\/wp-content\/uploads\/deer-4-1024x768.jpg\" alt=\"deer\" width=\"640\" height=\"480\" srcset=\"https:\/\/www.sans-avion.net\/tdm\/wp-content\/uploads\/deer-4-1024x768.jpg 1024w, https:\/\/www.sans-avion.net\/tdm\/wp-content\/uploads\/deer-4-300x225.jpg 300w, https:\/\/www.sans-avion.net\/tdm\/wp-content\/uploads\/deer-4-768x576.jpg 768w, https:\/\/www.sans-avion.net\/tdm\/wp-content\/uploads\/deer-4-360x270.jpg 360w\" sizes=\"auto, (max-width: 640px) 100vw, 640px\" \/><\/a><figcaption id=\"caption-attachment-6289\" class=\"wp-caption-text\">Deer dans la for\u00eat (sans zoom, mention sp\u00e9ciale pour Seb ah ah ah)<\/figcaption><\/figure>\n","protected":false},"excerpt":{"rendered":"<p>L&rsquo;Alberta, c&rsquo;est la province qui est juste apr\u00e8s la Colombie Britannique, quand on part du Pacifique comme nous pour aller droit \u00e0 l&rsquo;Est. C&rsquo;est aussi la province du Canada qui est la plus int\u00e9ressante \u00e9conomiquement parlant : jobs \u00e0 la pelle, pay\u00e9s royalement, meilleur syst\u00e8me de sant\u00e9 d&rsquo;Am\u00e9rique du Nord, revenu moyen sup\u00e9rieur de plus 20% \u00e0 celui des USA, immenses productions agricoles et industrielles, bref, l&rsquo;Alberta est la perle pour les immigrants. Mais nous, en tant que touristes, est&#8230;<\/p>\n<p class=\"read-more\"><a class=\"btn btn-default\" href=\"https:\/\/www.sans-avion.net\/tdm\/cette-province-du-canada-nest-pas-connue-juste-parce-quelle-existe-dans-risk\/\">Lire la suite<span class=\"screen-reader-text\"> Lire la suite<\/span><\/a><\/p>\n","protected":false},"author":1,"featured_media":6261,"comment_status":"open","ping_status":"open","sticky":false,"template":"","format":"standard","meta":{"ngg_post_thumbnail":0,"footnotes":""},"categories":[2,921],"tags":[959,971,223,570,967,968,962,969,970,961,960,966,533],"class_list":["post-6259","post","type-post","status-publish","format-standard","has-post-thumbnail","hentry","category-actu-et-infos","category-canada","tag-alberta","tag-athabasca","tag-bobo","tag-glacier","tag-iceland-parkway","tag-jasper","tag-lac-gele","tag-lac-patricia","tag-lac-pyramide","tag-lake-bow","tag-lake-louise","tag-maligne-canyon","tag-totem"],"_links":{"self":[{"href":"https:\/\/www.sans-avion.net\/tdm\/wp-json\/wp\/v2\/posts\/6259","targetHints":{"allow":["GET"]}}],"collection":[{"href":"https:\/\/www.sans-avion.net\/tdm\/wp-json\/wp\/v2\/posts"}],"about":[{"href":"https:\/\/www.sans-avion.net\/tdm\/wp-json\/wp\/v2\/types\/post"}],"author":[{"embeddable":true,"href":"https:\/\/www.sans-avion.net\/tdm\/wp-json\/wp\/v2\/users\/1"}],"replies":[{"embeddable":true,"href":"https:\/\/www.sans-avion.net\/tdm\/wp-json\/wp\/v2\/comments?post=6259"}],"version-history":[{"count":8,"href":"https:\/\/www.sans-avion.net\/tdm\/wp-json\/wp\/v2\/posts\/6259\/revisions"}],"predecessor-version":[{"id":6290,"href":"https:\/\/www.sans-avion.net\/tdm\/wp-json\/wp\/v2\/posts\/6259\/revisions\/6290"}],"wp:featuredmedia":[{"embeddable":true,"href":"https:\/\/www.sans-avion.net\/tdm\/wp-json\/wp\/v2\/media\/6261"}],"wp:attachment":[{"href":"https:\/\/www.sans-avion.net\/tdm\/wp-json\/wp\/v2\/media?parent=6259"}],"wp:term":[{"taxonomy":"category","embeddable":true,"href":"https:\/\/www.sans-avion.net\/tdm\/wp-json\/wp\/v2\/categories?post=6259"},{"taxonomy":"post_tag","embeddable":true,"href":"https:\/\/www.sans-avion.net\/tdm\/wp-json\/wp\/v2\/tags?post=6259"}],"curies":[{"name":"wp","href":"https:\/\/api.w.org\/{rel}","templated":true}]}}