{"id":6382,"date":"2018-06-06T22:44:04","date_gmt":"2018-06-06T20:44:04","guid":{"rendered":"http:\/\/www.sans-avion.net\/tdm\/?p=6382"},"modified":"2018-06-06T04:08:40","modified_gmt":"2018-06-06T02:08:40","slug":"6382-2","status":"publish","type":"post","link":"https:\/\/www.sans-avion.net\/tdm\/6382-2\/","title":{"rendered":"La Saska-chose"},"content":{"rendered":"<h2>La Saska-chose<\/h2>\n<p>Ce matin, apr\u00e8s avoir dormi une derni\u00e8re fois en Alberta, nous roulons vers l&rsquo;Est et on arrive rapidement dans une nouvelle province. Enfin rapidement, \u00e0 l&rsquo;\u00e9chelle locale :&nbsp; il faut 2 heures pour rejoindre la Saskatchewan. N&rsquo;essayez pas, c&rsquo;est impronon\u00e7able \ud83d\ude42<\/p>\n<p>Cette province produit un petit peu d&rsquo;hydrocarbures, mais surtout beaucoup de c\u00e9r\u00e9ales. Et c&rsquo;est tr\u00e8s plat, \u00e7a fait partie des prairies.<\/p>\n<figure id=\"attachment_6376\" aria-describedby=\"caption-attachment-6376\" style=\"width: 640px\" class=\"wp-caption aligncenter\"><a href=\"http:\/\/www.sans-avion.net\/tdm\/wp-content\/uploads\/Saskatchewan-Naturally-1.jpg\"><img loading=\"lazy\" decoding=\"async\" class=\"size-large wp-image-6376\" src=\"http:\/\/www.sans-avion.net\/tdm\/wp-content\/uploads\/Saskatchewan-Naturally-1-1024x768.jpg\" alt=\"Saskatchewan Naturally\" width=\"640\" height=\"480\" srcset=\"https:\/\/www.sans-avion.net\/tdm\/wp-content\/uploads\/Saskatchewan-Naturally-1-1024x768.jpg 1024w, https:\/\/www.sans-avion.net\/tdm\/wp-content\/uploads\/Saskatchewan-Naturally-1-300x225.jpg 300w, https:\/\/www.sans-avion.net\/tdm\/wp-content\/uploads\/Saskatchewan-Naturally-1-768x576.jpg 768w, https:\/\/www.sans-avion.net\/tdm\/wp-content\/uploads\/Saskatchewan-Naturally-1-360x270.jpg 360w\" sizes=\"auto, (max-width: 640px) 100vw, 640px\" \/><\/a><figcaption id=\"caption-attachment-6376\" class=\"wp-caption-text\">Saskatchewan Naturally<\/figcaption><\/figure>\n<p>Ce qui n&#8217;emp\u00eache qu&rsquo;on y passera quelques heures, en allant vers notre prochain arr\u00eat insolite. En attendant, petite photo dans un village du nom de Moose Jaw : un \u00e9norme Moose, bien s\u00fbr !<\/p>\n<figure id=\"attachment_6377\" aria-describedby=\"caption-attachment-6377\" style=\"width: 640px\" class=\"wp-caption aligncenter\"><a href=\"http:\/\/www.sans-avion.net\/tdm\/wp-content\/uploads\/Mac-the-Moose-at-Moose-Jaw-SK-2.jpg\"><img loading=\"lazy\" decoding=\"async\" class=\"wp-image-6377 size-large\" src=\"http:\/\/www.sans-avion.net\/tdm\/wp-content\/uploads\/Mac-the-Moose-at-Moose-Jaw-SK-2-1024x768.jpg\" alt=\"Mac the Moose, \u00e0 Moose Jaw, SK\" width=\"640\" height=\"480\" srcset=\"https:\/\/www.sans-avion.net\/tdm\/wp-content\/uploads\/Mac-the-Moose-at-Moose-Jaw-SK-2-1024x768.jpg 1024w, https:\/\/www.sans-avion.net\/tdm\/wp-content\/uploads\/Mac-the-Moose-at-Moose-Jaw-SK-2-300x225.jpg 300w, https:\/\/www.sans-avion.net\/tdm\/wp-content\/uploads\/Mac-the-Moose-at-Moose-Jaw-SK-2-768x576.jpg 768w, https:\/\/www.sans-avion.net\/tdm\/wp-content\/uploads\/Mac-the-Moose-at-Moose-Jaw-SK-2-360x270.jpg 360w\" sizes=\"auto, (max-width: 640px) 100vw, 640px\" \/><\/a><figcaption id=\"caption-attachment-6377\" class=\"wp-caption-text\">Mac the Moose, \u00e0 Moose Jaw, SK<\/figcaption><\/figure>\n<figure id=\"attachment_6379\" aria-describedby=\"caption-attachment-6379\" style=\"width: 640px\" class=\"wp-caption aligncenter\"><a href=\"http:\/\/www.sans-avion.net\/tdm\/wp-content\/uploads\/P1210063.jpg\"><img loading=\"lazy\" decoding=\"async\" class=\"size-large wp-image-6379\" src=\"http:\/\/www.sans-avion.net\/tdm\/wp-content\/uploads\/P1210063-1024x768.jpg\" alt=\"Tshirt humoristique sur la Saskatchewan\" width=\"640\" height=\"480\" srcset=\"https:\/\/www.sans-avion.net\/tdm\/wp-content\/uploads\/P1210063-1024x768.jpg 1024w, https:\/\/www.sans-avion.net\/tdm\/wp-content\/uploads\/P1210063-300x225.jpg 300w, https:\/\/www.sans-avion.net\/tdm\/wp-content\/uploads\/P1210063-768x576.jpg 768w, https:\/\/www.sans-avion.net\/tdm\/wp-content\/uploads\/P1210063-360x270.jpg 360w\" sizes=\"auto, (max-width: 640px) 100vw, 640px\" \/><\/a><figcaption id=\"caption-attachment-6379\" class=\"wp-caption-text\">Tshirt humoristique sur la Saskatchewan<\/figcaption><\/figure>\n<figure id=\"attachment_6380\" aria-describedby=\"caption-attachment-6380\" style=\"width: 640px\" class=\"wp-caption aligncenter\"><a href=\"http:\/\/www.sans-avion.net\/tdm\/wp-content\/uploads\/P1210069.jpg\"><img loading=\"lazy\" decoding=\"async\" class=\"size-large wp-image-6380\" src=\"http:\/\/www.sans-avion.net\/tdm\/wp-content\/uploads\/P1210069-1024x768.jpg\" alt=\"Saskatchewan ou Alberta ? La photo ne suffit pas \u00e0 trancher.\" width=\"640\" height=\"480\" srcset=\"https:\/\/www.sans-avion.net\/tdm\/wp-content\/uploads\/P1210069-1024x768.jpg 1024w, https:\/\/www.sans-avion.net\/tdm\/wp-content\/uploads\/P1210069-300x225.jpg 300w, https:\/\/www.sans-avion.net\/tdm\/wp-content\/uploads\/P1210069-768x576.jpg 768w, https:\/\/www.sans-avion.net\/tdm\/wp-content\/uploads\/P1210069-360x270.jpg 360w\" sizes=\"auto, (max-width: 640px) 100vw, 640px\" \/><\/a><figcaption id=\"caption-attachment-6380\" class=\"wp-caption-text\">Saskatchewan ou Alberta ? La photo ne suffit pas \u00e0 trancher.<\/figcaption><\/figure>\n<p>Et alors qu&rsquo;on se pose dans un petit motel pour la nuit, arrive (et repart aussi vite) une mini-tornade !<\/p>\n<p><iframe loading=\"lazy\" src=\"https:\/\/www.youtube.com\/embed\/jcZ8Pi1wUyM?rel=0\" width=\"640\" height=\"360\" frameborder=\"0\" allowfullscreen=\"allowfullscreen\"><\/iframe><\/p>\n<p>Oui, vraiment, pas de doute : on est dans la prairie !&nbsp;<\/p>\n<p>Demain, nous continuons notre route, on redescend vers les USA. Pr\u00eats ?<\/p>\n<p>En tout cas, \u00e0 la fronti\u00e8re, on vous pr\u00e9vient&#8230;<\/p>\n<figure id=\"attachment_6387\" aria-describedby=\"caption-attachment-6387\" style=\"width: 640px\" class=\"wp-caption aligncenter\"><a href=\"http:\/\/www.sans-avion.net\/tdm\/wp-content\/uploads\/You-are-leaving-Canada.jpg\"><img loading=\"lazy\" decoding=\"async\" class=\"size-large wp-image-6387\" src=\"http:\/\/www.sans-avion.net\/tdm\/wp-content\/uploads\/You-are-leaving-Canada-1024x768.jpg\" alt=\"You are leaving Canada\" width=\"640\" height=\"480\" srcset=\"https:\/\/www.sans-avion.net\/tdm\/wp-content\/uploads\/You-are-leaving-Canada-1024x768.jpg 1024w, https:\/\/www.sans-avion.net\/tdm\/wp-content\/uploads\/You-are-leaving-Canada-300x225.jpg 300w, https:\/\/www.sans-avion.net\/tdm\/wp-content\/uploads\/You-are-leaving-Canada-768x576.jpg 768w, https:\/\/www.sans-avion.net\/tdm\/wp-content\/uploads\/You-are-leaving-Canada-360x270.jpg 360w\" sizes=\"auto, (max-width: 640px) 100vw, 640px\" \/><\/a><figcaption id=\"caption-attachment-6387\" class=\"wp-caption-text\">You are now leaving Canada<\/figcaption><\/figure>\n<p>&nbsp;<\/p>\n","protected":false},"excerpt":{"rendered":"<p>La Saska-chose Ce matin, apr\u00e8s avoir dormi une derni\u00e8re fois en Alberta, nous roulons vers l&rsquo;Est et on arrive rapidement dans une nouvelle province. Enfin rapidement, \u00e0 l&rsquo;\u00e9chelle locale :&nbsp; il faut 2 heures pour rejoindre la Saskatchewan. N&rsquo;essayez pas, c&rsquo;est impronon\u00e7able \ud83d\ude42 Cette province produit un petit peu d&rsquo;hydrocarbures, mais surtout beaucoup de c\u00e9r\u00e9ales. Et c&rsquo;est tr\u00e8s plat, \u00e7a fait partie des prairies. Ce qui n&#8217;emp\u00eache qu&rsquo;on y passera quelques heures, en allant vers notre prochain arr\u00eat insolite. En&#8230;<\/p>\n<p class=\"read-more\"><a class=\"btn btn-default\" href=\"https:\/\/www.sans-avion.net\/tdm\/6382-2\/\">Lire la suite<span class=\"screen-reader-text\"> Lire la suite<\/span><\/a><\/p>\n","protected":false},"author":1,"featured_media":6384,"comment_status":"open","ping_status":"open","sticky":false,"template":"","format":"standard","meta":{"ngg_post_thumbnail":0,"footnotes":""},"categories":[2,921],"tags":[999,997,1000,1002,998,1001],"class_list":["post-6382","post","type-post","status-publish","format-standard","has-post-thumbnail","hentry","category-actu-et-infos","category-canada","tag-mac-the-moose","tag-moose","tag-moose-jaw","tag-prairie","tag-saskatchewan","tag-tornade"],"_links":{"self":[{"href":"https:\/\/www.sans-avion.net\/tdm\/wp-json\/wp\/v2\/posts\/6382","targetHints":{"allow":["GET"]}}],"collection":[{"href":"https:\/\/www.sans-avion.net\/tdm\/wp-json\/wp\/v2\/posts"}],"about":[{"href":"https:\/\/www.sans-avion.net\/tdm\/wp-json\/wp\/v2\/types\/post"}],"author":[{"embeddable":true,"href":"https:\/\/www.sans-avion.net\/tdm\/wp-json\/wp\/v2\/users\/1"}],"replies":[{"embeddable":true,"href":"https:\/\/www.sans-avion.net\/tdm\/wp-json\/wp\/v2\/comments?post=6382"}],"version-history":[{"count":4,"href":"https:\/\/www.sans-avion.net\/tdm\/wp-json\/wp\/v2\/posts\/6382\/revisions"}],"predecessor-version":[{"id":6389,"href":"https:\/\/www.sans-avion.net\/tdm\/wp-json\/wp\/v2\/posts\/6382\/revisions\/6389"}],"wp:featuredmedia":[{"embeddable":true,"href":"https:\/\/www.sans-avion.net\/tdm\/wp-json\/wp\/v2\/media\/6384"}],"wp:attachment":[{"href":"https:\/\/www.sans-avion.net\/tdm\/wp-json\/wp\/v2\/media?parent=6382"}],"wp:term":[{"taxonomy":"category","embeddable":true,"href":"https:\/\/www.sans-avion.net\/tdm\/wp-json\/wp\/v2\/categories?post=6382"},{"taxonomy":"post_tag","embeddable":true,"href":"https:\/\/www.sans-avion.net\/tdm\/wp-json\/wp\/v2\/tags?post=6382"}],"curies":[{"name":"wp","href":"https:\/\/api.w.org\/{rel}","templated":true}]}}