{"id":6453,"date":"2018-06-17T23:56:04","date_gmt":"2018-06-17T21:56:04","guid":{"rendered":"http:\/\/www.sans-avion.net\/tdm\/?p=6453"},"modified":"2018-06-17T23:56:32","modified_gmt":"2018-06-17T21:56:32","slug":"le-capitole-symbole-des-etats-unis","status":"publish","type":"post","link":"https:\/\/www.sans-avion.net\/tdm\/le-capitole-symbole-des-etats-unis\/","title":{"rendered":"Le Capitole, symbole la libert\u00e9 et des Etats-Unis"},"content":{"rendered":"<h2>Le Capitole, symbole de la Libert\u00e9<\/h2>\n<p>Tout le monde connait l&rsquo;image du Capitole, c&rsquo;est (avec la Maison-Blanche) le b\u00e2timent le plus d\u00e9truit par les extra-terrestres\/terroristes\/m\u00e9chants dans les films am\u00e9ricains, donc c&rsquo;est qu&rsquo;il doit \u00eatre important.<\/p>\n<figure id=\"attachment_6547\" aria-describedby=\"caption-attachment-6547\" style=\"width: 640px\" class=\"wp-caption aligncenter\"><a href=\"http:\/\/www.sans-avion.net\/tdm\/wp-content\/uploads\/visite-du-Capitole-7.jpg\"><img loading=\"lazy\" decoding=\"async\" class=\"size-large wp-image-6547\" src=\"http:\/\/www.sans-avion.net\/tdm\/wp-content\/uploads\/visite-du-Capitole-7-1024x768.jpg\" alt=\"visite du Capitole : les ext\u00e9rieurs, de jour\" width=\"640\" height=\"480\" srcset=\"https:\/\/www.sans-avion.net\/tdm\/wp-content\/uploads\/visite-du-Capitole-7-1024x768.jpg 1024w, https:\/\/www.sans-avion.net\/tdm\/wp-content\/uploads\/visite-du-Capitole-7-300x225.jpg 300w, https:\/\/www.sans-avion.net\/tdm\/wp-content\/uploads\/visite-du-Capitole-7-768x576.jpg 768w, https:\/\/www.sans-avion.net\/tdm\/wp-content\/uploads\/visite-du-Capitole-7-360x270.jpg 360w\" sizes=\"auto, (max-width: 640px) 100vw, 640px\" \/><\/a><figcaption id=\"caption-attachment-6547\" class=\"wp-caption-text\">visite du Capitole : les ext\u00e9rieurs, de jour<\/figcaption><\/figure>\n<p>On a donc fait une visite en deux temps : une \u00e0 la tomb\u00e9e de la nuit, de l&rsquo;ext\u00e9rieur, et une de jour, \u00e0 l&rsquo;int\u00e9rieur.<br \/>\nL\u00e0 encore, on vous fait r\u00e9server \u00e0 l&rsquo;avance des tickets par Internet, et vous vous pr\u00e9sentez pour la s\u00e9curit\u00e9 (qui est assez d\u00e9sagr\u00e9able d&rsquo;ailleurs, \u00e0 ricaner de tous les touristes qui passent) et une fois \u00e0 l&rsquo;int\u00e9rieur vous r\u00e9cup\u00e9rez votre vrai ticket \u00e0 un guichet. Jusque l\u00e0, c&rsquo;\u00e9tait pas trop mal.<\/p>\n<figure id=\"attachment_6550\" aria-describedby=\"caption-attachment-6550\" style=\"width: 300px\" class=\"wp-caption alignleft\"><a href=\"http:\/\/www.sans-avion.net\/tdm\/wp-content\/uploads\/visite-du-Capitole-2.jpg\"><img loading=\"lazy\" decoding=\"async\" class=\"size-medium wp-image-6550\" src=\"http:\/\/www.sans-avion.net\/tdm\/wp-content\/uploads\/visite-du-Capitole-2-300x225.jpg\" alt=\"la pseudo crypte (qui n'en est pas une)\" width=\"300\" height=\"225\" srcset=\"https:\/\/www.sans-avion.net\/tdm\/wp-content\/uploads\/visite-du-Capitole-2-300x225.jpg 300w, https:\/\/www.sans-avion.net\/tdm\/wp-content\/uploads\/visite-du-Capitole-2-768x576.jpg 768w, https:\/\/www.sans-avion.net\/tdm\/wp-content\/uploads\/visite-du-Capitole-2-1024x768.jpg 1024w, https:\/\/www.sans-avion.net\/tdm\/wp-content\/uploads\/visite-du-Capitole-2-360x270.jpg 360w\" sizes=\"auto, (max-width: 300px) 100vw, 300px\" \/><\/a><figcaption id=\"caption-attachment-6550\" class=\"wp-caption-text\">la pseudo crypte (qui n&rsquo;en est pas une)<\/figcaption><\/figure>\n<p>Ensuite, on attend, puis on vous fait regarder un film hallucinant qui ferait passer la pire propagande sovi\u00e9tique d\u00e9vers\u00e9e par un fanatique fi\u00e9vreux et d\u00e9s\u0153uvr\u00e9 pour un truc \u00e9dulcor\u00e9, mais rassurez-vous, c&rsquo;est bien s\u00fbr uniquement en anglais, puisque plus de la moiti\u00e9 des visiteurs sont des touristes \u00e9trangers (cf les statistiques officielles).<\/p>\n<p>Ensuite, vous allez pouvoir voir le S\u00e9nat et la Chambre des repr\u00e9sentants&#8230; Ah non, en fait, pas du tout. A la place, vous vous contentez de visiter en troupeau massif et b\u00ealant trois salles dont deux sont quasiment sans int\u00e9r\u00eat. La seule qui vaut le coup est juste sous la coupole, alors oui c&rsquo;est joli, mais interdit de se placer \u00e0 plus de 3 m\u00e8tres du guide (qui lui est obligatoire) pour prendre une photo.<\/p>\n<figure id=\"attachment_6551\" aria-describedby=\"caption-attachment-6551\" style=\"width: 300px\" class=\"wp-caption alignright\"><a href=\"http:\/\/www.sans-avion.net\/tdm\/wp-content\/uploads\/visite-du-Capitole-8.jpg\"><img loading=\"lazy\" decoding=\"async\" class=\"size-medium wp-image-6551\" src=\"http:\/\/www.sans-avion.net\/tdm\/wp-content\/uploads\/visite-du-Capitole-8-300x225.jpg\" alt=\"la rotonde (la salle sous la coupole)\" width=\"300\" height=\"225\" srcset=\"https:\/\/www.sans-avion.net\/tdm\/wp-content\/uploads\/visite-du-Capitole-8-300x225.jpg 300w, https:\/\/www.sans-avion.net\/tdm\/wp-content\/uploads\/visite-du-Capitole-8-768x576.jpg 768w, https:\/\/www.sans-avion.net\/tdm\/wp-content\/uploads\/visite-du-Capitole-8-1024x768.jpg 1024w, https:\/\/www.sans-avion.net\/tdm\/wp-content\/uploads\/visite-du-Capitole-8-360x270.jpg 360w\" sizes=\"auto, (max-width: 300px) 100vw, 300px\" \/><\/a><figcaption id=\"caption-attachment-6551\" class=\"wp-caption-text\">la rotonde (la salle sous la coupole)<\/figcaption><\/figure>\n<p>Mais bon d\u00e9j\u00e0, on a le droit aux photos, c&rsquo;est pas mal !<br \/>\nEt voil\u00e0, c&rsquo;est tout.<br \/>\nBref, vous l&rsquo;aurez compris, une visite p\u00e9nible et vraiment tr\u00e8s d\u00e9cevante.<\/p>\n<h2>Il y a un \u00ab\u00a0mais\u00a0\u00bb<\/h2>\n<p>Mais heureusement, j&rsquo;ai toujours une astuce dans mon sac !<br \/>\nDonc voici, rien que pour vous, deux photos prises vite fait de la Chambre des repr\u00e9sentants et du S\u00e9nat. Comme en plus, c&rsquo;est interdit d&rsquo;y faire des photos, vous vous douterez bien que je n&rsquo;ai pas tra\u00een\u00e9 sur place. Qu&rsquo;on ne vienne pas me dire qu&rsquo;on aurait d\u00e9rang\u00e9 les \u00e9lus, on est samedi, ils ne sont pas ici !<br \/>\nHop hop, clic clac, ciao et basta. On a vu mieux aux USA.<\/p>\n<figure id=\"attachment_6552\" aria-describedby=\"caption-attachment-6552\" style=\"width: 300px\" class=\"wp-caption alignright\"><a href=\"http:\/\/www.sans-avion.net\/tdm\/wp-content\/uploads\/visite-du-Capitole-17.jpg\"><img loading=\"lazy\" decoding=\"async\" class=\"size-medium wp-image-6552\" src=\"http:\/\/www.sans-avion.net\/tdm\/wp-content\/uploads\/visite-du-Capitole-17-300x225.jpg\" alt=\"puisqu'on vous dit que c'est interdit !\" width=\"300\" height=\"225\" srcset=\"https:\/\/www.sans-avion.net\/tdm\/wp-content\/uploads\/visite-du-Capitole-17-300x225.jpg 300w, https:\/\/www.sans-avion.net\/tdm\/wp-content\/uploads\/visite-du-Capitole-17-768x576.jpg 768w, https:\/\/www.sans-avion.net\/tdm\/wp-content\/uploads\/visite-du-Capitole-17-1024x768.jpg 1024w, https:\/\/www.sans-avion.net\/tdm\/wp-content\/uploads\/visite-du-Capitole-17-360x270.jpg 360w\" sizes=\"auto, (max-width: 300px) 100vw, 300px\" \/><\/a><figcaption id=\"caption-attachment-6552\" class=\"wp-caption-text\">puisqu&rsquo;on vous dit que c&rsquo;est interdit !<\/figcaption><\/figure>\n<figure id=\"attachment_6553\" aria-describedby=\"caption-attachment-6553\" style=\"width: 300px\" class=\"wp-caption alignright\"><a href=\"http:\/\/www.sans-avion.net\/tdm\/wp-content\/uploads\/visite-du-Capitole-18.jpg\"><img loading=\"lazy\" decoding=\"async\" class=\"size-medium wp-image-6553\" src=\"http:\/\/www.sans-avion.net\/tdm\/wp-content\/uploads\/visite-du-Capitole-18-300x225.jpg\" alt=\"photo interdite\" width=\"300\" height=\"225\" srcset=\"https:\/\/www.sans-avion.net\/tdm\/wp-content\/uploads\/visite-du-Capitole-18-300x225.jpg 300w, https:\/\/www.sans-avion.net\/tdm\/wp-content\/uploads\/visite-du-Capitole-18-768x576.jpg 768w, https:\/\/www.sans-avion.net\/tdm\/wp-content\/uploads\/visite-du-Capitole-18-1024x768.jpg 1024w, https:\/\/www.sans-avion.net\/tdm\/wp-content\/uploads\/visite-du-Capitole-18-360x270.jpg 360w\" sizes=\"auto, (max-width: 300px) 100vw, 300px\" \/><\/a><figcaption id=\"caption-attachment-6553\" class=\"wp-caption-text\">photo interdite<\/figcaption><\/figure>\n<p>&nbsp;<br \/>\n&nbsp;<br \/>\n&nbsp;<br \/>\n&nbsp;<\/p>\n<hr>\n<p>Finalement, ce sont les ext\u00e9rieurs qui valent le coup !<\/p>\n<p>&nbsp;<\/p>\n<h2>Le Capitole, de jour<\/h2>\n<p>Le Capitole est sur une (toute petite) colline et il est orient\u00e9 \u00e9tal\u00e9 Nord-Sud. Le matin, on a donc un bon \u00e9clairage.<\/p>\n<p>On obtient de jolies photos !<\/p>\n<figure id=\"attachment_6557\" aria-describedby=\"caption-attachment-6557\" style=\"width: 640px\" class=\"wp-caption aligncenter\"><a href=\"http:\/\/www.sans-avion.net\/tdm\/wp-content\/uploads\/Washington-DC-50.jpg\"><img loading=\"lazy\" decoding=\"async\" class=\"wp-image-6557 size-large\" src=\"http:\/\/www.sans-avion.net\/tdm\/wp-content\/uploads\/Washington-DC-50-1024x768.jpg\" alt=\"Washington DC : le capitole vu depuis l'Ouest\" width=\"640\" height=\"480\" srcset=\"https:\/\/www.sans-avion.net\/tdm\/wp-content\/uploads\/Washington-DC-50-1024x768.jpg 1024w, https:\/\/www.sans-avion.net\/tdm\/wp-content\/uploads\/Washington-DC-50-300x225.jpg 300w, https:\/\/www.sans-avion.net\/tdm\/wp-content\/uploads\/Washington-DC-50-768x576.jpg 768w, https:\/\/www.sans-avion.net\/tdm\/wp-content\/uploads\/Washington-DC-50-360x270.jpg 360w, https:\/\/www.sans-avion.net\/tdm\/wp-content\/uploads\/Washington-DC-50.jpg 1464w\" sizes=\"auto, (max-width: 640px) 100vw, 640px\" \/><\/a><figcaption id=\"caption-attachment-6557\" class=\"wp-caption-text\">Washington DC : le capitole vu depuis l&rsquo;Ouest<\/figcaption><\/figure>\n<p>Pour avoir en m\u00eame temps le Capitole, le Washington Monument et le Lincoln Memorial (c&rsquo;est le truc o\u00f9 il y a une statue de Lincoln assis sur une chaise g\u00e9ante), il suffit de tricher. Comme chacun est \u00e0 plusieurs centaines de m\u00e8tres de l&rsquo;autre, on va se reculer proportionnellement, donc&#8230; jusqu&rsquo;en Virginie, rien que \u00e7a ! De l\u00e0, on trouve une petite colline d&rsquo;o\u00f9 on peut (avec un bon zoom) avoir les trois monuments d&rsquo;un coup, les \u00ab\u00a0big 3\u00a0\u00bb. Bon, pour le Lincoln, je l&rsquo;ai m\u00e9chamment coup\u00e9, car il y a un \u00e9chafaudage hideux en plein milieu.<\/p>\n<figure id=\"attachment_6556\" aria-describedby=\"caption-attachment-6556\" style=\"width: 287px\" class=\"wp-caption aligncenter\"><a href=\"http:\/\/www.sans-avion.net\/tdm\/wp-content\/uploads\/big-3-5.jpg\"><img loading=\"lazy\" decoding=\"async\" class=\" wp-image-6556\" src=\"http:\/\/www.sans-avion.net\/tdm\/wp-content\/uploads\/big-3-5-225x300.jpg\" alt=\"une photo des &quot;big 3&quot; de Washington (on ne peut pas avoir la maison blanche en m\u00eame temps, elle n'est pas align\u00e9e)\" width=\"287\" height=\"382\" srcset=\"https:\/\/www.sans-avion.net\/tdm\/wp-content\/uploads\/big-3-5-225x300.jpg 225w, https:\/\/www.sans-avion.net\/tdm\/wp-content\/uploads\/big-3-5-768x1024.jpg 768w, https:\/\/www.sans-avion.net\/tdm\/wp-content\/uploads\/big-3-5-203x270.jpg 203w\" sizes=\"auto, (max-width: 287px) 100vw, 287px\" \/><\/a><figcaption id=\"caption-attachment-6556\" class=\"wp-caption-text\">une photo des \u00ab\u00a0big 3\u00a0\u00bb de Washington (on ne peut pas avoir la maison blanche en m\u00eame temps, elle n&rsquo;est pas align\u00e9e)<\/figcaption><\/figure>\n<p>Pour l&rsquo;avoir nette, il faut avoir un tr\u00e9pied et faire une pose avec petite ouverture, et un filtre polarisant pour enlever la r\u00e9flexion de l&rsquo;air. Oui, je sais, j&rsquo;ai pas le tr\u00e9pied, alors forc\u00e9ment c&rsquo;est moins top \ud83d\ude42<\/p>\n<p>Voici la photo avec l\u2019\u00e9chafaudage !<\/p>\n<figure id=\"attachment_6562\" aria-describedby=\"caption-attachment-6562\" style=\"width: 640px\" class=\"wp-caption aligncenter\"><a href=\"http:\/\/www.sans-avion.net\/tdm\/wp-content\/uploads\/big-3-3.jpg\"><img loading=\"lazy\" decoding=\"async\" class=\"size-large wp-image-6562\" src=\"http:\/\/www.sans-avion.net\/tdm\/wp-content\/uploads\/big-3-3-1024x768.jpg\" alt=\"big 3 (avec \u00e9chafaudage !)\" width=\"640\" height=\"480\" srcset=\"https:\/\/www.sans-avion.net\/tdm\/wp-content\/uploads\/big-3-3-1024x768.jpg 1024w, https:\/\/www.sans-avion.net\/tdm\/wp-content\/uploads\/big-3-3-300x225.jpg 300w, https:\/\/www.sans-avion.net\/tdm\/wp-content\/uploads\/big-3-3-768x576.jpg 768w, https:\/\/www.sans-avion.net\/tdm\/wp-content\/uploads\/big-3-3-360x270.jpg 360w\" sizes=\"auto, (max-width: 640px) 100vw, 640px\" \/><\/a><figcaption id=\"caption-attachment-6562\" class=\"wp-caption-text\">big 3 (avec \u00e9chafaudage et circulation au premier plan, c&rsquo;est moins joli !)<\/figcaption><\/figure>\n<p>&nbsp;<\/p>\n<figure id=\"attachment_6563\" aria-describedby=\"caption-attachment-6563\" style=\"width: 640px\" class=\"wp-caption aligncenter\"><a href=\"http:\/\/www.sans-avion.net\/tdm\/wp-content\/uploads\/big-3-1.jpg\"><img loading=\"lazy\" decoding=\"async\" class=\"size-large wp-image-6563\" src=\"http:\/\/www.sans-avion.net\/tdm\/wp-content\/uploads\/big-3-1-1024x768.jpg\" alt=\"le cimeti\u00e8re d'o\u00f9 on peut faire la photo des big 3\" width=\"640\" height=\"480\" srcset=\"https:\/\/www.sans-avion.net\/tdm\/wp-content\/uploads\/big-3-1-1024x768.jpg 1024w, https:\/\/www.sans-avion.net\/tdm\/wp-content\/uploads\/big-3-1-300x225.jpg 300w, https:\/\/www.sans-avion.net\/tdm\/wp-content\/uploads\/big-3-1-768x576.jpg 768w, https:\/\/www.sans-avion.net\/tdm\/wp-content\/uploads\/big-3-1-360x270.jpg 360w\" sizes=\"auto, (max-width: 640px) 100vw, 640px\" \/><\/a><figcaption id=\"caption-attachment-6563\" class=\"wp-caption-text\">le cimeti\u00e8re d&rsquo;o\u00f9 on peut faire la photo des big 3<\/figcaption><\/figure>\n<p>&nbsp;<\/p>\n<h2>Le Capitole, de nuit<\/h2>\n<p>Exp\u00e9dition nocturne avec Chrystel. Je trouve que c&rsquo;est plus joli.<\/p>\n<p>Juste \u00e0 c\u00f4t\u00e9, il y a la Cour Supr\u00eame des Etats-Unis.<\/p>\n<figure id=\"attachment_6564\" aria-describedby=\"caption-attachment-6564\" style=\"width: 640px\" class=\"wp-caption aligncenter\"><a href=\"http:\/\/www.sans-avion.net\/tdm\/wp-content\/uploads\/Washington-by-night-9.jpg\"><img loading=\"lazy\" decoding=\"async\" class=\"size-large wp-image-6564\" src=\"http:\/\/www.sans-avion.net\/tdm\/wp-content\/uploads\/Washington-by-night-9-1024x768.jpg\" alt=\"La Cour Supr\u00eame des Etats-Unis\" width=\"640\" height=\"480\" srcset=\"https:\/\/www.sans-avion.net\/tdm\/wp-content\/uploads\/Washington-by-night-9-1024x768.jpg 1024w, https:\/\/www.sans-avion.net\/tdm\/wp-content\/uploads\/Washington-by-night-9-300x225.jpg 300w, https:\/\/www.sans-avion.net\/tdm\/wp-content\/uploads\/Washington-by-night-9-768x576.jpg 768w, https:\/\/www.sans-avion.net\/tdm\/wp-content\/uploads\/Washington-by-night-9-360x270.jpg 360w\" sizes=\"auto, (max-width: 640px) 100vw, 640px\" \/><\/a><figcaption id=\"caption-attachment-6564\" class=\"wp-caption-text\">La Cour Supr\u00eame des Etats-Unis<\/figcaption><\/figure>\n<p>Bien s\u00fbr, c&rsquo;est tr\u00e8s n\u00e9oclassique comme style, mais c&rsquo;est un peu ce qu&rsquo;on s&rsquo;attend \u00e0 voir des monuments am\u00e9ricains. Et donc, au verso, il y a le Capitole, qui h\u00e9berge le Congr\u00e8s.<\/p>\n<figure id=\"attachment_6554\" aria-describedby=\"caption-attachment-6554\" style=\"width: 640px\" class=\"wp-caption aligncenter\"><a href=\"http:\/\/www.sans-avion.net\/tdm\/wp-content\/uploads\/Washington-by-night-8.jpg\"><img loading=\"lazy\" decoding=\"async\" class=\"size-large wp-image-6554\" src=\"http:\/\/www.sans-avion.net\/tdm\/wp-content\/uploads\/Washington-by-night-8-1024x768.jpg\" alt=\"Washington by night : le capitole c\u00f4t\u00e9 Ouest\" width=\"640\" height=\"480\" srcset=\"https:\/\/www.sans-avion.net\/tdm\/wp-content\/uploads\/Washington-by-night-8-1024x768.jpg 1024w, https:\/\/www.sans-avion.net\/tdm\/wp-content\/uploads\/Washington-by-night-8-300x225.jpg 300w, https:\/\/www.sans-avion.net\/tdm\/wp-content\/uploads\/Washington-by-night-8-768x576.jpg 768w, https:\/\/www.sans-avion.net\/tdm\/wp-content\/uploads\/Washington-by-night-8-360x270.jpg 360w\" sizes=\"auto, (max-width: 640px) 100vw, 640px\" \/><\/a><figcaption id=\"caption-attachment-6554\" class=\"wp-caption-text\">Washington by night : le capitole vu depuis la rue<\/figcaption><\/figure>\n<figure id=\"attachment_6555\" aria-describedby=\"caption-attachment-6555\" style=\"width: 640px\" class=\"wp-caption aligncenter\"><a href=\"http:\/\/www.sans-avion.net\/tdm\/wp-content\/uploads\/Washington-by-night-16.jpg\"><img loading=\"lazy\" decoding=\"async\" class=\"size-large wp-image-6555\" src=\"http:\/\/www.sans-avion.net\/tdm\/wp-content\/uploads\/Washington-by-night-16-1024x768.jpg\" alt=\"Washington by night : le capitole c\u00f4t\u00e9 Est\" width=\"640\" height=\"480\" srcset=\"https:\/\/www.sans-avion.net\/tdm\/wp-content\/uploads\/Washington-by-night-16-1024x768.jpg 1024w, https:\/\/www.sans-avion.net\/tdm\/wp-content\/uploads\/Washington-by-night-16-300x225.jpg 300w, https:\/\/www.sans-avion.net\/tdm\/wp-content\/uploads\/Washington-by-night-16-768x576.jpg 768w, https:\/\/www.sans-avion.net\/tdm\/wp-content\/uploads\/Washington-by-night-16-360x270.jpg 360w\" sizes=\"auto, (max-width: 640px) 100vw, 640px\" \/><\/a><figcaption id=\"caption-attachment-6555\" class=\"wp-caption-text\">Washington by night : le capitole c\u00f4t\u00e9 Est<\/figcaption><\/figure>\n<p>Juste sous le Capitole, il y a un petit concert public (gratuit) donn\u00e9 par des militaires. On s&rsquo;arr\u00eate deux minutes pour en profiter, la chaleur commence \u00e0 retomber, c&rsquo;est plus agr\u00e9able !<\/p>\n<figure id=\"attachment_6559\" aria-describedby=\"caption-attachment-6559\" style=\"width: 640px\" class=\"wp-caption aligncenter\"><a href=\"http:\/\/www.sans-avion.net\/tdm\/wp-content\/uploads\/Washington-by-night-18.jpg\"><img loading=\"lazy\" decoding=\"async\" class=\"size-large wp-image-6559\" src=\"http:\/\/www.sans-avion.net\/tdm\/wp-content\/uploads\/Washington-by-night-18-1024x768.jpg\" alt=\"Le Capitole vu depuis le parc o\u00f9 avait lieu le concert\" width=\"640\" height=\"480\" srcset=\"https:\/\/www.sans-avion.net\/tdm\/wp-content\/uploads\/Washington-by-night-18-1024x768.jpg 1024w, https:\/\/www.sans-avion.net\/tdm\/wp-content\/uploads\/Washington-by-night-18-300x225.jpg 300w, https:\/\/www.sans-avion.net\/tdm\/wp-content\/uploads\/Washington-by-night-18-768x576.jpg 768w, https:\/\/www.sans-avion.net\/tdm\/wp-content\/uploads\/Washington-by-night-18-360x270.jpg 360w\" sizes=\"auto, (max-width: 640px) 100vw, 640px\" \/><\/a><figcaption id=\"caption-attachment-6559\" class=\"wp-caption-text\">Le Capitole vu depuis le parc o\u00f9 avait lieu le concert (face Ouest)<\/figcaption><\/figure>\n<p><iframe loading=\"lazy\" src=\"https:\/\/www.youtube.com\/embed\/DyMEKD1WGfw?rel=0\" width=\"640\" height=\"360\" frameborder=\"0\" allowfullscreen=\"allowfullscreen\"><\/iframe>&nbsp;<\/p>\n<p>De l\u00e0, on peut voir la grande pelouse qui se d\u00e9roule jusqu&rsquo;au Washington Monument et au Lincoln Memorial : \u00e7a s&rsquo;appelle <em>le Mall<\/em> si vous voulez le d\u00e9tail \ud83d\ude09 et avec la tomb\u00e9e de la nuit la vue est splendide. Anecdote : les plans de Washington ont \u00e9t\u00e9 <a href=\"https:\/\/fr.wikipedia.org\/wiki\/Pierre_Charles_L%27Enfant\">r\u00e9alis\u00e9s par un fran\u00e7ais<\/a>, qui a donn\u00e9 son nom \u00e0 une station de m\u00e9tro aussi d&rsquo;ailleurs.<\/p>\n<figure id=\"attachment_6560\" aria-describedby=\"caption-attachment-6560\" style=\"width: 640px\" class=\"wp-caption aligncenter\"><a href=\"http:\/\/www.sans-avion.net\/tdm\/wp-content\/uploads\/Washington-by-night-20.jpg\"><img loading=\"lazy\" decoding=\"async\" class=\"size-large wp-image-6560\" src=\"http:\/\/www.sans-avion.net\/tdm\/wp-content\/uploads\/Washington-by-night-20-1024x768.jpg\" alt=\"le Washington Monument vu depuis le Capitole\" width=\"640\" height=\"480\" srcset=\"https:\/\/www.sans-avion.net\/tdm\/wp-content\/uploads\/Washington-by-night-20-1024x768.jpg 1024w, https:\/\/www.sans-avion.net\/tdm\/wp-content\/uploads\/Washington-by-night-20-300x225.jpg 300w, https:\/\/www.sans-avion.net\/tdm\/wp-content\/uploads\/Washington-by-night-20-768x576.jpg 768w, https:\/\/www.sans-avion.net\/tdm\/wp-content\/uploads\/Washington-by-night-20-360x270.jpg 360w\" sizes=\"auto, (max-width: 640px) 100vw, 640px\" \/><\/a><figcaption id=\"caption-attachment-6560\" class=\"wp-caption-text\">le Washington Monument vu depuis la colline du Capitole<\/figcaption><\/figure>\n<p>Et puisque maintenant la nuit est vraiment tomb\u00e9e, je contourne la <em>reflexion pool<\/em>&nbsp;(oui c&rsquo;est son vrai nom !) pour prendre la photo iconique du Capitole by Night.<\/p>\n<figure id=\"attachment_6565\" aria-describedby=\"caption-attachment-6565\" style=\"width: 640px\" class=\"wp-caption aligncenter\"><a href=\"http:\/\/www.sans-avion.net\/tdm\/wp-content\/uploads\/Washington-by-night-30.jpg\"><img loading=\"lazy\" decoding=\"async\" class=\"size-large wp-image-6565\" src=\"http:\/\/www.sans-avion.net\/tdm\/wp-content\/uploads\/Washington-by-night-30-1024x768.jpg\" alt=\"Washington by night : reflexion pool\" width=\"640\" height=\"480\" srcset=\"https:\/\/www.sans-avion.net\/tdm\/wp-content\/uploads\/Washington-by-night-30-1024x768.jpg 1024w, https:\/\/www.sans-avion.net\/tdm\/wp-content\/uploads\/Washington-by-night-30-300x225.jpg 300w, https:\/\/www.sans-avion.net\/tdm\/wp-content\/uploads\/Washington-by-night-30-768x576.jpg 768w, https:\/\/www.sans-avion.net\/tdm\/wp-content\/uploads\/Washington-by-night-30-360x270.jpg 360w\" sizes=\"auto, (max-width: 640px) 100vw, 640px\" \/><\/a><figcaption id=\"caption-attachment-6565\" class=\"wp-caption-text\">Washington by night : reflexion pool<\/figcaption><\/figure>\n<p>Pour avoir une photo bien nette comme \u00e7a, il faut bien s\u00fbr une pose longue, donc j&rsquo;utilise le tr\u00e9pied.<\/p>\n<blockquote><p>Hey, tu as dit que tu n&rsquo;avais pas de tr\u00e9pied ! Faudrait savoir !<\/p><\/blockquote>\n<p>Tr\u00e8s juste. Je vous dois une explication : c&rsquo;est James le coupable. En arrivant \u00e0 l&rsquo;endroit o\u00f9 j&rsquo;ai pris cette photo, je tente de faire sans tr\u00e9pied, avec un r\u00e9sultat plus de d\u00e9cevant. Mais il y avait l\u00e0 un monsieur qui semblait faire de superbes photos, et il avait un tr\u00e9pied. Le voyant ranger son appareil photo, je m&rsquo;avance et je lui demande s&rsquo;il accepterait de me laisser faire une photo en utilisant son tr\u00e9pied. Tr\u00e8s cordialement, il accepte et m&rsquo;aide dans mes r\u00e9glages. Je d\u00e9couvre alors qu&rsquo;il est photographe\/vid\u00e9aste professionnel ! On discute. Il me donne sa carte de visite, car il est de New York, et me propose de s&rsquo;y retrouver quand on visitera la grosse pomme pour faire quelques jolies photos, et discuter autour d&rsquo;un verre.<\/p>\n<p>En tout cas, il m&rsquo;a dit au bout de quelques secondes de discussions qu&rsquo;il n&rsquo;est pas un fan du pr\u00e9sident Trump. Son mot exact a \u00e9t\u00e9 : <em>asshole<\/em>&nbsp;!<\/p>\n<p>Mais ce qui est certain, c&rsquo;est qu&rsquo;une fois de plus il est facile de lier contact et de tomber sur des gens int\u00e9ressants aux Etats-Unis.<\/p>\n<h2>Et demain, \u00e0 Washington<\/h2>\n<p>Dans notre prochain article, nous allons avoir plus de d\u00e9tails sur les deux photos ci-dessous&#8230;<\/p>\n<figure id=\"attachment_6569\" aria-describedby=\"caption-attachment-6569\" style=\"width: 300px\" class=\"wp-caption alignleft\"><a href=\"http:\/\/www.sans-avion.net\/tdm\/wp-content\/uploads\/arriv\u00e9e-dArmelle-3.jpg\"><img loading=\"lazy\" decoding=\"async\" class=\"size-medium wp-image-6569\" src=\"http:\/\/www.sans-avion.net\/tdm\/wp-content\/uploads\/arriv\u00e9e-dArmelle-3-300x225.jpg\" alt=\"mais que regardent-elles comme \u00e7a ?\" width=\"300\" height=\"225\" srcset=\"https:\/\/www.sans-avion.net\/tdm\/wp-content\/uploads\/arriv\u00e9e-dArmelle-3-300x225.jpg 300w, https:\/\/www.sans-avion.net\/tdm\/wp-content\/uploads\/arriv\u00e9e-dArmelle-3-768x576.jpg 768w, https:\/\/www.sans-avion.net\/tdm\/wp-content\/uploads\/arriv\u00e9e-dArmelle-3-1024x768.jpg 1024w, https:\/\/www.sans-avion.net\/tdm\/wp-content\/uploads\/arriv\u00e9e-dArmelle-3-360x270.jpg 360w\" sizes=\"auto, (max-width: 300px) 100vw, 300px\" \/><\/a><figcaption id=\"caption-attachment-6569\" class=\"wp-caption-text\">mais que regardent-elles comme \u00e7a ?<\/figcaption><\/figure>\n<figure id=\"attachment_6570\" aria-describedby=\"caption-attachment-6570\" style=\"width: 300px\" class=\"wp-caption alignleft\"><a href=\"http:\/\/www.sans-avion.net\/tdm\/wp-content\/uploads\/arriv\u00e9e-dArmelle-4.jpg\"><img loading=\"lazy\" decoding=\"async\" class=\"size-medium wp-image-6570\" src=\"http:\/\/www.sans-avion.net\/tdm\/wp-content\/uploads\/arriv\u00e9e-dArmelle-4-300x225.jpg\" alt=\"quelle foule, mais pourquoi ?\" width=\"300\" height=\"225\" srcset=\"https:\/\/www.sans-avion.net\/tdm\/wp-content\/uploads\/arriv\u00e9e-dArmelle-4-300x225.jpg 300w, https:\/\/www.sans-avion.net\/tdm\/wp-content\/uploads\/arriv\u00e9e-dArmelle-4-768x576.jpg 768w, https:\/\/www.sans-avion.net\/tdm\/wp-content\/uploads\/arriv\u00e9e-dArmelle-4-1024x768.jpg 1024w, https:\/\/www.sans-avion.net\/tdm\/wp-content\/uploads\/arriv\u00e9e-dArmelle-4-360x270.jpg 360w\" sizes=\"auto, (max-width: 300px) 100vw, 300px\" \/><\/a><figcaption id=\"caption-attachment-6570\" class=\"wp-caption-text\">quelle foule, mais pourquoi ?<\/figcaption><\/figure>\n<p>&nbsp;<\/p>\n","protected":false},"excerpt":{"rendered":"<p>Le Capitole, symbole de la Libert\u00e9 Tout le monde connait l&rsquo;image du Capitole, c&rsquo;est (avec la Maison-Blanche) le b\u00e2timent le plus d\u00e9truit par les extra-terrestres\/terroristes\/m\u00e9chants dans les films am\u00e9ricains, donc c&rsquo;est qu&rsquo;il doit \u00eatre important. On a donc fait une visite en deux temps : une \u00e0 la tomb\u00e9e de la nuit, de l&rsquo;ext\u00e9rieur, et une de jour, \u00e0 l&rsquo;int\u00e9rieur. L\u00e0 encore, on vous fait r\u00e9server \u00e0 l&rsquo;avance des tickets par Internet, et vous vous pr\u00e9sentez pour la s\u00e9curit\u00e9 (qui&#8230;<\/p>\n<p class=\"read-more\"><a class=\"btn btn-default\" href=\"https:\/\/www.sans-avion.net\/tdm\/le-capitole-symbole-des-etats-unis\/\">Lire la suite<span class=\"screen-reader-text\"> Lire la suite<\/span><\/a><\/p>\n","protected":false},"author":1,"featured_media":6548,"comment_status":"open","ping_status":"open","sticky":false,"template":"","format":"standard","meta":{"ngg_post_thumbnail":0,"footnotes":""},"categories":[2,29],"tags":[1033,72,1035,1037,103,1036,1034,918],"class_list":["post-6453","post","type-post","status-publish","format-standard","has-post-thumbnail","hentry","category-actu-et-infos","category-usa","tag-capitole","tag-chambre","tag-coupole","tag-crypte","tag-guide-touristique","tag-rotonde","tag-senat","tag-washington"],"_links":{"self":[{"href":"https:\/\/www.sans-avion.net\/tdm\/wp-json\/wp\/v2\/posts\/6453","targetHints":{"allow":["GET"]}}],"collection":[{"href":"https:\/\/www.sans-avion.net\/tdm\/wp-json\/wp\/v2\/posts"}],"about":[{"href":"https:\/\/www.sans-avion.net\/tdm\/wp-json\/wp\/v2\/types\/post"}],"author":[{"embeddable":true,"href":"https:\/\/www.sans-avion.net\/tdm\/wp-json\/wp\/v2\/users\/1"}],"replies":[{"embeddable":true,"href":"https:\/\/www.sans-avion.net\/tdm\/wp-json\/wp\/v2\/comments?post=6453"}],"version-history":[{"count":12,"href":"https:\/\/www.sans-avion.net\/tdm\/wp-json\/wp\/v2\/posts\/6453\/revisions"}],"predecessor-version":[{"id":6572,"href":"https:\/\/www.sans-avion.net\/tdm\/wp-json\/wp\/v2\/posts\/6453\/revisions\/6572"}],"wp:featuredmedia":[{"embeddable":true,"href":"https:\/\/www.sans-avion.net\/tdm\/wp-json\/wp\/v2\/media\/6548"}],"wp:attachment":[{"href":"https:\/\/www.sans-avion.net\/tdm\/wp-json\/wp\/v2\/media?parent=6453"}],"wp:term":[{"taxonomy":"category","embeddable":true,"href":"https:\/\/www.sans-avion.net\/tdm\/wp-json\/wp\/v2\/categories?post=6453"},{"taxonomy":"post_tag","embeddable":true,"href":"https:\/\/www.sans-avion.net\/tdm\/wp-json\/wp\/v2\/tags?post=6453"}],"curies":[{"name":"wp","href":"https:\/\/api.w.org\/{rel}","templated":true}]}}