{"id":6543,"date":"2018-06-19T18:34:56","date_gmt":"2018-06-19T16:34:56","guid":{"rendered":"http:\/\/www.sans-avion.net\/tdm\/?p=6543"},"modified":"2018-06-18T02:52:19","modified_gmt":"2018-06-18T00:52:19","slug":"on-a-visite-le-pays-amish","status":"publish","type":"post","link":"https:\/\/www.sans-avion.net\/tdm\/on-a-visite-le-pays-amish\/","title":{"rendered":"On a visit\u00e9 le Pays Amish"},"content":{"rendered":"<figure id=\"attachment_6608\" aria-describedby=\"caption-attachment-6608\" style=\"width: 300px\" class=\"wp-caption alignright\"><a href=\"http:\/\/www.sans-avion.net\/tdm\/wp-content\/uploads\/secteur-Amish-3.jpg\"><img loading=\"lazy\" decoding=\"async\" class=\"wp-image-6608 size-medium\" src=\"http:\/\/www.sans-avion.net\/tdm\/wp-content\/uploads\/secteur-Amish-3-300x225.jpg\" alt=\"Attention, attelages Amish !\" width=\"300\" height=\"225\" srcset=\"https:\/\/www.sans-avion.net\/tdm\/wp-content\/uploads\/secteur-Amish-3-300x225.jpg 300w, https:\/\/www.sans-avion.net\/tdm\/wp-content\/uploads\/secteur-Amish-3-768x576.jpg 768w, https:\/\/www.sans-avion.net\/tdm\/wp-content\/uploads\/secteur-Amish-3-1024x768.jpg 1024w, https:\/\/www.sans-avion.net\/tdm\/wp-content\/uploads\/secteur-Amish-3-360x270.jpg 360w\" sizes=\"auto, (max-width: 300px) 100vw, 300px\" \/><\/a><figcaption id=\"caption-attachment-6608\" class=\"wp-caption-text\">Attention, attelages Amish !<\/figcaption><\/figure>\n<p>Les <a href=\"https:\/\/fr.wikipedia.org\/wiki\/Amish\">Amish<\/a>, c&rsquo;est une communaut\u00e9 religieuse (un brin int\u00e9griste selon mon point de vue) qui vit au XIXe si\u00e8cle. Enfin, qui refuse les trucs modernes. Bon, je trouve \u00e7a ridicule puisqu&rsquo;ils auraient pu s&rsquo;arr\u00eater plus loin niveau \u00ab\u00a0modernisme\u00a0\u00bb, et donc rejeter l&rsquo;imprimerie, ou la roue, ou carr\u00e9ment remonter dans les arbres apr\u00e8s tout, mais non. Bref, c&rsquo;est probablement parce que je n&rsquo;ai pas compris leur point de vue, qui est d&rsquo;apr\u00e8s ce que j&rsquo;ai lu nettement moins ferm\u00e9 que la secte des T\u00e9moins de J\u00e9hovah.<\/p>\n<figure id=\"attachment_6607\" aria-describedby=\"caption-attachment-6607\" style=\"width: 300px\" class=\"wp-caption alignleft\"><a href=\"http:\/\/www.sans-avion.net\/tdm\/wp-content\/uploads\/secteur-Amish-1.jpg\"><img loading=\"lazy\" decoding=\"async\" class=\"wp-image-6607 size-medium\" src=\"http:\/\/www.sans-avion.net\/tdm\/wp-content\/uploads\/secteur-Amish-1-300x225.jpg\" alt=\"Une famille Amish sur la Highway\" width=\"300\" height=\"225\" srcset=\"https:\/\/www.sans-avion.net\/tdm\/wp-content\/uploads\/secteur-Amish-1-300x225.jpg 300w, https:\/\/www.sans-avion.net\/tdm\/wp-content\/uploads\/secteur-Amish-1-768x576.jpg 768w, https:\/\/www.sans-avion.net\/tdm\/wp-content\/uploads\/secteur-Amish-1-1024x768.jpg 1024w, https:\/\/www.sans-avion.net\/tdm\/wp-content\/uploads\/secteur-Amish-1-360x270.jpg 360w\" sizes=\"auto, (max-width: 300px) 100vw, 300px\" \/><\/a><figcaption id=\"caption-attachment-6607\" class=\"wp-caption-text\">Une famille Amish sur la Highway<\/figcaption><\/figure>\n<p>En tout cas, et \u00e7a vraiment c&rsquo;est \u00e0 l&rsquo;honneur des am\u00e9ricains, ils sont admis comme tels, et on ici respecte leurs croyances et leur droit \u00e0 la diff\u00e9rence. Or, bien s\u00fbr, ils n&rsquo;ont pas de voitures : ils se d\u00e9placent avec des chariots \u00e0 cheval. Donc, comment faire pour les grosses autoroutes am\u00e9ricaines ?<\/p>\n<p>Tout simplement, on met un panneau (<a href=\"http:\/\/www.sans-avion.net\/tdm\/si-tu-ne-sais-pas-lire-ne-conduis-pas-ici\/\">sans texte, hein !<\/a>) qui pr\u00e9vient les automobilistes et camionneurs en folie (ah, je ne vous ai pas dit, ici les camions roulent aussi vite que les voitures, et m\u00eame souvent un peu plus d&rsquo;ailleurs), et on en voit souvent. Parfois aussi \u00e0 pied. Bref, c&rsquo;est le pays Amish.<\/p>\n<p>Pourquoi pas, hein !<\/p>\n<p>&nbsp;<\/p>\n","protected":false},"excerpt":{"rendered":"<p>Les Amish, c&rsquo;est une communaut\u00e9 religieuse (un brin int\u00e9griste selon mon point de vue) qui vit au XIXe si\u00e8cle. Enfin, qui refuse les trucs modernes. Bon, je trouve \u00e7a ridicule puisqu&rsquo;ils auraient pu s&rsquo;arr\u00eater plus loin niveau \u00ab\u00a0modernisme\u00a0\u00bb, et donc rejeter l&rsquo;imprimerie, ou la roue, ou carr\u00e9ment remonter dans les arbres apr\u00e8s tout, mais non. Bref, c&rsquo;est probablement parce que je n&rsquo;ai pas compris leur point de vue, qui est d&rsquo;apr\u00e8s ce que j&rsquo;ai lu nettement moins ferm\u00e9 que la&#8230;<\/p>\n<p class=\"read-more\"><a class=\"btn btn-default\" href=\"https:\/\/www.sans-avion.net\/tdm\/on-a-visite-le-pays-amish\/\">Lire la suite<span class=\"screen-reader-text\"> Lire la suite<\/span><\/a><\/p>\n","protected":false},"author":1,"featured_media":0,"comment_status":"open","ping_status":"open","sticky":false,"template":"","format":"standard","meta":{"ngg_post_thumbnail":0,"footnotes":""},"categories":[2,29],"tags":[1041,1042],"class_list":["post-6543","post","type-post","status-publish","format-standard","hentry","category-actu-et-infos","category-usa","tag-amish","tag-religion"],"_links":{"self":[{"href":"https:\/\/www.sans-avion.net\/tdm\/wp-json\/wp\/v2\/posts\/6543","targetHints":{"allow":["GET"]}}],"collection":[{"href":"https:\/\/www.sans-avion.net\/tdm\/wp-json\/wp\/v2\/posts"}],"about":[{"href":"https:\/\/www.sans-avion.net\/tdm\/wp-json\/wp\/v2\/types\/post"}],"author":[{"embeddable":true,"href":"https:\/\/www.sans-avion.net\/tdm\/wp-json\/wp\/v2\/users\/1"}],"replies":[{"embeddable":true,"href":"https:\/\/www.sans-avion.net\/tdm\/wp-json\/wp\/v2\/comments?post=6543"}],"version-history":[{"count":2,"href":"https:\/\/www.sans-avion.net\/tdm\/wp-json\/wp\/v2\/posts\/6543\/revisions"}],"predecessor-version":[{"id":6609,"href":"https:\/\/www.sans-avion.net\/tdm\/wp-json\/wp\/v2\/posts\/6543\/revisions\/6609"}],"wp:attachment":[{"href":"https:\/\/www.sans-avion.net\/tdm\/wp-json\/wp\/v2\/media?parent=6543"}],"wp:term":[{"taxonomy":"category","embeddable":true,"href":"https:\/\/www.sans-avion.net\/tdm\/wp-json\/wp\/v2\/categories?post=6543"},{"taxonomy":"post_tag","embeddable":true,"href":"https:\/\/www.sans-avion.net\/tdm\/wp-json\/wp\/v2\/tags?post=6543"}],"curies":[{"name":"wp","href":"https:\/\/api.w.org\/{rel}","templated":true}]}}