{"id":4,"name":"Chlo\u00e9","url":"","description":"Hallo ich hei\u00dfe Chlo\u00e9!\r\nJe sais parler fran\u00e7ais!\ud83d\ude07","link":"https:\/\/www.sans-avion.net\/tdm\/author\/chloe_tdm\/","slug":"chloe_tdm","avatar_urls":{"24":"https:\/\/secure.gravatar.com\/avatar\/f5d09f70f08524be7eb692e33f8d5bda64f00c20b47d73b8ef926f447ac1cec7?s=24&d=blank&r=g","48":"https:\/\/secure.gravatar.com\/avatar\/f5d09f70f08524be7eb692e33f8d5bda64f00c20b47d73b8ef926f447ac1cec7?s=48&d=blank&r=g","96":"https:\/\/secure.gravatar.com\/avatar\/f5d09f70f08524be7eb692e33f8d5bda64f00c20b47d73b8ef926f447ac1cec7?s=96&d=blank&r=g"},"meta":[],"_links":{"self":[{"href":"https:\/\/www.sans-avion.net\/tdm\/wp-json\/wp\/v2\/users\/4","targetHints":{"allow":["GET"]}}],"collection":[{"href":"https:\/\/www.sans-avion.net\/tdm\/wp-json\/wp\/v2\/users"}]}}